{"id":16454,"date":"2025-04-11T03:46:19","date_gmt":"2025-04-11T03:46:19","guid":{"rendered":"https:\/\/www.europesays.com\/fr\/16454\/"},"modified":"2025-04-11T03:46:19","modified_gmt":"2025-04-11T03:46:19","slug":"polene-inaugure-son-flagship-parisien-des-champs-elysees","status":"publish","type":"post","link":"https:\/\/www.europesays.com\/fr\/16454\/","title":{"rendered":"Pol\u00e8ne inaugure son flagship parisien des Champs-Elys\u00e9es"},"content":{"rendered":"<p class=\"article-content col-md-8 offset-md-1\">\n                                <a href=\"https:\/\/fr.fashionnetwork.com\/news\/Apres-londres-polene-devoile-une-partie-de-son-flagship-des-champs-elysees,1687268.html\" target=\"_blank\" rel=\"noopener\">Apr\u00e8s une ouverture partielle en d\u00e9cembre dernier<\/a>, Pol\u00e8ne d\u00e9voile l\u2019int\u00e9gralit\u00e9 de son flagship parisien du 2, rond-point des Champs-Elys\u00e9es, dans le VIIIe arrondissement. Ce magasin amiral de 450 m\u00e8tres carr\u00e9s, r\u00e9partis sur deux niveaux, est un \u00e9crin minimaliste et graphique pour les collections de sacs, de petite maroquinerie et de bijoux de la marque fran\u00e7aise \u00e0 succ\u00e8s.<\/p>\n<p><img decoding=\"async\" class=\"news-image\" style=\"width:100%;max-width:691px;\" src=\"https:\/\/www.europesays.com\/fr\/wp-content\/uploads\/2025\/04\/3613.jpeg\" alt=\"Le flagship parisien de la maison Pol\u00e8ne\" loading=\"lazy\"\/>Le flagship parisien de la maison Pol\u00e8ne &#8211; DR<\/p>\n<p class=\"col-md-8 offset-md-1 article-content--texte\">Confi\u00e9e au cabinet d\u2019architecture cor\u00e9en WGNB, \u00e9galement \u00e0 l\u2019origine des boutiques de S\u00e9oul et Londres de Pol\u00e8ne, la boutique des Champs-\u00c9lys\u00e9es r\u00e9v\u00e8le d\u00e8s l\u2019entr\u00e9e des colonnes de pr\u00e8s de cinq m\u00e8tres de hauteur. Les d\u00f4mes successifs qui s\u00e9quencent le lieu font pour leur part \u00e9cho au travail sur les courbes ch\u00e8res \u00e0 la marque. Les collections de maroquinerie pens\u00e9es \u00e0 Paris et con\u00e7ues \u00e0 Ubrique en Espagne, s\u2019exposent sur de fines \u00e9tag\u00e8res de travertin.<\/p>\n<p>\u00ab\u00a0Sculpt\u00e9es dans un bois de ch\u00eane par l\u2019\u00e9b\u00e9niste Robin Poupard, les tables sont recouvertes d\u2019un plateau en chutes de cuir compress\u00e9es, issues des archives de la maison. Cette valorisation du cuir se poursuit au comptoir de caisse, gain\u00e9 de LeatherStone par Elodie Michaud et Rebecca Fezard \u00e0 la t\u00eate de Hors Studio qui a invent\u00e9 un composant d\u2019un genre nouveau, transformant le cuir en pierre pour obtenir un aspect min\u00e9ral\u00a0\u00bb, d\u00e9taille la marque dans un communiqu\u00e9.<\/p>\n<p><img decoding=\"async\" class=\"news-image\" style=\"width:100%;max-width:691px;\" src=\"https:\/\/www.europesays.com\/fr\/wp-content\/uploads\/2025\/04\/7271.jpeg\" alt=\"Le premier niveau du magasin Pol\u00e8ne sur les Champs-Elys\u00e9es\" loading=\"lazy\"\/>Le premier niveau du magasin Pol\u00e8ne sur les Champs-Elys\u00e9es &#8211; DR<\/p>\n<p class=\"col-md-8 offset-md-1 article-content--texte\">A l\u2019\u00e9tage un canap\u00e9 circulaire compos\u00e9 de tubes de cuir cr\u00e9\u00e9 par la designer Marianna Ladreyt accueille les visiteurs. Sur ce m\u00eame niveau, pour mettre \u00e0 l\u2019honneur les bijoux, Pol\u00e8ne a fait appel \u00e0 l\u2019architecte et c\u00e9ramiste Cl\u00e9mentine Debaere-Lewandowski qui a fabriqu\u00e9 une table compos\u00e9e de 500 pi\u00e8ces en gr\u00e8s blanc.<\/p>\n<p><img decoding=\"async\" class=\"news-image\" style=\"width:100%;max-width:800px;\" src=\"https:\/\/www.europesays.com\/fr\/wp-content\/uploads\/2025\/04\/fb64.jpeg\" alt=\"A l'\u00e9tage du magasin Pol\u00e8ne\" loading=\"lazy\"\/>A l&rsquo;\u00e9tage du magasin Pol\u00e8ne &#8211; DR<\/p>\n<p class=\"col-md-8 offset-md-1 article-content--texte\">Fond\u00e9e en 2016 par Antoine, Mathieu et Elsa Mothay, deux fr\u00e8res et une s\u0153ur, \u00e9galement petits-enfants du cr\u00e9ateur de Saint James, la marque Pol\u00e8ne, qui cultive la discr\u00e9tion, a vu entrer en ao\u00fbt dernier L Catterton, le fonds d\u2019investissement de LVMH, \u00e0 son capital.<\/p>\n<p>N\u00e9e sur le web, la DNVB a r\u00e9alis\u00e9 en 2023, selon les documents l\u00e9gaux, un chiffre d\u2019affaires de 143 millions d\u2019euros, dont 28% via ses boutiques. Un parc qui devrait encore se renforcer avec des ouvertures pr\u00e9vues en Allemagne, l\u2019un de ses principaux march\u00e9s, mais \u00e9galement aux \u00c9tats-Unis. La marque pr\u00e9voit ainsi des ouvertures d\u00e8s cette ann\u00e9e \u00e0 Hambourg, Copenhague et Milan.<br \/>\u00a0<br \/>\u00a0\n                            <\/p>\n<p>\n                                Tous droits de reproduction et de repr\u00e9sentation r\u00e9serv\u00e9s.<br \/>\u00a9 2025 FashionNetwork.com\n                            <\/p>\n","protected":false},"excerpt":{"rendered":"Apr\u00e8s une ouverture partielle en d\u00e9cembre dernier, Pol\u00e8ne d\u00e9voile l\u2019int\u00e9gralit\u00e9 de son flagship parisien du 2, rond-point des&hellip;\n","protected":false},"author":2,"featured_media":16455,"comment_status":"","ping_status":"","sticky":false,"template":"","format":"standard","meta":{"footnotes":""},"categories":[1888],"tags":[11,2424,537,2423,1777,674,1011,27,2425,985,12,2298,626,2426,2427,25,2421,2422],"class_list":{"0":"post-16454","1":"post","2":"type-post","3":"status-publish","4":"format-standard","5":"has-post-thumbnail","7":"category-paris","8":"tag-actualites","9":"tag-beaute","10":"tag-contact","11":"tag-cosmetiques","12":"tag-eu","13":"tag-europe","14":"tag-fr","15":"tag-france","16":"tag-luxe","17":"tag-mode","18":"tag-news","19":"tag-parfum","20":"tag-paris","21":"tag-professionnel","22":"tag-professionnels","23":"tag-republique-francaise","24":"tag-reseau","25":"tag-textile"},"share_on_mastodon":{"url":"https:\/\/pubeurope.com\/@fr\/114317281790844117","error":""},"_links":{"self":[{"href":"https:\/\/www.europesays.com\/fr\/wp-json\/wp\/v2\/posts\/16454","targetHints":{"allow":["GET"]}}],"collection":[{"href":"https:\/\/www.europesays.com\/fr\/wp-json\/wp\/v2\/posts"}],"about":[{"href":"https:\/\/www.europesays.com\/fr\/wp-json\/wp\/v2\/types\/post"}],"author":[{"embeddable":true,"href":"https:\/\/www.europesays.com\/fr\/wp-json\/wp\/v2\/users\/2"}],"replies":[{"embeddable":true,"href":"https:\/\/www.europesays.com\/fr\/wp-json\/wp\/v2\/comments?post=16454"}],"version-history":[{"count":0,"href":"https:\/\/www.europesays.com\/fr\/wp-json\/wp\/v2\/posts\/16454\/revisions"}],"wp:featuredmedia":[{"embeddable":true,"href":"https:\/\/www.europesays.com\/fr\/wp-json\/wp\/v2\/media\/16455"}],"wp:attachment":[{"href":"https:\/\/www.europesays.com\/fr\/wp-json\/wp\/v2\/media?parent=16454"}],"wp:term":[{"taxonomy":"category","embeddable":true,"href":"https:\/\/www.europesays.com\/fr\/wp-json\/wp\/v2\/categories?post=16454"},{"taxonomy":"post_tag","embeddable":true,"href":"https:\/\/www.europesays.com\/fr\/wp-json\/wp\/v2\/tags?post=16454"}],"curies":[{"name":"wp","href":"https:\/\/api.w.org\/{rel}","templated":true}]}}