{"id":164543,"date":"2025-06-10T01:31:36","date_gmt":"2025-06-10T01:31:36","guid":{"rendered":"https:\/\/www.europesays.com\/fr\/164543\/"},"modified":"2025-06-10T01:31:36","modified_gmt":"2025-06-10T01:31:36","slug":"toulon-ressort-nonu-face-a-bayonne","status":"publish","type":"post","link":"https:\/\/www.europesays.com\/fr\/164543\/","title":{"rendered":"Toulon ressort Nonu face \u00e0 Bayonne"},"content":{"rendered":"<p>Pour le dernier match de la saison r\u00e9guli\u00e8re, samedi soir, Pierre Mignoni titularise une paire All Blacks au centre.<\/p>\n<p class=\"fig-paragraph\">La l\u00e9gende et l\u2019\u00e9l\u00e8ve. Pour le d\u00e9placement \u00e0 Bayonne, samedi soir, le RCT se pr\u00e9sente avec une paire de All Blacks au centre\u00a0: Nonu (43 ans) et Fainga\u2019anuku (25 ans). Avec Wainiqolo et Villi\u00e8re aux ailes, Jaminet \u00e0 l\u2019arri\u00e8re, les ambitions sont clairement affich\u00e9es ;<\/p>\n<p class=\"fig-paragraph\">L\u2019\u00c9cossais Ben White et l\u2019Italien Paolo Garbisi forment la charni\u00e8re, Baptiste Serin commen\u00e7ant la rencontre sur le banc.<\/p>\n","protected":false},"excerpt":{"rendered":"Pour le dernier match de la saison r\u00e9guli\u00e8re, samedi soir, Pierre Mignoni titularise une paire All Blacks au&hellip;\n","protected":false},"author":2,"featured_media":164544,"comment_status":"","ping_status":"","sticky":false,"template":"","format":"standard","meta":{"footnotes":""},"categories":[9619],"tags":[1111,11,4736,525,4590,1981,2313,814,1777,674,1011,27,955,12,4589,882,2311,3461,25,1980,479,10405,2259,478,2310,2312],"class_list":{"0":"post-164543","1":"post","2":"type-post","3":"status-publish","4":"format-standard","5":"has-post-thumbnail","7":"category-toulon","8":"tag-actu","9":"tag-actualites","10":"tag-aviron-bayonnais","11":"tag-calendrier","12":"tag-championnat-france","13":"tag-classement","14":"tag-clermont","15":"tag-direct","16":"tag-eu","17":"tag-europe","18":"tag-fr","19":"tag-france","20":"tag-match","21":"tag-news","22":"tag-phase-finale","23":"tag-provence-alpes-cote-dazur","24":"tag-racing","25":"tag-rct","26":"tag-republique-francaise","27":"tag-resultats","28":"tag-rugby","29":"tag-rugby-club-toulonnais","30":"tag-score","31":"tag-top-14","32":"tag-toulon","33":"tag-toulouse"},"share_on_mastodon":{"url":"https:\/\/pubeurope.com\/@fr\/114656489231935422","error":""},"_links":{"self":[{"href":"https:\/\/www.europesays.com\/fr\/wp-json\/wp\/v2\/posts\/164543","targetHints":{"allow":["GET"]}}],"collection":[{"href":"https:\/\/www.europesays.com\/fr\/wp-json\/wp\/v2\/posts"}],"about":[{"href":"https:\/\/www.europesays.com\/fr\/wp-json\/wp\/v2\/types\/post"}],"author":[{"embeddable":true,"href":"https:\/\/www.europesays.com\/fr\/wp-json\/wp\/v2\/users\/2"}],"replies":[{"embeddable":true,"href":"https:\/\/www.europesays.com\/fr\/wp-json\/wp\/v2\/comments?post=164543"}],"version-history":[{"count":0,"href":"https:\/\/www.europesays.com\/fr\/wp-json\/wp\/v2\/posts\/164543\/revisions"}],"wp:featuredmedia":[{"embeddable":true,"href":"https:\/\/www.europesays.com\/fr\/wp-json\/wp\/v2\/media\/164544"}],"wp:attachment":[{"href":"https:\/\/www.europesays.com\/fr\/wp-json\/wp\/v2\/media?parent=164543"}],"wp:term":[{"taxonomy":"category","embeddable":true,"href":"https:\/\/www.europesays.com\/fr\/wp-json\/wp\/v2\/categories?post=164543"},{"taxonomy":"post_tag","embeddable":true,"href":"https:\/\/www.europesays.com\/fr\/wp-json\/wp\/v2\/tags?post=164543"}],"curies":[{"name":"wp","href":"https:\/\/api.w.org\/{rel}","templated":true}]}}