{"id":164547,"date":"2025-06-10T01:33:49","date_gmt":"2025-06-10T01:33:49","guid":{"rendered":"https:\/\/www.europesays.com\/fr\/164547\/"},"modified":"2025-06-10T01:33:49","modified_gmt":"2025-06-10T01:33:49","slug":"printemps-des-comediens-a-montpellier-entre-chaos-du-present-et-hommage-a-duras","status":"publish","type":"post","link":"https:\/\/www.europesays.com\/fr\/164547\/","title":{"rendered":"Printemps des Com\u00e9diens \u00e0 Montpellier : entre chaos du pr\u00e9sent et hommage \u00e0 Duras"},"content":{"rendered":"<p>Le duo Nathalie Garraud-Olivier Saccomano s\u2019interroge sur notre XXIe si\u00e8cle tandis que Julien Gosselin revient sur le XXe via le g\u00e9nie de la prose au scalpel de la grande Marguerite.<\/p>\n<p>Avec une dizaine de jeunes com\u00e9dien\u00b7nes, <a href=\"https:\/\/www.lesinrocks.com\/arts-et-scenes\/au-theatre-linstitut-ophelie-porte-haut-la-cause-des-femmes-527675-13-01-2023\/\" target=\"_blank\" rel=\"noopener\">Olivier Saccomano<\/a> (\u00e0 l\u2019\u00e9criture) et Nathalie Garraud (\u00e0 la mise en sc\u00e8ne) rel\u00e8vent le d\u00e9fi dans Monde nouveau de tirer l\u2019instantan\u00e9 d\u2019un portrait de groupe du temps pr\u00e9sent. Faire le point sur aujourd\u2019hui n\u00e9cessite de changer souvent de focale. Passer du d\u00e9tail au plan large, de l\u2019imm\u00e9diat au m\u00e9moriel, s\u2019appuie sur autant de flashs m\u00e9taphoriques.<\/p>\n<p>Femme de chambre dans l\u2019h\u00f4tellerie, leur Alice plonge dans un monde minut\u00e9 o\u00f9 tout est fait pour la mettre en retard. Un royaume o\u00f9 le monarque a la silhouette de <a href=\"https:\/\/www.lesinrocks.com\/societe\/donald-trump-quelles-nationalites-sont-interdites-dentrer-aux-etats-unis-666715-05-06-2025\/\" target=\"_blank\" rel=\"noopener\">Trump<\/a>, o\u00f9 la reine en lam\u00e9 s\u2019appelle <a href=\"https:\/\/www.lesinrocks.com\/actu\/ce-quil-faut-savoir-sur-giorgia-meloni-leader-de-lextreme-droite-italienne-501759-28-09-2022\/\" target=\"_blank\" rel=\"noopener\">Giorgia<\/a> et le valet hyst\u00e9rique <a href=\"https:\/\/www.lesinrocks.com\/cinema\/argentine-la-politique-de-javier-milei-sen-prend-ferocement-au-cinema-613060-18-03-2024\/\" target=\"_blank\" rel=\"noopener\">Javier<\/a>. Dans cet univers, les machines gouvernent les actions humaines. R\u00eaver d\u2019un Eden pour demain convoque la folie des \u00eatres en \u00e9voquant le fameux Jardin des d\u00e9lices de <a href=\"https:\/\/www.lesinrocks.com\/cinema\/mystere-jerome-bosch-18232-21-10-2016\/\" target=\"_blank\" rel=\"noopener\">J\u00e9r\u00f4me Bosch<\/a>. Une mani\u00e8re ludique de toucher du doigt les milles et une raisons d\u2019aller droit dans le mur.<\/p>\n<p>Sublimer Duras<\/p>\n<p>Avec Mus\u00e9e Duras, <a href=\"https:\/\/www.lesinrocks.com\/arts-et-scenes\/julien-gosselin-montrer-le-theatre-international-cest-nourrir-les-jeunes-artistes-francais-666138-26-05-2025\/\" target=\"_blank\" rel=\"noopener\">Julien Gosselin<\/a> entraine la promotion 2025 du Conservatoire national sup\u00e9rieur d\u2019art dramatique de Paris dans le projet fastueux d\u2019un spectacle fleuve de dix heures consacrant l\u2019impudeur \u00e9clairante de l\u2019\u00e9criture de <a href=\"https:\/\/www.lesinrocks.com\/livres\/en-1984-lamant-de-duras-recevait-le-goncourt-un-acte-subversif-633880-06-11-2024\/\" target=\"_blank\" rel=\"noopener\">Marguerite Duras<\/a>. La simplicit\u00e9 du cadre sc\u00e9nographique se r\u00e9sume \u00e0 un long plateau blanc et nu flanqu\u00e9 de deux gradins surmont\u00e9s de vastes \u00e9crans pour permettre de situer le propos entre performance, th\u00e9\u00e2tre, cin\u00e9ma et concert. Jouant de cette proximit\u00e9, le public devient un partenaire privil\u00e9gi\u00e9 invit\u00e9 \u00e0 quitter les gradins pour occuper l\u2019espace du jeu. Les \u0153uvres s\u00e9lectionn\u00e9es composent une enfilade de salles d\u00e9di\u00e9es.<\/p>\n<p>Cette aventure au long cours en terres durassiennes explore les nombreux champs d\u2019int\u00e9r\u00eats de l\u2019autrice. Violence sans fard des rapports amoureux, d\u00e9chirantes confessions autobiographiques, go\u00fbt de Duras pour la valeur insondable du fait divers. Sa stature internationale s\u2019exprime \u00e0 travers l\u2019usage que les interpr\u00e8tes font de l\u2019anglais ou de l\u2019arabe pour bousculer les textes au plus pr\u00e8s d\u2019eux-m\u00eames. Ainsi, on va passer de la quasi-pornographie de L\u2019Homme assis dans le couloir \u00e0 la sid\u00e9ration d\u00e9nonciatrice d\u2019<a href=\"https:\/\/www.lesinrocks.com\/cinema\/cinema-md-100621-06-12-2014\/\" target=\"_blank\" rel=\"noopener\">Hiroshima mon amour<\/a>, du journal de bord de <a href=\"https:\/\/www.lesinrocks.com\/cinema\/la-douleur-130580-19-01-2018\/\" target=\"_blank\" rel=\"noopener\">La Douleur<\/a>, retour de l\u2019\u00eatre aim\u00e9 rong\u00e9 par la mort apr\u00e8s avoir \u00e9chapp\u00e9 \u00e0 celle-ci dans les camps de concentration, au r\u00e9cit sensuel d\u2019un premier amour adolescent dans L\u2019Amant\u2026 Purement bouleversant, ce Mus\u00e9e Duras touche au c\u0153ur \u00e0 chaque instant.<\/p>\n<p><strong>Printemps des Com\u00e9diens, Montpellier jusqu\u2019au 13 juin.<\/strong><\/p>\n<p><strong>Monde nouveau de Nathalie Garraud et Olivier Saccomano, les 19 et 20 novembre \u00e0 la Sc\u00e8ne Nationale d\u2019Albi-Tarn. En tourn\u00e9e jusqu\u2019au 16 avril 2026.<\/strong><\/p>\n<p><strong>Mus\u00e9e Duras d\u2019apr\u00e8s Marguerite Duras, mise en sc\u00e8ne Julien Gosselin, du 9 au 30 novembre \u00e0 l\u2019Od\u00e9on-Th\u00e9\u00e2tre de L\u2019Europe, Ateliers Berthier, Paris XVIIe.<\/strong><\/p>\n","protected":false},"excerpt":{"rendered":"Le duo Nathalie Garraud-Olivier Saccomano s\u2019interroge sur notre XXIe si\u00e8cle tandis que Julien Gosselin revient sur le XXe&hellip;\n","protected":false},"author":2,"featured_media":164548,"comment_status":"","ping_status":"","sticky":false,"template":"","format":"standard","meta":{"footnotes":""},"categories":[9599],"tags":[1111,11,1777,674,1011,27,29769,29770,2208,12,2680,29771,25],"class_list":{"0":"post-164547","1":"post","2":"type-post","3":"status-publish","4":"format-standard","5":"has-post-thumbnail","7":"category-montpellier","8":"tag-actu","9":"tag-actualites","10":"tag-eu","11":"tag-europe","12":"tag-fr","13":"tag-france","14":"tag-julien-gosselin","15":"tag-marguerite-duras","16":"tag-montpellier","17":"tag-news","18":"tag-occitanie","19":"tag-printemps-des-comu00e9diens","20":"tag-republique-francaise"},"share_on_mastodon":{"url":"https:\/\/pubeurope.com\/@fr\/114656501118752447","error":""},"_links":{"self":[{"href":"https:\/\/www.europesays.com\/fr\/wp-json\/wp\/v2\/posts\/164547","targetHints":{"allow":["GET"]}}],"collection":[{"href":"https:\/\/www.europesays.com\/fr\/wp-json\/wp\/v2\/posts"}],"about":[{"href":"https:\/\/www.europesays.com\/fr\/wp-json\/wp\/v2\/types\/post"}],"author":[{"embeddable":true,"href":"https:\/\/www.europesays.com\/fr\/wp-json\/wp\/v2\/users\/2"}],"replies":[{"embeddable":true,"href":"https:\/\/www.europesays.com\/fr\/wp-json\/wp\/v2\/comments?post=164547"}],"version-history":[{"count":0,"href":"https:\/\/www.europesays.com\/fr\/wp-json\/wp\/v2\/posts\/164547\/revisions"}],"wp:featuredmedia":[{"embeddable":true,"href":"https:\/\/www.europesays.com\/fr\/wp-json\/wp\/v2\/media\/164548"}],"wp:attachment":[{"href":"https:\/\/www.europesays.com\/fr\/wp-json\/wp\/v2\/media?parent=164547"}],"wp:term":[{"taxonomy":"category","embeddable":true,"href":"https:\/\/www.europesays.com\/fr\/wp-json\/wp\/v2\/categories?post=164547"},{"taxonomy":"post_tag","embeddable":true,"href":"https:\/\/www.europesays.com\/fr\/wp-json\/wp\/v2\/tags?post=164547"}],"curies":[{"name":"wp","href":"https:\/\/api.w.org\/{rel}","templated":true}]}}