{"id":164551,"date":"2025-06-10T01:37:45","date_gmt":"2025-06-10T01:37:45","guid":{"rendered":"https:\/\/www.europesays.com\/fr\/164551\/"},"modified":"2025-06-10T01:37:45","modified_gmt":"2025-06-10T01:37:45","slug":"montauban-fait-chuter-grenoble-et-decroche-une-montee-inesperee-en-top-14","status":"publish","type":"post","link":"https:\/\/www.europesays.com\/fr\/164551\/","title":{"rendered":"Montauban fait chuter Grenoble et d\u00e9croche une mont\u00e9e inesp\u00e9r\u00e9e en Top 14"},"content":{"rendered":"<p><strong>Grenoble\u00a0&#8211; Montauban\u00a0: 19-24<\/strong><\/p>\n<p>Quinze ans apr\u00e8s, Montauban est de retour en Top\u00a014. Et de la plus belle des mani\u00e8res en s\u2019imposant en finale de Pro D2, ce samedi, face \u00e0 Grenoble.\u00a0Sauv\u00e9s de la rel\u00e9gation en barrage d\u2019accession il y a un an, seulement sixi\u00e8mes \u00e0 la fin de la saison r\u00e9guli\u00e8re cette saison, les Montalbanais ont fait tomber au bout du suspense le leader du championnat.<\/p>\n<p>L\u2019USM a une nouvelle fois confirm\u00e9 qu\u2019elle \u00e9tait irr\u00e9sistible en ce printemps 2025\u00a0: apr\u00e8s \u00eatre all\u00e9e s\u2019imposer sur la pelouse de Colomiers, troisi\u00e8me, en barrage, puis avoir \u00e9cart\u00e9 en demi-finale le deuxi\u00e8me, Brive, en Corr\u00e8ze, elle s\u2019est offert le scalp du leader dans une finale haletante.<\/p>\n<p>Les Grenoblois, eux, ont une nouvelle fois \u00e9t\u00e9 les victimes d\u2019un cruel signe indien, ou plut\u00f4t toulousain, apr\u00e8s s\u2019\u00eatre inclin\u00e9s \u00e0 Ernest-Wallon en finale de Pro D2 ces deux derni\u00e8res saisons. Pire, les Is\u00e9rois avaient \u00e9galement chut\u00e9 lors des matchs d\u2019accession, domin\u00e9s par Perpignan en 2023 puis par Montpellier l\u2019ann\u00e9e derni\u00e8re.<\/p>\n<p>L\u2019occasion semblait pourtant belle pour Grenoble, ultra-favori de la finale face \u00e0 une \u00e9quipe qui avait sauv\u00e9 sa peau en Pro\u00a0D2 en match d\u2019accession contre Narbonne un an plus t\u00f4t.<\/p>\n<p>Bosviel imp\u00e9rial<\/p>\n<p>Dominateur dans le premier acte, le FCG n\u2019a cependant pas su prendre le large, et est rest\u00e9 \u00e0 la merci du pied diabolique de J\u00e9r\u00f4me Bosviel, l\u2019ouvreur sapiacais, meilleur r\u00e9alisateur de l\u2019histoire de la Pro\u00a0D2 (6-6, 31e).<\/p>\n<p>Les joueurs du manageur S\u00e9bastien Tillous-Borde ont alors pris la mesure de l\u2019\u00e9v\u00e9nement, et sont pass\u00e9s devant apr\u00e8s une superbe s\u00e9quence collective qui les a vus balayer la largeur du terrain \u00e0 deux reprises avant que le troisi\u00e8me ligne sud-africain Sikhumbuzo Notshe (6-11, 37e) n&rsquo;aille marquer.<\/p>\n<p>Preuve de leur confiance, les Montalbanais ont renforc\u00e9 leur mainmise avec leur arme pr\u00e9f\u00e9r\u00e9e\u00a0: apr\u00e8s la fin du temps r\u00e9glementaire de la premi\u00e8re p\u00e9riode, Bosviel a envoy\u00e9 un drop entre les perches, le 14e de la saison pour sa formation, permettant aux siens de compter huit points d\u2019avance \u00e0 la mi-temps (6-14).<\/p>\n<p>La t\u00eate basse, les Is\u00e9rois ont vu le spectre des ann\u00e9es pass\u00e9es appara\u00eetre face \u00e0 eux. Et la pression s\u2019est accentu\u00e9e au retour des vestiaires, apr\u00e8s un contre terrible de 80\u00a0m qui a vu le capitaine de l\u2019USM, Fred Quercy, aller aplatir dans l\u2019en-but du FCG et donner 15 points d\u2019avance \u00e0 son \u00e9quipe (6-21, 48e).<\/p>\n<p>Un soutien venu des tribunes<\/p>\n<p>Les Grenoblois ont su r\u00e9agir, r\u00e9pondant vite avec un essai de leur ailier Wilfried Hulleu. L\u2019ouvreur gallois Sam Davies a ensuite permis au FCG de r\u00e9duire son retard, avec deux p\u00e9nalit\u00e9s sanctionnant l\u2019indiscipline de Montalbanais en souffrance sur le plan physique (19-21, 62e).<\/p>\n<p>Mais les Rouge et Bleu n\u2019ont pas r\u00e9ussi \u00e0 maintenir la pression, \u00e9garant neuf points au pied et se perdant dans des choix peu judicieux. \u00c0 l\u2019inverse, les Tarn-et-Garonnais ont fait preuve d\u2019un r\u00e9alisme froid surprenant pour une \u00e9quipe pas destin\u00e9e \u00e0 jouer les premiers r\u00f4les.<\/p>\n<p>Soutenus par une impressionnante cohorte verte et noire, qui avait fait les 50 kilom\u00e8tres s\u00e9parant Montauban de la Ville Rose, les Montalbanais ont profit\u00e9 de la premi\u00e8re faute grenobloise du deuxi\u00e8me acte \u00e0 la 74e. Thomas Fortunel, l\u2019ouvreur rempla\u00e7ant, a envoy\u00e9 une p\u00e9nalit\u00e9 de 50\u00a0m entre les poteaux, redonnant cinq points d\u2019avance \u00e0 l\u2019USM. Un avantage suffisant pour tenir bon, et aller voir \u00e0 l\u2019\u00e9tage sup\u00e9rieur si la magie montalbanaise peut op\u00e9rer, l\u2019ann\u00e9e prochaine.<\/p>\n<p><strong>Mi-temps<\/strong>\u00a0: 6-14.<br \/><strong>Arbitre<\/strong>\u00a0: M.\u00a0Ramos.<br \/><strong>Grenoble<\/strong>\u00a0: 1E Hulleu (48e)\u00a0; 1T Davies (48e)\u00a0; 4P Trouilloud (15e), Davies (23e, 59e, 61e).<br \/><strong>Montauban<\/strong>\u00a0: 2E Notshe (37e), Quercy (44e)\u00a0; 1T Bosviel (44e)\u00a0; 3P Bosviel (27e, 31e), Fortunel (74e)\u00a0; 1D Bosviel (40e).<\/p>\n","protected":false},"excerpt":{"rendered":"Grenoble\u00a0&#8211; Montauban\u00a0: 19-24 Quinze ans apr\u00e8s, Montauban est de retour en Top\u00a014. Et de la plus belle des&hellip;\n","protected":false},"author":2,"featured_media":164552,"comment_status":"","ping_status":"","sticky":false,"template":"","format":"standard","meta":{"footnotes":""},"categories":[9566],"tags":[1111,11,2430,1777,674,1011,27,2731,12,25,479,60,478],"class_list":{"0":"post-164551","1":"post","2":"type-post","3":"status-publish","4":"format-standard","5":"has-post-thumbnail","7":"category-grenoble","8":"tag-actu","9":"tag-actualites","10":"tag-auvergne-rhone-alpes","11":"tag-eu","12":"tag-europe","13":"tag-fr","14":"tag-france","15":"tag-grenoble","16":"tag-news","17":"tag-republique-francaise","18":"tag-rugby","19":"tag-sports","20":"tag-top-14"},"share_on_mastodon":{"url":"https:\/\/pubeurope.com\/@fr\/114656512785034030","error":""},"_links":{"self":[{"href":"https:\/\/www.europesays.com\/fr\/wp-json\/wp\/v2\/posts\/164551","targetHints":{"allow":["GET"]}}],"collection":[{"href":"https:\/\/www.europesays.com\/fr\/wp-json\/wp\/v2\/posts"}],"about":[{"href":"https:\/\/www.europesays.com\/fr\/wp-json\/wp\/v2\/types\/post"}],"author":[{"embeddable":true,"href":"https:\/\/www.europesays.com\/fr\/wp-json\/wp\/v2\/users\/2"}],"replies":[{"embeddable":true,"href":"https:\/\/www.europesays.com\/fr\/wp-json\/wp\/v2\/comments?post=164551"}],"version-history":[{"count":0,"href":"https:\/\/www.europesays.com\/fr\/wp-json\/wp\/v2\/posts\/164551\/revisions"}],"wp:featuredmedia":[{"embeddable":true,"href":"https:\/\/www.europesays.com\/fr\/wp-json\/wp\/v2\/media\/164552"}],"wp:attachment":[{"href":"https:\/\/www.europesays.com\/fr\/wp-json\/wp\/v2\/media?parent=164551"}],"wp:term":[{"taxonomy":"category","embeddable":true,"href":"https:\/\/www.europesays.com\/fr\/wp-json\/wp\/v2\/categories?post=164551"},{"taxonomy":"post_tag","embeddable":true,"href":"https:\/\/www.europesays.com\/fr\/wp-json\/wp\/v2\/tags?post=164551"}],"curies":[{"name":"wp","href":"https:\/\/api.w.org\/{rel}","templated":true}]}}