{"id":164557,"date":"2025-06-10T01:43:10","date_gmt":"2025-06-10T01:43:10","guid":{"rendered":"https:\/\/www.europesays.com\/fr\/164557\/"},"modified":"2025-06-10T01:43:10","modified_gmt":"2025-06-10T01:43:10","slug":"violation-du-droit-international-appel-au-retour-des-ressortissants-rassemblement-a-nice-le-point-sur-linterception-du-madleen-par-larmee-isrelienne","status":"publish","type":"post","link":"https:\/\/www.europesays.com\/fr\/164557\/","title":{"rendered":"\u00ab\u00a0Violation du droit international\u00a0\u00bb, appel au retour des ressortissants, rassemblement \u00e0 Nice&#8230; Le point sur l&rsquo;interception du \u00ab\u00a0Madleen\u00a0\u00bb par l&rsquo;arm\u00e9e isr\u00e9lienne"},"content":{"rendered":"<p>Le voilier \u00ab\u00a0Madleen\u00a0\u00bb avec \u00e0 son bord 12 militants fran\u00e7ais, allemand, br\u00e9silien, turc, su\u00e9dois, espagnol et n\u00e9erlandais, \u00e9tait parti d&rsquo;Italie le 1er juin dernier pour rallier Gaza mais il n&rsquo;atteindra pas son port. <strong>Le navire a \u00e9t\u00e9 intercept\u00e9 par la marine isra\u00e9lienne et fait d\u00e9sormais route vers le port d&rsquo;Ashdod.\u00a0<\/strong><\/p>\n<p>Des images diffus\u00e9e par ce mouvement montrent les militants \u00e0 bord du bateau portant des gilets de sauvetage oranges, les mains en l&rsquo;air au moment de l&rsquo;interception, certains remettant leur t\u00e9l\u00e9phone portable conform\u00e9ment aux instructions. Peu de temps avant, certains ont jet\u00e9 leur t\u00e9l\u00e9phone portable ou tablette par-dessus bord.\u00a0<\/p>\n<p>Une \u00ab\u00a0interception\u00a0\u00bb qu&rsquo;avait peu ou prou annonc\u00e9 Isra\u00ebl, mais qui a soulev\u00e9 l&rsquo;indignation de pays et partis politiques. Quelques heures apr\u00e8s celle-ci, on fait le point.\u00a0<\/p>\n<p><strong>Qui est \u00e0 bord?\u00a0<\/strong><\/p>\n<p><strong>L&rsquo;\u00e9quipage est compos\u00e9 d&rsquo;une douzaine de personnes<\/strong>, \u00ab\u00a0dont Greta Thunberg\u00a0\u00bb, la militante \u00e9cologiste su\u00e9doise et l&rsquo;\u00e9lue insoumise, Rima Hassan, avait d\u00e9clar\u00e9 d\u00e9but juin, Marco Grimaldi, chef-adjoint des d\u00e9put\u00e9s de Alleanza Verdi Sinistra (AVS), un parti de gauche qui a soutenu l&rsquo;op\u00e9ration d&rsquo;un point de vue logistique et administratif. En tout, ce sont une douzaine de personnes de diff\u00e9rentes nationalit\u00e9s qui avaient pris part \u00e0 cette op\u00e9ration.\u00a0<\/p>\n<p>La Coalition de la flottille pour la libert\u00e9, fond\u00e9e en 2010, est un mouvement international non violent de solidarit\u00e9 avec les Palestiniens, avec une dimension humanitaire et de plaidoyer politique contre le blocus de Gaza. Le \u00ab\u00a0Madleen\u00a0\u00bb est un petit navire, un voilier, et emporte des \u00ab\u00a0<strong>jus de fruit, du lait, du riz, des conserves, des barrettes de prot\u00e9ine offerts par des centaines de citoyens de Catane\u00a0\u00bb,<\/strong> a \u00e9crit le journaliste Andrea Legni qui est aussi mont\u00e9 \u00e0 bord.<\/p>\n<p>                                <strong>Que s&rsquo;est-il pass\u00e9 la nuit derni\u00e8re?\u00a0<\/strong><\/p>\n<p>L&rsquo;organisation Freedom Flotilla Coalition, qui a affr\u00e9t\u00e9 le bateau humanitaire\u00a0Madleen a dit lundi que celui-ci avait \u00e9t\u00e9 arraisonn\u00e9 par l&rsquo;arm\u00e9e isra\u00e9lienne.\u00a0Selon les derniers pointages \u00e0 22H00 GMT, il se trouvait \u00e0 31 milles nautiques (57 km) de Gaza.<\/p>\n<p>\u00ab\u00a0La liaison a \u00e9t\u00e9 perdue avec le\u00a0Madleen. L&rsquo;arm\u00e9e isra\u00e9lienne a arraisonn\u00e9 le bateau\u00a0\u00bb a indiqu\u00e9 cette organisation sur Telegram, affirmant que l&rsquo;\u00e9quipage avait \u00e9t\u00e9 \u00ab\u00a0kidnapp\u00e9 par les forces isra\u00e9liennes\u00a0\u00bb.\u00a0\u00ab\u00a0Si vous voyez cette vid\u00e9o, nous avons \u00e9t\u00e9 intercept\u00e9s et kidnapp\u00e9s dans les eaux internationales\u00a0\u00bb, a d\u00e9clar\u00e9 Mme Thunberg dans une vid\u00e9o pr\u00e9enregistr\u00e9e partag\u00e9e par la Coalition de la flottille pour la libert\u00e9.<\/p>\n<p>Isra\u00ebl n&rsquo;a pas pr\u00e9cis\u00e9 \u00e0 quel endroit le voilier avait \u00e9t\u00e9 intercept\u00e9.\u00a0Des images diffus\u00e9e par ce mouvement montrent les militants \u00e0 bord du bateau portant des gilets de sauvetage oranges, les mains en l&rsquo;air au moment de l&rsquo;interception, certains remettant leur t\u00e9l\u00e9phone portable conform\u00e9ment aux instructions. Peu de temps avant, certains ont jet\u00e9 leur t\u00e9l\u00e9phone portable ou tablette par-dessus bord.\u00a0Plus t\u00f4t dans la matin\u00e9e, <strong>Isra\u00ebl a publi\u00e9 des images montrant une distribution de sandwiches et d&rsquo;eau<\/strong> aux passagers du bateau.<\/p>\n<blockquote class=\"twitter-tweet\">\n<p lang=\"en\" dir=\"ltr\">Every person aboard the Madleen is a hero.<\/p>\n<p>The genocidal Israeli state&rsquo;s attack on unarmed activists aboard a UK-flagged vessel delivering aid to Gaza is a flagrant breach of international law.<\/p>\n<p>The UK must sanction Israel, end all arms &amp; surveillance, &amp; expel its ambassador. <a href=\"https:\/\/t.co\/4Ifi1KHoPE\">pic.twitter.com\/4Ifi1KHoPE<\/a><\/p>\n<p>\u2014 Zarah Sultana MP (@zarahsultana) <a href=\"https:\/\/twitter.com\/zarahsultana\/status\/1932033300354175148?ref_src=twsrc%5Etfw\" target=\"_blank\" rel=\"noopener\">June 9, 2025<\/a><\/p><\/blockquote>\n<p>                                <strong>Quelles r\u00e9actions?\u00a0<\/strong><\/p>\n<p>Ennemi jur\u00e9 d&rsquo;Isra\u00ebl, l&rsquo;Iran a condamn\u00e9 comme <strong>un acte de \u00ab\u00a0piraterie\u00a0\u00bb l&rsquo;interception du bateau<\/strong>. La Turquie a d\u00e9nonc\u00e9 une \u00ab\u00a0attaque odieuse\u00a0\u00bb et une \u00ab\u00a0violation flagrante du droit international\u00a0\u00bb.\u00a0Le pr\u00e9sident fran\u00e7ais, Emmanuel Macron, a lui \u00ab\u00a0demand\u00e9 de permettre, dans les plus brefs d\u00e9lais, le retour en France\u00a0\u00bb de ses six ressortissants \u00e0 bord du bateau.\u00a0\u00ab\u00a0Il est pr\u00e9vu que les passagers retournent dans leurs pays\u00a0\u00bb, selon le minist\u00e8re isra\u00e9lien des Affaires \u00e9trang\u00e8res.<\/p>\n<p>De son c\u00f4t\u00e9, Amnesty International a estim\u00e9 que \u00ab\u00a0l&rsquo;interception du Madleen par Isra\u00ebl et la d\u00e9tention de l&rsquo;\u00e9quipage bafou(ai)ent le droit international\u00a0\u00bb.<\/p>\n<p>\u00ab\u00a0Depuis que nous avons eu connaissance de leur projet, contre les risques duquel nous les avons mis en garde, nous avons \u00e9t\u00e9 en lien avec les autorit\u00e9s isra\u00e9liennes pour pr\u00e9venir tout incident\u00a0\u00bb, a affirm\u00e9 le ministre des Affaires \u00e9trang\u00e8res fran\u00e7ais, Jean-No\u00ebl Barrot, dans une d\u00e9claration transmise \u00e0 la presse quelques minutes avant la communication de l&rsquo;Elys\u00e9e. \u00ab\u00a0<strong>D\u00e8s l&rsquo;arraisonnement du navire, nous avons demand\u00e9 \u00e0 pouvoir exercer notre protection consulaire \u00e0 leur \u00e9gard<\/strong>\u00a0\u00bb et \u00e0 leur \u00ab\u00a0rendre visite\u00a0\u00bb d\u00e8s qu&rsquo;ils auront rejoint le territoire isra\u00e9lien, \u00ab\u00a0en vue de s&rsquo;assurer de leur situation et de faciliter leur retour rapide en France\u00a0\u00bb, a dit le chef de la diplomatie.<\/p>\n<p>Plusieurs responsables de la gauche fran\u00e7aise ont d\u00e9nonc\u00e9 le \u00ab\u00a0silence\u00a0\u00bb des dirigeants europ\u00e9ens dont Emmanuel Macron apr\u00e8s l&rsquo;interception dans la nuit par les autorit\u00e9s isra\u00e9liennes du bateau Madleen qui tentait de rallier Gaza.\u00a0\u00ab\u00a0Ce que vient de faire le gouvernement isra\u00e9lien est ill\u00e9gal au regard du droit international \u00e0 plusieurs \u00e9gards. D&rsquo;abord parce qu&rsquo;<strong>ils ont \u00e9t\u00e9 arr\u00eat\u00e9s en eaux internationales<\/strong> (&#8230;) Ensuite, parce que ma coll\u00e8gue Rima Hassan b\u00e9n\u00e9ficie de l&rsquo;immunit\u00e9 parlementaire\u00a0\u00bb, a d\u00e9velopp\u00e9 l&rsquo;eurod\u00e9put\u00e9e La France insoumise Manon Aubry sur BFMTV et RMC.\u00a0<\/p>\n<p>Dans la foul\u00e9e, LFI a appel\u00e9 \u00e0 une manifestation \u00e0 Paris lundi \u00e0 18H00, place de la R\u00e9publique, pour demander la \u00ab\u00a0lib\u00e9ration\u00a0\u00bb de l&rsquo;\u00e9quipage et la poursuite de la mission humanitaire. <a href=\"https:\/\/www.nicematin.com\/politique\/apres-l-interception-par-israel-du-navire-madleen-en-route-pour-gaza-un-rassemblement-de-soutien-organise-a-nice-ce-lundi-soir-989442\" target=\"_blank\" rel=\"noopener\">Un rassemblement aura d&rsquo;ailleurs lieu, ce lundi soir \u00e0 Nice.\u00a0<\/a><\/p>\n<p>                                <strong>Que dit le droit international?\u00a0<\/strong><\/p>\n<p>Dans un communiqu\u00e9 publi\u00e9 samedi depuis Londres, le Comit\u00e9 international pour briser le si\u00e8ge de Gaza \u2013 organisation membre de la Coalition de la flottille \u2013 a indiqu\u00e9 que <strong>le navire \u00e9tait entr\u00e9 dans les eaux de l&rsquo;Egypt<\/strong>e, voisine de la bande de Gaza. Il a dit \u00eatre en contact avec les instances juridiques internationales afin de garantir la s\u00e9curit\u00e9 des personnes \u00e0 bord, avertissant que <strong>toute interception constituerait \u00ab\u00a0une violation flagrante du droit international humanitaire\u00a0\u00bb.<\/strong><\/p>\n<p>Selon le tracker mis en place pour suivre l&rsquo;avanc\u00e9e du bateau qui bat pavillon britannique, celui-ci se trouvait dans les eaux internationales, lorsque le tracker a cess\u00e9 d&rsquo;\u00e9mettre. Des eaux internationales dans lesquelles Isra\u00ebl n&rsquo;avait aucune l\u00e9gitimit\u00e9 \u00e0 agir sur ce navire, ainsi que l&rsquo;explique <a href=\"https:\/\/jurdi.fr\/\" target=\"_blank\" rel=\"noopener\">Benjamin Fiorini, secr\u00e9taire g\u00e9n\u00e9ral de \u00ab\u00a0juriste pour respect du droit international\u00a0\u00bb.\u00a0<\/a>\u00a0\u00ab\u00a0Isra\u00ebl n&rsquo;avait aucune souverainet\u00e9 pour proc\u00e9der \u00e0 cette interception. Il n&rsquo;y a aucun fondement l\u00e9gal qui la justifie\u00a0\u00bb, estime aupr\u00e8s de Nice-Matin, ce sp\u00e9cialiste.<\/p>\n<p>Pr\u00e9cis\u00e9ment, <a href=\"https:\/\/biodiv.mnhn.fr\/fr\/convention-des-nations-unies-sur-le-droit-de-la-mer\" target=\"_blank\" rel=\"noopener\">l&rsquo;article 87 de la Convention de Montego Bay indique<\/a>: \u00ab\u00a0La haute mer est ouverte \u00e0 tous les Etats, qu\u2019ils soient c\u00f4tiers ou sans littoral. La libert\u00e9 de la haute mer s\u2019exerce dans les conditions pr\u00e9vues par les dispositions de la Convention et les autres r\u00e8gles du droit international.\u00a0\u00bb\u00a0Plus loin, on peut d&rsquo;ailleurs lire: \u00ab\u00a0en haute mer, les Etats jouissent de la libert\u00e9 de navigation, de survol, de poser des c\u00e2bles ou des pipelines sous-marins, de construire des \u00eeles artificielles et autres installations autoris\u00e9es par le droit international, de p\u00eache et de recherche scientifique\u00a0\u00bb.<\/p>\n<p><script async src=\"https:\/\/platform.twitter.com\/widgets.js\" charset=\"utf-8\"><\/script><\/p>\n","protected":false},"excerpt":{"rendered":"Le voilier \u00ab\u00a0Madleen\u00a0\u00bb avec \u00e0 son bord 12 militants fran\u00e7ais, allemand, br\u00e9silien, turc, su\u00e9dois, espagnol et n\u00e9erlandais, \u00e9tait&hellip;\n","protected":false},"author":2,"featured_media":164558,"comment_status":"","ping_status":"","sticky":false,"template":"","format":"standard","meta":{"footnotes":""},"categories":[2819],"tags":[1111,11,10411,1777,674,1011,27,12,2401,882,25],"class_list":{"0":"post-164557","1":"post","2":"type-post","3":"status-publish","4":"format-standard","5":"has-post-thumbnail","7":"category-nice","8":"tag-actu","9":"tag-actualites","10":"tag-conflits","11":"tag-eu","12":"tag-europe","13":"tag-fr","14":"tag-france","15":"tag-news","16":"tag-nice","17":"tag-provence-alpes-cote-dazur","18":"tag-republique-francaise"},"share_on_mastodon":{"url":"https:\/\/pubeurope.com\/@fr\/114656536428627884","error":""},"_links":{"self":[{"href":"https:\/\/www.europesays.com\/fr\/wp-json\/wp\/v2\/posts\/164557","targetHints":{"allow":["GET"]}}],"collection":[{"href":"https:\/\/www.europesays.com\/fr\/wp-json\/wp\/v2\/posts"}],"about":[{"href":"https:\/\/www.europesays.com\/fr\/wp-json\/wp\/v2\/types\/post"}],"author":[{"embeddable":true,"href":"https:\/\/www.europesays.com\/fr\/wp-json\/wp\/v2\/users\/2"}],"replies":[{"embeddable":true,"href":"https:\/\/www.europesays.com\/fr\/wp-json\/wp\/v2\/comments?post=164557"}],"version-history":[{"count":0,"href":"https:\/\/www.europesays.com\/fr\/wp-json\/wp\/v2\/posts\/164557\/revisions"}],"wp:featuredmedia":[{"embeddable":true,"href":"https:\/\/www.europesays.com\/fr\/wp-json\/wp\/v2\/media\/164558"}],"wp:attachment":[{"href":"https:\/\/www.europesays.com\/fr\/wp-json\/wp\/v2\/media?parent=164557"}],"wp:term":[{"taxonomy":"category","embeddable":true,"href":"https:\/\/www.europesays.com\/fr\/wp-json\/wp\/v2\/categories?post=164557"},{"taxonomy":"post_tag","embeddable":true,"href":"https:\/\/www.europesays.com\/fr\/wp-json\/wp\/v2\/tags?post=164557"}],"curies":[{"name":"wp","href":"https:\/\/api.w.org\/{rel}","templated":true}]}}