{"id":164559,"date":"2025-06-10T01:44:12","date_gmt":"2025-06-10T01:44:12","guid":{"rendered":"https:\/\/www.europesays.com\/fr\/164559\/"},"modified":"2025-06-10T01:44:12","modified_gmt":"2025-06-10T01:44:12","slug":"sommet-de-locean-unoc-emmanuel-macron-appelle-a-la-mobilisation","status":"publish","type":"post","link":"https:\/\/www.europesays.com\/fr\/164559\/","title":{"rendered":"Sommet de l\u2019oc\u00e9an Unoc: Emmanuel Macron appelle \u00e0 la mobilisation"},"content":{"rendered":"<p>La troisi\u00e8me conf\u00e9rence des Nations Unies pour l\u2019oc\u00e9an (Unoc 3) a \u00e9t\u00e9 officiellement lanc\u00e9e, ce lundi matin, au port de Nice, dans le tout nouveau palais des congr\u00e8s nomm\u00e9 Nicea. Quelques notes de kora, un instrument de musique \u00e0 cordes originaire du Mali, ont pr\u00e9c\u00e9d\u00e9 les interventions des deux copr\u00e9sidents de ce sommet, Emmanuel Macron pour la France, le pays h\u00f4te, et Rodrigo Chaves Robles, pour le Costa Rica.<\/p>\n<p>\u00ab\u00a0Le nom de Nice vient de Victoire, nik\u00e9 en grec, et, dans ce port fond\u00e9 par des marins phoc\u00e9ens au bord de la M\u00e9diterran\u00e9e, c\u2019est aujourd\u2019hui une victoire que nous c\u00e9l\u00e9brons pour nos oc\u00e9ans, a introduit le pr\u00e9sident de la R\u00e9publique Emmanuel Macron. Une victoire que nous soyons tous r\u00e9unis. Une victoire sur l\u2019inertie et l\u2019indiff\u00e9rence aussi, sur la d\u00e9gradation de notre environnement, sur la tendance au d\u00e9sengagement international. Des victoires fragiles car elles requi\u00e8rent des actions rapides et elles ne supposent aucun recul. Cette mobilisation est une victoire parce que nous connaissons les enjeux\u00a0\u00bb.<\/p>\n<p>Parmi ces enjeux, la protection des aires marines, la limitation de la pollution plastique, l\u2019acc\u00e9l\u00e9ration de la d\u00e9carbonation du transport maritime, la lutte contre la p\u00eache ill\u00e9gale, la protection des grands fonds marins.<\/p>\n<p>\u00ab\u00a0La biodiversit\u00e9, \u00e7a n\u2019est pas une question d\u2019opinion\u00a0\u00bb<\/p>\n<p>\u00ab\u00a0La seule mani\u00e8re de r\u00e9pondre \u00e0 ces d\u00e9fis, c\u2019est de mobiliser tous les acteurs, les chefs d\u2019\u00c9tat et de gouvernement qui vont ici parler, mais \u00e9galement les scientifiques qui se sont mobilis\u00e9s et je veux les en remercier. Il n\u2019y aura pas de bataille pour nos oc\u00e9ans si elle n\u2019est pas d\u2019abord fond\u00e9e sur une science libre, ouverte, partenariale\u00a0\u00bb.<\/p>\n<p>\u00ab\u00a0Le climat, comme la biodiversit\u00e9, \u00e7a n\u2019est pas une question d\u2019opinion, c\u2019est une question de faits scientifiquement \u00e9tablis. C\u2019est pourquoi il nous faut d\u00e9fendre nos chercheurs, leur permettre d\u2019avancer, de chercher de mani\u00e8re libre et d\u2019\u00e9tablir ce qui est le c\u0153ur de notre action\u00a0\u00bb, a rappel\u00e9 le chef de l\u2019\u00c9tat, stigmatisant les climatosceptiques.<\/p>\n<p>\u00ab\u00a0Les abysses ne sont pas \u00e0 vendre\u00a0\u00bb<\/p>\n<p>Sur la protection des grands fonds marins, le pr\u00e9sident fran\u00e7ais a rappel\u00e9 que 33 \u00c9tats ont cr\u00e9\u00e9 une coalition pour promouvoir un moratoire sur l\u2019exploitation des grands fonds.<\/p>\n<p>\u00ab\u00a0C\u2019est une n\u00e9cessit\u00e9, a insist\u00e9 Emmanuel Macron. Je ne suis pas du tout contre l\u2019activit\u00e9 \u00e9conomique, bien au contraire, mais je pense que c\u2019est une folie de lancer de l\u2019action \u00e9conomique qui va bousculer des grands fonds marins, qui bouscule la biodiversit\u00e9, qui la d\u00e9truit, qui lib\u00e8re des puits de carbone irr\u00e9cup\u00e9rables. Quand nous n\u2019y connaissons rien. C\u2019est de l\u2019obscurantisme de faire de l\u2019exploitation avant d\u2019avoir commenc\u00e9 l\u2019exploration \u00ab\u00a0.<\/p>\n<p>\u00ab\u00a0Les abysses ne sont pas \u00e0 vendre, a-t-il rappel\u00e9 alors que le pr\u00e9sident des \u00c9tats-Unis Donald Trump, qui a boud\u00e9 ce sommet, vient de lancer l\u2019exploitation mini\u00e8re des fonds marins. Et pas plus que le Groenland n\u2019est \u00e0 prendre, pas plus que l\u2019Antarctique ou la haute mer ne sont \u00e0 vendre, pas plus que les licences de p\u00eache, des pays en d\u00e9veloppement ne sont \u00e0 donner, pas plus que les donn\u00e9es scientifiques ou la s\u00e9curit\u00e9\u00a0\u00bb.<\/p>\n<p>Avant de donner la parole au pr\u00e9sident du Costa Rica, Rodrigo Chaves Robles, le chef de l\u2019\u00c9tat fran\u00e7ais a conclu par ce message: \u00ab\u00a0Je compte sur chacune et chacun d\u2019entre vous, pendant ces cinq jours, pour que notre humanit\u00e9 progresse, pour avoir le plan d\u2019action pour les oc\u00e9ans le plus ambitieux possible \u00e0 Nice\u00a0\u00bb.<\/p>\n<p>\u00ab\u00a0Merci \u00e0 tous d\u2019\u00eatre l\u00e0, \u00e0 Nissa la bella, ville \u00e0 la mer d\u2019azur et au ciel pur\u00a0\u00bb, a ajout\u00e9, en fran\u00e7ais, Ant\u00f3nio Guterres. Dans son propos liminaire, le secr\u00e9taire g\u00e9n\u00e9ral de l\u2019ONU a exhort\u00e9 le monde \u00ab\u00a0\u00e0 faire bouger les choses\u00a0\u00bb et rappel\u00e9 \u00ab\u00a0notre profonde d\u00e9pendance \u00e0 l\u2019\u00e9gard de l\u2019oc\u00e9an\u00a0\u00bb qui \u00ab\u00a0produit la moiti\u00e9 de l\u2019oxyg\u00e8ne que nous respirons\u00a0\u00bb et \u00ab\u00a0nourrit 3 milliards de personnes\u00a0\u00bb.<\/p>\n<p>Nice, le rendez-vous de \u00ab\u00a0celles et ceux qui refusent de baisser les bras\u00a0\u00bb<\/p>\n<p>\u00ab\u00a0La M\u00e9diterran\u00e9e est le porte-\u00e9tendard de tous les oc\u00e9ans, est intervenu Renaud Muselier, pr\u00e9sident de la R\u00e9gion Provence-Alpes-C\u00f4te d\u2019Azur. Pourquoi? Parce que la M\u00e9diterran\u00e9e est maintenant un \u00e9picentre du changement climatique. Son r\u00e9chauffement est acc\u00e9l\u00e9r\u00e9, pr\u00e8s de 20% plus vite que la moyenne mondiale. Ici tout va plus vite, et cette mer presque ferm\u00e9e devient le barom\u00e8tre de l\u2019\u00e9tat de nos oc\u00e9ans. Le pr\u00e9sent m\u00e9diterran\u00e9en est le futur du monde. Sauver la M\u00e9diterran\u00e9e, c\u2019est sauver les oc\u00e9ans.\u00a0\u00bb<\/p>\n<p>\u00ab\u00a0Celles et ceux qui refusent de baisser les bras, se sont donn\u00e9 rendez-vous \u00e0 Nice, s\u2019est f\u00e9licit\u00e9 le maire, Christian Estrosi. Nous, les peuples de la mer, nous qui vivons sur les rivages du monde entier, nous attendons de ce sommet que les accords de Nice deviennent, pour l\u2019oc\u00e9an, ce que les accords de Paris ont \u00e9t\u00e9 pour le climat il y a 10 ans: un tournant\u00a0\u00bb.<\/p>\n<p>Le trait\u00e9 sur la haute mer adopt\u00e9 au 1er janvier?<\/p>\n<p>En fin de journ\u00e9e, lors d\u2019une conf\u00e9rence de presse, le pr\u00e9sident de la R\u00e9publique est revenu sur les \u00ab\u00a0quelques avanc\u00e9es de ce sommet qui sont d\u2019ores et d\u00e9j\u00e0 consolid\u00e9es\u00a0\u00bb. En t\u00eate, \u00ab\u00a0ce fameux trait\u00e9 BBNJ sur la protection en haute mer [qui doit \u00eatre ratifi\u00e9 par 60 \u00c9tats pour \u00eatre adopt\u00e9]. Il y a 1 an, il y avait huit ratifications. Nous avons travaill\u00e9 d\u2019arrache-pied ces derniers mois. Nous avons d\u2019ores et d\u00e9j\u00e0 55 ratifications effectu\u00e9es et d\u00e9pos\u00e9es. Une quinzaine sont en cours avec d\u00e9j\u00e0 une date s\u00fbre, une quinzaine qui sont en cours et qui se feront d\u2019ici la fin de l\u2019ann\u00e9e. Au 1er janvier prochain, ce trait\u00e9 pourrait entrer en vigueur\u00a0\u00bb, a annonc\u00e9 Emmanuel Macron.<\/p>\n<p>Autre grande r\u00e9alisation, selon le chef de l\u2019\u00c9tat, la cr\u00e9ation de nouvelles aires marines prot\u00e9g\u00e9es. \u00ab\u00a0Avant Nice, nous \u00e9tions \u00e0 8% dans les zones \u00e9conomiques exclusives de tous les \u00c9tats du monde. Nous arriverons \u00e0 environ 12% apr\u00e8s cette conf\u00e9rence, ce qui veut dire qu\u2019on aura augment\u00e9 de 50% les aires marines prot\u00e9g\u00e9es\u00a0\u00bb, s\u2019est r\u00e9joui le Pr\u00e9sident qui a promis d\u2019annoncer de nouvelles aires marines prot\u00e9g\u00e9es dans les prochaines semaines.<\/p>\n","protected":false},"excerpt":{"rendered":"La troisi\u00e8me conf\u00e9rence des Nations Unies pour l\u2019oc\u00e9an (Unoc 3) a \u00e9t\u00e9 officiellement lanc\u00e9e, ce lundi matin, au&hellip;\n","protected":false},"author":2,"featured_media":164560,"comment_status":"","ping_status":"","sticky":false,"template":"","format":"standard","meta":{"footnotes":""},"categories":[2819],"tags":[1111,11,1129,436,1777,674,1011,27,12,2401,882,25],"class_list":{"0":"post-164559","1":"post","2":"type-post","3":"status-publish","4":"format-standard","5":"has-post-thumbnail","7":"category-nice","8":"tag-actu","9":"tag-actualites","10":"tag-climat","11":"tag-environnement","12":"tag-eu","13":"tag-europe","14":"tag-fr","15":"tag-france","16":"tag-news","17":"tag-nice","18":"tag-provence-alpes-cote-dazur","19":"tag-republique-francaise"},"share_on_mastodon":{"url":"https:\/\/pubeurope.com\/@fr\/114656540291019012","error":""},"_links":{"self":[{"href":"https:\/\/www.europesays.com\/fr\/wp-json\/wp\/v2\/posts\/164559","targetHints":{"allow":["GET"]}}],"collection":[{"href":"https:\/\/www.europesays.com\/fr\/wp-json\/wp\/v2\/posts"}],"about":[{"href":"https:\/\/www.europesays.com\/fr\/wp-json\/wp\/v2\/types\/post"}],"author":[{"embeddable":true,"href":"https:\/\/www.europesays.com\/fr\/wp-json\/wp\/v2\/users\/2"}],"replies":[{"embeddable":true,"href":"https:\/\/www.europesays.com\/fr\/wp-json\/wp\/v2\/comments?post=164559"}],"version-history":[{"count":0,"href":"https:\/\/www.europesays.com\/fr\/wp-json\/wp\/v2\/posts\/164559\/revisions"}],"wp:featuredmedia":[{"embeddable":true,"href":"https:\/\/www.europesays.com\/fr\/wp-json\/wp\/v2\/media\/164560"}],"wp:attachment":[{"href":"https:\/\/www.europesays.com\/fr\/wp-json\/wp\/v2\/media?parent=164559"}],"wp:term":[{"taxonomy":"category","embeddable":true,"href":"https:\/\/www.europesays.com\/fr\/wp-json\/wp\/v2\/categories?post=164559"},{"taxonomy":"post_tag","embeddable":true,"href":"https:\/\/www.europesays.com\/fr\/wp-json\/wp\/v2\/tags?post=164559"}],"curies":[{"name":"wp","href":"https:\/\/api.w.org\/{rel}","templated":true}]}}