{"id":164566,"date":"2025-06-10T01:49:12","date_gmt":"2025-06-10T01:49:12","guid":{"rendered":"https:\/\/www.europesays.com\/fr\/164566\/"},"modified":"2025-06-10T01:49:12","modified_gmt":"2025-06-10T01:49:12","slug":"toulouse-pendant-plusieurs-jours-le-metro-va-rouler-beaucoup-plus-tard-en-soiree","status":"publish","type":"post","link":"https:\/\/www.europesays.com\/fr\/164566\/","title":{"rendered":"Toulouse. Pendant plusieurs jours, le m\u00e9tro va rouler beaucoup plus tard en soir\u00e9e"},"content":{"rendered":"<p>            Par<br \/>\n        <strong><br \/>\n            <a href=\"https:\/\/actu.fr\/auteur\/lucie-2\" title=\"Consulter tous les articles de Lucie Fraisse\" rel=\"nofollow noopener\" target=\"_blank\">Lucie Fraisse<\/a><br \/>\n        <\/strong><\/p>\n<p>        Publi\u00e9 le<\/p>\n<p>            9 juin 2025 \u00e0 17h08        <\/p>\n<p>Le <a href=\"https:\/\/actu.fr\/occitanie\/toulouse_31555\/artistes-invites-tarifs-tout-savoir-sur-le-festival-rio-loco-qui-fete-ses-30-ans-en-2025_62388862.html\" rel=\"nofollow noopener\" target=\"_blank\">festival Rio Loco<\/a> f\u00eate sa trenti\u00e8me \u00e9dition \u00e0 <strong>Toulouse<\/strong>, du 11 au 15 juin 2025, et Tiss\u00e9o va faciliter la vie des festivaliers, en d\u00e9calant l\u2019heure du dernier m\u00e9tro.<\/p>\n<p>Sur la prairie des Filtres\u00a0<\/p>\n<p class=\" wall-content\">Comme chaque ann\u00e9e, le festival se d\u00e9roule sur la prairie des Filtres, en bord de Garonne. Un site facilement accessible en transports en commun (avec un peu de marche) : via la <strong>ligne A<\/strong> en descendant aux arr\u00eats Esquirol ou Saint-Cyprien-R\u00e9publique ou par<strong> la ligne B<\/strong>, via les arr\u00eats Carmes ou Palais de justice.<\/p>\n<p class=\" wall-content\">La ligne de bus 44 permet de rallier le festival au plus pr\u00e8s, avec l\u2019arr\u00eat Pont neuf. Par tram, il est conseiller de s\u2019arr\u00eater \u00e0 Fer \u00e0 cheval, puis de marcher jusqu\u2019\u00e0 la prairie des Filtres.\u00a0<\/p>\n<p>Des m\u00e9tros plus tardifs\u00a0<\/p>\n<p class=\" wall-content\">Pour que les festivaliers puissent profiter de Rio Loco sans avoir l\u2019\u0153il sur leur montre, Tiss\u00e9o d\u00e9cale aussi l\u2019heure du dernier m\u00e9tro. Ainsi, mercredi 11 juin, les ultimes d\u00e9parts de chaque terminus des lignes A et B seront effectu\u00e9s<strong> \u00e0 1h30<\/strong>.<\/p>\n<p class=\" wall-content\">Du jeudi au samedi, ces derniers d\u00e9parts sont d\u00e9cal\u00e9s \u00e0 <strong>3 heures du matin.<\/strong> Ils auront lieu \u00e0 minuit le dimanche.<\/p>\n<p>Vid\u00e9os : en ce moment sur Actu<\/p>\n<p class=\" wall-content\">Le r\u00e9seau soir\u00e9e bus et tram sera op\u00e9rationnel comme \u00e0 l\u2019accoutum\u00e9e.<\/p>\n<p class=\" wall-content\">Suivez toute l\u2019actualit\u00e9 de vos villes et m\u00e9dias favoris en vous inscrivant \u00e0 <a href=\"https:\/\/moncompte.actu.fr\" title=\"D\u00e9couvez Mon Actu\" rel=\"nofollow noopener\" data-trk=\"{&quot;cta&quot;:{&quot;action&quot;:&quot;https:\\\/\\\/moncompte.actu.fr&quot;,&quot;category&quot;:&quot;mon compte&quot;,&quot;from&quot;:&quot;article footer&quot;,&quot;name&quot;:&quot;Mon actu&quot;,&quot;type&quot;:&quot;cta&quot;}}\" target=\"_blank\">Mon Actu<\/a>.<\/p>\n","protected":false},"excerpt":{"rendered":"Par Lucie Fraisse Publi\u00e9 le 9 juin 2025 \u00e0 17h08 Le festival Rio Loco f\u00eate sa trenti\u00e8me \u00e9dition&hellip;\n","protected":false},"author":2,"featured_media":164567,"comment_status":"","ping_status":"","sticky":false,"template":"","format":"standard","meta":{"footnotes":""},"categories":[2816],"tags":[1111,11,1777,674,1011,27,1652,12,2680,25,5400,2312],"class_list":{"0":"post-164566","1":"post","2":"type-post","3":"status-publish","4":"format-standard","5":"has-post-thumbnail","7":"category-toulouse","8":"tag-actu","9":"tag-actualites","10":"tag-eu","11":"tag-europe","12":"tag-fr","13":"tag-france","14":"tag-loisirs-culture","15":"tag-news","16":"tag-occitanie","17":"tag-republique-francaise","18":"tag-tisseo","19":"tag-toulouse"},"share_on_mastodon":{"url":"https:\/\/pubeurope.com\/@fr\/114656560099927748","error":""},"_links":{"self":[{"href":"https:\/\/www.europesays.com\/fr\/wp-json\/wp\/v2\/posts\/164566","targetHints":{"allow":["GET"]}}],"collection":[{"href":"https:\/\/www.europesays.com\/fr\/wp-json\/wp\/v2\/posts"}],"about":[{"href":"https:\/\/www.europesays.com\/fr\/wp-json\/wp\/v2\/types\/post"}],"author":[{"embeddable":true,"href":"https:\/\/www.europesays.com\/fr\/wp-json\/wp\/v2\/users\/2"}],"replies":[{"embeddable":true,"href":"https:\/\/www.europesays.com\/fr\/wp-json\/wp\/v2\/comments?post=164566"}],"version-history":[{"count":0,"href":"https:\/\/www.europesays.com\/fr\/wp-json\/wp\/v2\/posts\/164566\/revisions"}],"wp:featuredmedia":[{"embeddable":true,"href":"https:\/\/www.europesays.com\/fr\/wp-json\/wp\/v2\/media\/164567"}],"wp:attachment":[{"href":"https:\/\/www.europesays.com\/fr\/wp-json\/wp\/v2\/media?parent=164566"}],"wp:term":[{"taxonomy":"category","embeddable":true,"href":"https:\/\/www.europesays.com\/fr\/wp-json\/wp\/v2\/categories?post=164566"},{"taxonomy":"post_tag","embeddable":true,"href":"https:\/\/www.europesays.com\/fr\/wp-json\/wp\/v2\/tags?post=164566"}],"curies":[{"name":"wp","href":"https:\/\/api.w.org\/{rel}","templated":true}]}}