{"id":164570,"date":"2025-06-10T01:52:12","date_gmt":"2025-06-10T01:52:12","guid":{"rendered":"https:\/\/www.europesays.com\/fr\/164570\/"},"modified":"2025-06-10T01:52:12","modified_gmt":"2025-06-10T01:52:12","slug":"je-lai-vu-dix-fois-jai-pleure-dix-fois-quel-palmares-pour-ce-festival-de-cinema","status":"publish","type":"post","link":"https:\/\/www.europesays.com\/fr\/164570\/","title":{"rendered":"\u00ab\u00a0Je l\u2019ai vu dix fois, j\u2019ai pleur\u00e9 dix fois\u00a0\u00bb\u00a0: quel palmar\u00e8s pour ce festival de cin\u00e9ma"},"content":{"rendered":"<tr wp_automatic_readability=\"6.8793103448276\">\n<td valign=\"middle\" align=\"center\" class=\"col-logo\" wp_automatic_readability=\"5\">\n    <img decoding=\"async\" src=\"https:\/\/www.europesays.com\/fr\/wp-content\/uploads\/2025\/04\/logo-of-monetise.svg\" alt=\"logo Ouest-France\" height=\"66\"\/><\/p>\n<p>Contenu r\u00e9serv\u00e9 aux abonn\u00e9s<\/p>\n<\/td>\n<td class=\"col-titre\">\n\t\t\tLundi 09 juin 2025 19:24<br \/>\n\t\t\t<a class=\"icon-bulle sizeL count\" href=\"#ancreAvis\"><br \/>\n\t&#8230;<br \/>\n<\/a><\/td>\n<\/tr>\n<p>\t\t<a class=\"mavillebox2 elmt-photo\" href=\"https:\/\/maville.com\/photosmvi\/2025\/06\/09\/P35280365D6845840G.jpg\" title=\" \u00c9tienne Michaud, \u00e0 gauche, accompagn\u00e9 des membres du jury de l\u2019\u00e9dition 2025 du festival R\u00eaves de court, \u00e0 Benet (Vend\u00e9e).  \u00a9  Alexis Penigaud  &lt;!--TAG-BLC credit--&gt;\" rel=\"galerie_actu nofollow noopener\" target=\"_blank\"><br \/>\n\t<img decoding=\"async\" src=\"https:\/\/www.europesays.com\/fr\/wp-content\/uploads\/2025\/06\/P35280365D6845840G_crop_640-330_.jpg\" alt=\"photo  \u00e9tienne michaud, \u00e0 gauche, accompagn\u00e9 des membres du jury de l\u2019\u00e9dition 2025 du festival r\u00eaves de court, \u00e0 benet (vend\u00e9e).  \u00a9  alexis penigaud \"\/><br \/>\n\t1<br \/>\n<\/a><\/p>\n<p class=\"elmt-legende\"> \u00c9tienne Michaud, \u00e0 gauche, accompagn\u00e9 des membres du jury de l\u2019\u00e9dition 2025 du festival R\u00eaves de court, \u00e0 Benet (Vend\u00e9e).  \u00a9  Alexis Penigaud  <\/p>\n<p>\t\t\u00c0 Benet, petite commune de Vend\u00e9e, le cin\u00e9ma \u00e9tait \u00e0 l\u2019honneur les 5, 6 et 7\u00a0juin derniers. Le festival R\u00eaves de court a r\u00e9uni des centaines de spectateurs autour de huit courts-m\u00e9trages et six sc\u00e9narios en comp\u00e9tition. Entre \u00e9motions, rires et d\u00e9couvertes, cette cinqui\u00e8me \u00e9dition a confirm\u00e9 l\u2019engouement du public pour le format court.<\/p>\n<p><b>Cet article est r\u00e9serv\u00e9 aux abonn\u00e9s<\/b><\/p>\n<p>Pour un acc\u00e8s imm\u00e9diat, abonnez-vous<\/p>\n<p><b>1\u00e8re semaine offerte<\/b><\/p>\n<p>\t\t Wilhem LELANDAIS FOYER. \u00a0\u00a0<br \/>\n\t\tOuest-France<\/p>\n<p>Retrouvez d&rsquo;autres actus sur les communes de :<\/p>\n<p>\t\t&#13;<\/p>\n","protected":false},"excerpt":{"rendered":"Contenu r\u00e9serv\u00e9 aux abonn\u00e9s Lundi 09 juin 2025 19:24 &#8230; 1 \u00c9tienne Michaud, \u00e0 gauche, accompagn\u00e9 des membres&hellip;\n","protected":false},"author":2,"featured_media":164571,"comment_status":"","ping_status":"","sticky":false,"template":"","format":"standard","meta":{"footnotes":""},"categories":[2815],"tags":[1111,11,650,1777,674,849,3395,1011,27,811,1307,12,5077,29772,25,2546],"class_list":{"0":"post-164570","1":"post","2":"type-post","3":"status-publish","4":"format-standard","5":"has-post-thumbnail","7":"category-lille","8":"tag-actu","9":"tag-actualites","10":"tag-cinema","11":"tag-eu","12":"tag-europe","13":"tag-festival","14":"tag-fois","15":"tag-fr","16":"tag-france","17":"tag-hauts-de-france","18":"tag-lille","19":"tag-news","20":"tag-palmares","21":"tag-pleure","22":"tag-republique-francaise","23":"tag-vendee"},"share_on_mastodon":{"url":"https:\/\/pubeurope.com\/@fr\/114656571791523427","error":""},"_links":{"self":[{"href":"https:\/\/www.europesays.com\/fr\/wp-json\/wp\/v2\/posts\/164570","targetHints":{"allow":["GET"]}}],"collection":[{"href":"https:\/\/www.europesays.com\/fr\/wp-json\/wp\/v2\/posts"}],"about":[{"href":"https:\/\/www.europesays.com\/fr\/wp-json\/wp\/v2\/types\/post"}],"author":[{"embeddable":true,"href":"https:\/\/www.europesays.com\/fr\/wp-json\/wp\/v2\/users\/2"}],"replies":[{"embeddable":true,"href":"https:\/\/www.europesays.com\/fr\/wp-json\/wp\/v2\/comments?post=164570"}],"version-history":[{"count":0,"href":"https:\/\/www.europesays.com\/fr\/wp-json\/wp\/v2\/posts\/164570\/revisions"}],"wp:featuredmedia":[{"embeddable":true,"href":"https:\/\/www.europesays.com\/fr\/wp-json\/wp\/v2\/media\/164571"}],"wp:attachment":[{"href":"https:\/\/www.europesays.com\/fr\/wp-json\/wp\/v2\/media?parent=164570"}],"wp:term":[{"taxonomy":"category","embeddable":true,"href":"https:\/\/www.europesays.com\/fr\/wp-json\/wp\/v2\/categories?post=164570"},{"taxonomy":"post_tag","embeddable":true,"href":"https:\/\/www.europesays.com\/fr\/wp-json\/wp\/v2\/tags?post=164570"}],"curies":[{"name":"wp","href":"https:\/\/api.w.org\/{rel}","templated":true}]}}