{"id":164574,"date":"2025-06-10T01:54:13","date_gmt":"2025-06-10T01:54:13","guid":{"rendered":"https:\/\/www.europesays.com\/fr\/164574\/"},"modified":"2025-06-10T01:54:13","modified_gmt":"2025-06-10T01:54:13","slug":"ed-sheeran-et-soprano-vivent-une-incroyable-bromance-a-marseille","status":"publish","type":"post","link":"https:\/\/www.europesays.com\/fr\/164574\/","title":{"rendered":"Ed Sheeran et Soprano vivent une incroyable \u00ab\u00a0bromance\u00a0\u00bb \u00e0 Marseille"},"content":{"rendered":"<p itemprop=\"description\"><strong>Les deux artistes \u00e9taient tellement complices qu&rsquo;ils sont m\u00eame partis faire une partie de p\u00e9tanque.<\/strong><\/p>\n<p>Souvent, les stars internationales ont <strong>tendance \u00e0 \u00ab\u00a0m\u00e9priser\u00a0\u00bb ou \u00e0 se mettre \u00e0 l&rsquo;\u00e9cart des stars musicales fran\u00e7aises<\/strong> lorsqu&rsquo;elles viennent chez nous. Les raisons sont simples, notamment l<strong>a barri\u00e8re de la langue, qui rend la communication difficile<\/strong>, mais aussi une <strong>m\u00e9connaissance du paysage culturel fran\u00e7ais<\/strong>, en dehors des grands standards Piaf\/Aznavour. Mais en ce qui concerne <strong><a href=\"https:\/\/www.radioespace.com\/news\/musique\/222095\/ed-sheeran-tres-intense-pour-le-clip-de-old-phone\" target=\"_blank\" rel=\"noopener nofollow\">Ed Sheeran<\/a><\/strong>, c&rsquo;est diff\u00e9rent : le chanteur est un vrai gentil, et un vrai curieux. Alors qu&rsquo;il \u00e9tait de passage \u00e0 Marseille, il s&rsquo;est <strong>li\u00e9 d&rsquo;amiti\u00e9 avec Soprano<\/strong>, et \u00e7a nous donne des images incroyables.<\/p>\n<p><a href=\"https:\/\/www.radioespace.com\/news\/musique\/221956\/ed-sheeran-livre-une-puissante-ode-a-la-fete-avec-le-clip-de-azizam\" target=\"_blank\" rel=\"noopener nofollow\">L&rsquo;interpr\u00e8te de \u00ab\u00a0Azizam\u00a0\u00bb<\/a> \u00e9tait en effet <strong>\u00e0 Marseille les 6 et 7 juin dernier<\/strong>, pour donner deux concerts dans la cit\u00e9 phoc\u00e9enne, <strong>au Stade V\u00e9lodrome dans le cadre de son \u00ab\u00a0Mathematics Tour\u00a0\u00bb<\/strong> en Europe, qui est toujours en cours. Et pour se mettre le public marseillais dans la poche \u00e0 coup s\u00fbr, il a eu la g\u00e9niale id\u00e9e d&rsquo;appeler <a href=\"https:\/\/www.radioespace.com\/news\/musique\/221683\/soprano-une-nouvelle-fois-designe-chanteur-prefere-des-enfants\" target=\"_blank\" rel=\"noopener nofollow\">Soprano<\/a> en renfort, pour <strong>chanter un remix de \u00ab\u00a0En Feu\u00a0\u00bb, le tube de l&rsquo;\u00e9t\u00e9 2016.<\/strong> Les deux artistes ont <strong>tout donn\u00e9 sur la grande sc\u00e8ne tournante du V\u00e9l&rsquo;<\/strong>, en t\u00e9moigne l&rsquo;\u00e9tat de sueur dans lequel a termin\u00e9 le chanteur anglais, sans doute pas habitu\u00e9 \u00e0 de telles chaleurs dans son pays.<\/p>\n<blockquote class=\"instagram-media\" style=\"background: #FFF; border: 0; border-radius: 3px; box-shadow: 0 0 1px 0 rgba(0,0,0,0.5),0 1px 10px 0 rgba(0,0,0,0.15); margin: 1px; max-width: 540px; min-width: 326px; padding: 0; width: calc(100% - 2px);\" data-instgrm-captioned=\"\" data-instgrm-permalink=\"https:\/\/www.instagram.com\/reel\/DKk3-Z2CWhA\/?utm_source=ig_embed&amp;utm_campaign=loading\" data-instgrm-version=\"14\"><p>&#13;<br \/>\n&#13;\n<\/p><\/blockquote>\n<p>Une fois le concert termin\u00e9 les deux chanteurs ne se sont pas quitt\u00e9s. Et c&rsquo;est ainsi qu&rsquo;on a eu <strong>la surprise de voir Soprano et Ed Sheeran se balader dans les rues de Marseille<\/strong>, et m\u00eame se rendre au boulodrome pour <strong>se faire une petite p\u00e9tanque<\/strong>, le sport embl\u00e9matique de la ville. <strong>Ed Sheeran \u00e9tait d&rsquo;ailleurs v\u00eatu du maillot de l&rsquo;OM<\/strong>, preuve qu&rsquo;il semble avoir ador\u00e9 son passage dans la ville. Il faut dire qu&rsquo;avec Soprano, l&rsquo;anglais avait le guide id\u00e9al. Des images de complicit\u00e9 qui font plaisir \u00e0 voir, on esp\u00e8re que cette bromance ne va pas s&rsquo;arr\u00eater l\u00e0 !\u00a0<\/p>\n<blockquote class=\"instagram-media\" style=\"background: #FFF; border: 0; border-radius: 3px; box-shadow: 0 0 1px 0 rgba(0,0,0,0.5),0 1px 10px 0 rgba(0,0,0,0.15); margin: 1px; max-width: 540px; min-width: 326px; padding: 0; width: calc(100% - 2px);\" data-instgrm-captioned=\"\" data-instgrm-permalink=\"https:\/\/www.instagram.com\/p\/DKmEej0s7m8\/?utm_source=ig_embed&amp;utm_campaign=loading\" data-instgrm-version=\"14\"><p>&#13;<br \/>\n&#13;\n<\/p><\/blockquote>\n<p>\t\t\t\t\t\t\t\t\t\t\t\t\t\t\t\t\t\t\t<script async src=\"\/\/www.instagram.com\/embed.js\"><\/script><\/p>\n","protected":false},"excerpt":{"rendered":"Les deux artistes \u00e9taient tellement complices qu&rsquo;ils sont m\u00eame partis faire une partie de p\u00e9tanque. Souvent, les stars&hellip;\n","protected":false},"author":2,"featured_media":164575,"comment_status":"","ping_status":"","sticky":false,"template":"","format":"standard","meta":{"footnotes":""},"categories":[2814],"tags":[1111,11,650,7734,2889,2263,386,1777,674,1011,27,6417,1114,4662,2428,884,12,3725,882,1825,10688,25,2429],"class_list":{"0":"post-164574","1":"post","2":"type-post","3":"status-publish","4":"format-standard","5":"has-post-thumbnail","7":"category-marseille","8":"tag-actu","9":"tag-actualites","10":"tag-cinema","11":"tag-ecoute","12":"tag-emission","13":"tag-equipe","14":"tag-espace","15":"tag-eu","16":"tag-europe","17":"tag-fr","18":"tag-france","19":"tag-information","20":"tag-infos","21":"tag-journal","22":"tag-lyon","23":"tag-marseille","24":"tag-news","25":"tag-podcast","26":"tag-provence-alpes-cote-dazur","27":"tag-radio","28":"tag-radioespace","29":"tag-republique-francaise","30":"tag-rhone"},"share_on_mastodon":{"url":"https:\/\/pubeurope.com\/@fr\/114656579614001053","error":""},"_links":{"self":[{"href":"https:\/\/www.europesays.com\/fr\/wp-json\/wp\/v2\/posts\/164574","targetHints":{"allow":["GET"]}}],"collection":[{"href":"https:\/\/www.europesays.com\/fr\/wp-json\/wp\/v2\/posts"}],"about":[{"href":"https:\/\/www.europesays.com\/fr\/wp-json\/wp\/v2\/types\/post"}],"author":[{"embeddable":true,"href":"https:\/\/www.europesays.com\/fr\/wp-json\/wp\/v2\/users\/2"}],"replies":[{"embeddable":true,"href":"https:\/\/www.europesays.com\/fr\/wp-json\/wp\/v2\/comments?post=164574"}],"version-history":[{"count":0,"href":"https:\/\/www.europesays.com\/fr\/wp-json\/wp\/v2\/posts\/164574\/revisions"}],"wp:featuredmedia":[{"embeddable":true,"href":"https:\/\/www.europesays.com\/fr\/wp-json\/wp\/v2\/media\/164575"}],"wp:attachment":[{"href":"https:\/\/www.europesays.com\/fr\/wp-json\/wp\/v2\/media?parent=164574"}],"wp:term":[{"taxonomy":"category","embeddable":true,"href":"https:\/\/www.europesays.com\/fr\/wp-json\/wp\/v2\/categories?post=164574"},{"taxonomy":"post_tag","embeddable":true,"href":"https:\/\/www.europesays.com\/fr\/wp-json\/wp\/v2\/tags?post=164574"}],"curies":[{"name":"wp","href":"https:\/\/api.w.org\/{rel}","templated":true}]}}