{"id":164593,"date":"2025-06-10T02:07:23","date_gmt":"2025-06-10T02:07:23","guid":{"rendered":"https:\/\/www.europesays.com\/fr\/164593\/"},"modified":"2025-06-10T02:07:23","modified_gmt":"2025-06-10T02:07:23","slug":"croissance-economique-en-allemagne-la-bundesbank-reste-pessimiste-jusquen-2027","status":"publish","type":"post","link":"https:\/\/www.europesays.com\/fr\/164593\/","title":{"rendered":"Croissance \u00e9conomique en Allemagne : la Bundesbank reste pessimiste jusqu\u2019en 2027"},"content":{"rendered":"<p><strong>Une reprise lente malgr\u00e9 les d\u00e9penses publiques<\/strong><\/p>\n<p style=\"text-align: justify;\">La Bundesbank a averti vendredi que la croissance \u00e9conomique de l\u2019Allemagne sera plus faible que pr\u00e9vu en 2025. Malgr\u00e9 les efforts du gouvernement pour accro\u00eetre les d\u00e9penses publiques, notamment dans l\u2019infrastructure et la d\u00e9fense, ces mesures n\u2019auront un impact significatif sur l\u2019\u00e9conomie qu\u2019\u00e0 partir de la fin 2027.<\/p>\n<p><strong>Une contraction unique au sein du G7<\/strong><\/p>\n<p style=\"text-align: justify;\">L\u2019Allemagne demeure la seule \u00e9conomie du G7 \u00e0 avoir enregistr\u00e9 une contraction au cours des deux derni\u00e8res ann\u00e9es. Ce recul s\u2019explique par une s\u00e9rie de facteurs structurels et conjoncturels, dont l\u2019affaiblissement de l\u2019industrie nationale, la baisse des exportations et la guerre commerciale men\u00e9e par les \u00c9tats-Unis, qui a introduit de nouveaux droits de douane.<\/p>\n<p><strong>La guerre commerciale fragilise l\u2019industrie exportatrice<\/strong><\/p>\n<p style=\"text-align: justify;\">Joachim Nagel, pr\u00e9sident de la Bundesbank, souligne que \u00ab les nouveaux droits de douane am\u00e9ricains et l\u2019incertitude li\u00e9e \u00e0 la politique commerciale des \u00c9tats-Unis freinent actuellement la croissance \u00e9conomique \u00bb. Ce climat d\u2019instabilit\u00e9 a frapp\u00e9 l\u2019industrie allemande au moment o\u00f9 celle-ci commen\u00e7ait \u00e0 peine \u00e0 se redresser apr\u00e8s une p\u00e9riode prolong\u00e9e de faiblesse.<\/p>\n<p><strong>Des exportations en chute, une reprise lointaine<\/strong><\/p>\n<p style=\"text-align: justify;\">Selon les pr\u00e9visions \u00e9conomiques semestrielles de la Bundesbank, les exportations allemandes devraient fortement chuter en 2025 et n\u2019afficher qu\u2019une faible hausse en 2026. Cette tendance p\u00e8sera non seulement sur la croissance du PIB, mais \u00e9galement sur l\u2019emploi et l\u2019\u00e9volution des salaires. La dynamique industrielle, d\u00e9j\u00e0 fragilis\u00e9e, risque de se d\u00e9t\u00e9riorer davantage.<\/p>\n<p><strong>Un secteur industriel structurellement affaibli<\/strong><\/p>\n<p style=\"text-align: justify;\">Le vaste secteur industriel allemand est en r\u00e9cession depuis plusieurs ann\u00e9es. Parmi les causes : les co\u00fbts \u00e9lev\u00e9s de l\u2019\u00e9nergie, la concurrence agressive des pays asiatiques, ainsi qu\u2019une demande en recul pour certains produits traditionnels, notamment dans le secteur automobile, jug\u00e9s obsol\u00e8tes face aux nouvelles normes et technologies.<\/p>\n<p><strong>Des pr\u00e9visions de croissance inf\u00e9rieures aux estimations europ\u00e9ennes<\/strong><\/p>\n<p style=\"text-align: justify;\">La Bundesbank pr\u00e9voit une stagnation de l\u2019\u00e9conomie en 2025, suivie d\u2019une croissance modeste de 0,7 % en 2026. Cette estimation est nettement inf\u00e9rieure aux pr\u00e9visions du gouvernement allemand et de la Commission europ\u00e9enne, qui tablent tous deux sur une croissance d\u2019au moins 1 % pour cette m\u00eame ann\u00e9e.<\/p>\n<p style=\"text-align: justify;\">En avril dernier, les principaux instituts \u00e9conomiques allemands avaient d\u00e9j\u00e0 revu leurs pr\u00e9visions \u00e0 la baisse, tablant sur une croissance de seulement 0,1 % pour 2025, contre 0,8 % anticip\u00e9s en septembre 2024. Ces ajustements int\u00e9graient d\u00e9j\u00e0 les effets des nouveaux droits de douane am\u00e9ricains sur l\u2019acier, l\u2019aluminium et l\u2019automobile.<\/p>\n<p><strong>Une embellie temporaire d\u00e9but 2025<\/strong><\/p>\n<p style=\"text-align: justify;\">Malgr\u00e9 ces perspectives globalement moroses, le premier trimestre 2025 a affich\u00e9 une performance \u00e9conomique plus robuste qu\u2019attendu. La progression des exportations et de la production manufacturi\u00e8re, juste avant l\u2019application des nouvelles mesures protectionnistes am\u00e9ricaines, a temporairement soutenu l\u2019activit\u00e9.<\/p>\n<p><strong>Un soutien budg\u00e9taire \u00e0 long terme<\/strong><\/p>\n<p style=\"text-align: justify;\">Face \u00e0 ces difficult\u00e9s, le gouvernement allemand mise sur une augmentation des d\u00e9penses publiques. La r\u00e9forme du \u00ab\u00a0frein \u00e0 l\u2019endettement\u00a0\u00bb, adopt\u00e9e en mars dernier, permet une plus grande flexibilit\u00e9 budg\u00e9taire. Les investissements massifs pr\u00e9vus dans les infrastructures et la d\u00e9fense devraient porter leurs fruits \u00e0 plus long terme.<\/p>\n<p style=\"text-align: justify;\">\u00ab Nous nous attendons \u00e0 ce que les d\u00e9penses publiques suppl\u00e9mentaires en mati\u00e8re de d\u00e9fense et d\u2019infrastructure augmentent de mani\u00e8re significative la croissance du PIB d\u2019ici la fin de l\u2019ann\u00e9e 2027 \u00bb, a d\u00e9clar\u00e9 Joachim Nagel.<\/p>\n","protected":false},"excerpt":{"rendered":"Une reprise lente malgr\u00e9 les d\u00e9penses publiques La Bundesbank a averti vendredi que la croissance \u00e9conomique de l\u2019Allemagne&hellip;\n","protected":false},"author":2,"featured_media":164594,"comment_status":"","ping_status":"","sticky":false,"template":"","format":"standard","meta":{"footnotes":""},"categories":[1587],"tags":[11,672,29780,1804,29781,1805,16955,1803,2388,1777,674,29782,1801,1074,6025,12,29783,29784,29785,1802],"class_list":{"0":"post-164593","1":"post","2":"type-post","3":"status-publish","4":"format-standard","5":"has-post-thumbnail","7":"category-allemagne","8":"tag-actualites","9":"tag-allemagne","10":"tag-bundesbank","11":"tag-bundesrepublik-deutschland","12":"tag-croissance-economique-allemagne","13":"tag-de","14":"tag-depenses-publiques","15":"tag-deutschland","16":"tag-droits-de-douane","17":"tag-eu","18":"tag-europe","19":"tag-exportations-allemandes","20":"tag-germany","21":"tag-guerre-commerciale","22":"tag-industrie-automobile","23":"tag-news","24":"tag-pib-allemand","25":"tag-previsions-economiques-2025-2026-2027","26":"tag-recession-allemagne","27":"tag-republique-federale-dallemagne"},"share_on_mastodon":{"url":"https:\/\/pubeurope.com\/@fr\/114656630797657792","error":""},"_links":{"self":[{"href":"https:\/\/www.europesays.com\/fr\/wp-json\/wp\/v2\/posts\/164593","targetHints":{"allow":["GET"]}}],"collection":[{"href":"https:\/\/www.europesays.com\/fr\/wp-json\/wp\/v2\/posts"}],"about":[{"href":"https:\/\/www.europesays.com\/fr\/wp-json\/wp\/v2\/types\/post"}],"author":[{"embeddable":true,"href":"https:\/\/www.europesays.com\/fr\/wp-json\/wp\/v2\/users\/2"}],"replies":[{"embeddable":true,"href":"https:\/\/www.europesays.com\/fr\/wp-json\/wp\/v2\/comments?post=164593"}],"version-history":[{"count":0,"href":"https:\/\/www.europesays.com\/fr\/wp-json\/wp\/v2\/posts\/164593\/revisions"}],"wp:featuredmedia":[{"embeddable":true,"href":"https:\/\/www.europesays.com\/fr\/wp-json\/wp\/v2\/media\/164594"}],"wp:attachment":[{"href":"https:\/\/www.europesays.com\/fr\/wp-json\/wp\/v2\/media?parent=164593"}],"wp:term":[{"taxonomy":"category","embeddable":true,"href":"https:\/\/www.europesays.com\/fr\/wp-json\/wp\/v2\/categories?post=164593"},{"taxonomy":"post_tag","embeddable":true,"href":"https:\/\/www.europesays.com\/fr\/wp-json\/wp\/v2\/tags?post=164593"}],"curies":[{"name":"wp","href":"https:\/\/api.w.org\/{rel}","templated":true}]}}