{"id":164595,"date":"2025-06-10T02:08:15","date_gmt":"2025-06-10T02:08:15","guid":{"rendered":"https:\/\/www.europesays.com\/fr\/164595\/"},"modified":"2025-06-10T02:08:15","modified_gmt":"2025-06-10T02:08:15","slug":"reportage-au-meeting-des-patriotes-pour-leurope-dans-le-loiret-des-invites-aux-discours-xenophobes-et-un-rn-offensif-sur-lunion-europeenne","status":"publish","type":"post","link":"https:\/\/www.europesays.com\/fr\/164595\/","title":{"rendered":"REPORTAGE. Au meeting des \u00ab\u00a0Patriotes pour l&rsquo;Europe\u00a0\u00bb, dans le Loiret, des invit\u00e9s aux discours x\u00e9nophobes et un RN offensif sur l&rsquo;Union europ\u00e9enne"},"content":{"rendered":"\n<p class=\"c-chapo \">\n  La \u00ab\u00a0F\u00eate de la victoire\u00a0\u00bb organis\u00e9e \u00e0 Mormant-sur-Vernisson a notamment r\u00e9uni plusieurs chefs de file de l&rsquo;extr\u00eame droite europ\u00e9enne. Le rassemblement entend montrer que Marine Le Pen n&rsquo;est pas isol\u00e9e dans l&rsquo;Union europ\u00e9enne.\n<\/p>\n<p>    <img loading=\"lazy\" decoding=\"async\" class=\"signature__image lazyload\" width=\"100\" height=\"100\" data- alt=\"\" src=\"https:\/\/www.europesays.com\/fr\/wp-content\/uploads\/2025\/06\/bonno-pierrick-portrait-670e7c6381547819582831.png\"\/><\/p>\n<p>    Publi\u00e9 le 09\/06\/2025 20:17<\/p>\n<p>        Temps de lecture : 3min<\/p>\n<p>    <img decoding=\"async\"  alt=\"Jordan Bardella, pr\u00e9sident du Rassemblement national, entour\u00e9 notamment de Marine Le Pen (\u00e0 gauche), d\u00e9put\u00e9 et pr\u00e9sidente du groupe RN \u00e0 l'Assembl\u00e9e, et Viktor Orban (\u00e0 droite), Premier ministre hongrois, le 9 juin 2025 \u00e0 Mormant-sur-Vernisson (Loiret). (OLIVIER CORSAN \/ MAXPPP)\" width=\"432\" height=\"243\" src=\"https:\/\/www.europesays.com\/fr\/wp-content\/uploads\/2025\/06\/maxnewsspecialtwo244071-68470b939e2b0977837125.jpg\" fetchpriority=\"high\"\/><\/p>\n<p>      Jordan Bardella, pr\u00e9sident du Rassemblement national, entour\u00e9 notamment de Marine Le Pen (\u00e0 gauche), d\u00e9put\u00e9 et pr\u00e9sidente du groupe RN \u00e0 l&rsquo;Assembl\u00e9e, et Viktor Orban (\u00e0 droite), Premier ministre hongrois, le 9 juin 2025 \u00e0 Mormant-sur-Vernisson (Loiret). (OLIVIER CORSAN \/ MAXPPP)<\/p>\n<p>Les leaders de l&rsquo;extr\u00eame droite europ\u00e9enne se <a href=\"https:\/\/www.franceinfo.fr\/replay-radio\/l-edito-politique\/edito-a-mormant-sur-vernisson-marine-le-pen-et-jordan-bardella-veulent-montrer-que-le-rn-n-est-ni-isole-ni-divise_7273026.html\" rel=\"nofollow noopener\" target=\"_blank\">sont r\u00e9unis \u00e0 Mormant-sur-Vernisson, dans le Loiret<\/a>, lundi 9 juin pour c\u00e9l\u00e9brer la victoire du <a href=\"https:\/\/www.franceinfo.fr\/politique\/front-national\/le-rassemblement-national-serait-en-tete-des-intentions-de-vote-en-cas-de-nouvelle-dissolution-selon-un-sondage_7299609.html\" rel=\"nofollow noopener\" target=\"_blank\">Rassemblement national<\/a> aux europ\u00e9ennes il y a un an, jour pour jour. Une victoire \u00e9clips\u00e9e par la dissolution surprise qui avait suivi. Marine Le Pen et Jordan Bardella ont organis\u00e9 un meeting avec leurs alli\u00e9s dans un champ, \u00e0 une dizaine de kilom\u00e8tres de la ville de Montargis.<\/p>\n<p>Trois heures de prise de parole et la radicalit\u00e9 des alli\u00e9s du RN mise \u00e0 nu, avec des discours x\u00e9nophobes, islamophobes, parfois m\u00eame complotistes, avec un mot-cl\u00e9 : la souverainet\u00e9. \u00c0 la tribune, les alli\u00e9s du RN n&rsquo;ont pas la retenue pr\u00f4n\u00e9e par le parti fran\u00e7ais depuis plusieurs ann\u00e9es.<\/p>\n<p>Il y a eu des discours muscl\u00e9s, notamment de Tom Van Grieken, le pr\u00e9sident du parti flamand Vlaams Belang : \u00ab\u00a0Si j&rsquo;ai bien compris, chez vous au Rassemblement national, c&rsquo;est un peu comme chez nous au Vlaams Belang, on dit clairement aux \u00e9trangers : &lsquo;vous vous adaptez ou vous partez&rsquo;, c&rsquo;est bien \u00e7a ?\u00a0\u00bb Le Premier ministre hongrois, Viktor Orban, \u00e0 l&rsquo;origine de plusieurs mesures liberticides, notamment contre la communaut\u00e9 LGBT, attaque frontalement les migrants, accus\u00e9s \u00ab\u00a0de violer nos femmes et nos enfants\u00a0\u00bb.<\/p>\n<p>Dans le public, les applaudissements sont peu nourris. Un habitant du Loiret, militant du RN, ne cautionne pas. \u00ab\u00a0Moi, je suis plut\u00f4t ouvert un peu \u00e0 tout, lance-t-il. Je ne suis pas anti-homosexuel, je ne suis pas tout \u00e7a, au contraire, chacun doit vivre la vie qu&rsquo;il veut.\u00a0\u00bb<\/p>\n<blockquote class=\"ftvi_content_quote\">\n<p class=\"ftvi_citation_quote\">\u00ab\u00a0Nous, on a la chance en France d&rsquo;avoir un parti qui n&rsquo;est pas extr\u00e9miste. Apr\u00e8s, c&rsquo;est \u00e0 Marine Le Pen et Jordan Bardella de faire la part des choses.\u00a0\u00bb<\/p>\n<p>Un habitant du Loiret et militant du RN<\/p>\n<p class=\"ftvi_citation_source\">\u00e0 franceinfo<\/p>\n<\/blockquote>\n<p>\u00c0 la tribune, Marine Le Pen et Jordan Bardella sont plus mesur\u00e9s dans leurs propos. Le patron du RN et d\u00e9put\u00e9 europ\u00e9en pr\u00e9f\u00e8re attaquer l&rsquo;Union europ\u00e9enne. \u00ab\u00a0Ce que nous incarnons, les amis, et je vous le dis avec fiert\u00e9, c&rsquo;est la renaissance de l&rsquo;Europe v\u00e9ritable, dans la fid\u00e9lit\u00e9 au projet du g\u00e9n\u00e9ral de Gaulle. L&rsquo;Europe des libert\u00e9s et des protections des d\u00e9mocraties, celle des b\u00e2tisseurs, des travailleurs, des entrepreneurs, des agriculteurs, celle des fronti\u00e8res \u00e0 ma\u00eetriser, des langues et des valeurs.\u00a0\u00bb<\/p>\n<p>C&rsquo;\u00e9tait aussi un meeting de soutien \u00e0 Marine Le Pen. Beaucoup d&rsquo;orateurs font r\u00e9f\u00e9rence \u00e0 la condamnation de Marine Le Pen \u00e0 une peine d&rsquo;in\u00e9ligibilit\u00e9 qui risque de l&#8217;emp\u00eacher de se pr\u00e9senter \u00e0 la pr\u00e9sidentielle. \u00ab\u00a0Ils attaquent Marine car ils ont peur de vous, gens courageux, l&rsquo;establishment panique\u00a0\u00bb, lance au public le chef du parti d&rsquo;extr\u00eame droite flamand. Matteo Salvini, patron de la Lega, vice-pr\u00e9sident du Conseil italien, fait m\u00eame scander des \u00ab\u00a0Marine !\u00a0\u00bb \u00e0 la foule, avant de faire le lien avec son propre pass\u00e9 : \u00ab\u00a0Nous l&rsquo;avons vu aussi avec moi en Italie, avec un proc\u00e8s o\u00f9 je risquais six ans de prison.\u00a0\u00bb<\/p>\n<p>Car c&rsquo;est bien le sens de ce rassemblement lundi dans le Loiret : montrer que Marine Le Pen n&rsquo;est pas isol\u00e9e dans l&rsquo;Union europ\u00e9enne, qu&rsquo;elle est soutenue, quitte \u00e0 pr\u00e9senter aux Fran\u00e7ais des partenaires europ\u00e9ens beaucoup plus radicaux que le Rassemblement national.<\/p>\n","protected":false},"excerpt":{"rendered":"La \u00ab\u00a0F\u00eate de la victoire\u00a0\u00bb organis\u00e9e \u00e0 Mormant-sur-Vernisson a notamment r\u00e9uni plusieurs chefs de file de l&rsquo;extr\u00eame droite&hellip;\n","protected":false},"author":2,"featured_media":164596,"comment_status":"","ping_status":"","sticky":false,"template":"","format":"standard","meta":{"footnotes":""},"categories":[1586],"tags":[11,1777,674,1011,27,12,25],"class_list":{"0":"post-164595","1":"post","2":"type-post","3":"status-publish","4":"format-standard","5":"has-post-thumbnail","7":"category-europe","8":"tag-actualites","9":"tag-eu","10":"tag-europe","11":"tag-fr","12":"tag-france","13":"tag-news","14":"tag-republique-francaise"},"share_on_mastodon":{"url":"https:\/\/pubeurope.com\/@fr\/114656634969592124","error":""},"_links":{"self":[{"href":"https:\/\/www.europesays.com\/fr\/wp-json\/wp\/v2\/posts\/164595","targetHints":{"allow":["GET"]}}],"collection":[{"href":"https:\/\/www.europesays.com\/fr\/wp-json\/wp\/v2\/posts"}],"about":[{"href":"https:\/\/www.europesays.com\/fr\/wp-json\/wp\/v2\/types\/post"}],"author":[{"embeddable":true,"href":"https:\/\/www.europesays.com\/fr\/wp-json\/wp\/v2\/users\/2"}],"replies":[{"embeddable":true,"href":"https:\/\/www.europesays.com\/fr\/wp-json\/wp\/v2\/comments?post=164595"}],"version-history":[{"count":0,"href":"https:\/\/www.europesays.com\/fr\/wp-json\/wp\/v2\/posts\/164595\/revisions"}],"wp:featuredmedia":[{"embeddable":true,"href":"https:\/\/www.europesays.com\/fr\/wp-json\/wp\/v2\/media\/164596"}],"wp:attachment":[{"href":"https:\/\/www.europesays.com\/fr\/wp-json\/wp\/v2\/media?parent=164595"}],"wp:term":[{"taxonomy":"category","embeddable":true,"href":"https:\/\/www.europesays.com\/fr\/wp-json\/wp\/v2\/categories?post=164595"},{"taxonomy":"post_tag","embeddable":true,"href":"https:\/\/www.europesays.com\/fr\/wp-json\/wp\/v2\/tags?post=164595"}],"curies":[{"name":"wp","href":"https:\/\/api.w.org\/{rel}","templated":true}]}}