{"id":16460,"date":"2025-04-11T03:49:21","date_gmt":"2025-04-11T03:49:21","guid":{"rendered":"https:\/\/www.europesays.com\/fr\/16460\/"},"modified":"2025-04-11T03:49:21","modified_gmt":"2025-04-11T03:49:21","slug":"guerre-en-ukraine-les-negociations-de-paix-au-point-mort-la-perspective-dune-treve-seloigne","status":"publish","type":"post","link":"https:\/\/www.europesays.com\/fr\/16460\/","title":{"rendered":"Guerre en Ukraine. Les n\u00e9gociations de paix au point mort, la perspective d\u2019une tr\u00eave s\u2019\u00e9loigne"},"content":{"rendered":"<p>L\u2019arr\u00eat de la guerre en Ukraine ne semble plus \u00eatre une priorit\u00e9 pour <a href=\"https:\/\/www.ledauphine.com\/p\/donald-trump\" target=\"_blank\" rel=\"nofollow noopener\">Donald Trump<\/a>. Le pr\u00e9sident am\u00e9ricain avait pourtant promis de faire la paix en 24 heures avant de fixer un d\u00e9lai de 100 jours \u00e0 son \u00e9missaire, tomb\u00e9 en disgr\u00e2ce car jug\u00e9 trop proche des Ukrainiens. <a href=\"https:\/\/www.ledauphine.com\/defense-guerre-conflit\/2025\/04\/10\/les-relations-se-rechauffent-moscou-et-washington-discutent-et-echangent-des-prisonniers\" target=\"_blank\" rel=\"nofollow noopener\">Le dialogue entre les \u00c9tats-Unis et la Russie a repris ce jeudi \u00e0 Istanbul en Turquie<\/a>, mais l\u2019Ukraine n\u2019\u00e9tait m\u00eame pas \u00e0 l\u2019ordre du jour.<\/p>\n<p>Avant <a href=\"https:\/\/www.ledauphine.com\/defense-guerre-conflit\/2025\/03\/18\/trump-et-poutine-s-accordent-sur-un-cessez-le-feu-limite\" target=\"_blank\" rel=\"nofollow noopener\">l\u2019appel t\u00e9l\u00e9phonique du 18 mars<\/a> dernier entre Donald Trump et <a href=\"https:\/\/www.ledauphine.com\/p\/vladimir-poutine\" target=\"_blank\" rel=\"nofollow noopener\">Vladimir Poutine<\/a>, le pr\u00e9sident ukrainien <a href=\"https:\/\/www.ledauphine.com\/p\/volodymyr-zelensky\" target=\"_blank\" rel=\"nofollow noopener\">Volodymyr Zelensky<\/a> avait donn\u00e9 son accord de principe \u00e0 un projet de cessez-le-feu de 30 jours. Le pr\u00e9sident russe s\u2019y \u00e9tait oppos\u00e9 et avait n\u00e9goci\u00e9 \u00e0 la place une tr\u00eave r\u00e9duite aux infrastructures \u00e9nerg\u00e9tiques qui est rest\u00e9e lettre morte.<\/p>\n<p><a href=\"https:\/\/www.ledauphine.com\/defense-guerre-conflit\/2025\/03\/25\/la-maison-blanche-annonce-une-cessation-des-hostilites-en-mer-noire\" target=\"_blank\" rel=\"nofollow noopener\">La tr\u00eave en mer Noire<\/a> annonc\u00e9e par la suite n\u2019est pas non plus respect\u00e9e. La Russie a pos\u00e9 des conditions qui bloquent sa mise en \u0153uvre, comme la lev\u00e9e des sanctions contre une banque publique russe.<\/p>\n<p>Amateurisme et prisme \u00e9conomique<\/p>\n<p>Vladimir Poutine veut gagner du temps, tout en poussant Donald Trump \u00e0 faire des concessions. Le pr\u00e9sident russe exploite habilement la vision du monde du milliardaire, domin\u00e9e par un prisme \u00e9conomique et une forme d\u2019amateurisme.<\/p>\n<p>Dimitri Minic, chercheur au centre Russie-Eurasie de l\u2019Ifri (Institut fran\u00e7ais de recherches internationales), avait vu juste\u00a0: \u00ab\u00a0Vladimir Poutine n\u2019est pas si press\u00e9. Soit Donald Trump aide le Kremlin \u00e0 atteindre ses objectifs maximalistes, soit les n\u00e9gociations \u00e9choueront. La Russie, convaincue de pouvoir l\u2019emporter sur le champ de bataille, continuera cette guerre\u00a0\u00bb, \u00e9crivait-il en f\u00e9vrier dernier en d\u00e9non\u00e7ant un stratag\u00e8me pour affaiblir l\u2019Ukraine et salir l\u2019image de l\u2019Occident.<\/p>\n<p>La Russie pose ses exigences avant d\u2019accepter de nouvelles n\u00e9gociations. L\u2019Ukraine doit abandonner l\u2019id\u00e9e d\u2019adh\u00e9rer \u00e0 l\u2019Otan, sans renoncer toutefois \u00e0 l\u2019Union europ\u00e9enne (UE). Vladimir Poutine veut chasser Volodymyr Zelensky du pouvoir et refuse de signer un trait\u00e9 de paix avec le pr\u00e9sident ukrainien dont le mandat a \u00e9t\u00e9 prolong\u00e9 apr\u00e8s le report de l\u2019\u00e9lection de 2024.<\/p>\n<p>Une paix d\u00e9stabilisatrice pour le r\u00e9gime russe<\/p>\n<p>Donald Trump a lui aussi un contentieux avec Volodymyr Zelensky, qui explique en partie <a href=\"https:\/\/www.ledauphine.com\/defense-guerre-conflit\/2025\/02\/28\/kiev-devra-faire-des-compromis-lance-trump-a-zelensky\" target=\"_blank\" rel=\"nofollow noopener\">l\u2019altercation entre les deux hommes \u00e0 la Maison Blanche<\/a>. Pendant son premier mandat, le pr\u00e9sident am\u00e9ricain avait fait pression en vain sur son homologue pour qu\u2019il enqu\u00eate sur les activit\u00e9s en Ukraine du fils de <a href=\"https:\/\/www.ledauphine.com\/p\/joe-biden\" target=\"_blank\" rel=\"nofollow noopener\">Joe Biden<\/a>, son adversaire d\u00e9mocrate. Accus\u00e9 d\u2019abus de pouvoir, Donald Trump avait \u00e9t\u00e9 vis\u00e9 par une proc\u00e9dure d\u2019\u00a0\u00bbimpeachment\u00a0\u00bb en vue de sa destitution qui n\u2019a pas abouti.<\/p>\n<p>Plusieurs experts estiment que Vladimir Poutine n\u2019a pas int\u00e9r\u00eat \u00e0 arr\u00eater le conflit alors que la croissance de l\u2019\u00e9conomie russe est port\u00e9e par l\u2019effort de guerre. Le retour \u00e0 une \u00e9conomie classique serait douloureux. \u00ab\u00a0La Russie est aussi dans une situation politique interne qui la pousserait plut\u00f4t \u00e0 \u00e9viter des sc\u00e9narios de paix durable, paradoxalement plus d\u00e9stabilisateurs que la guerre\u00a0\u00bb, commente la politologue Anna Colin Lebedev.<\/p>\n","protected":false},"excerpt":{"rendered":"L\u2019arr\u00eat de la guerre en Ukraine ne semble plus \u00eatre une priorit\u00e9 pour Donald Trump. Le pr\u00e9sident am\u00e9ricain&hellip;\n","protected":false},"author":2,"featured_media":16461,"comment_status":"","ping_status":"","sticky":false,"template":"","format":"standard","meta":{"footnotes":""},"categories":[1590],"tags":[11,3206,1777,674,107,329,12,316,220],"class_list":{"0":"post-16460","1":"post","2":"type-post","3":"status-publish","4":"format-standard","5":"has-post-thumbnail","7":"category-ukraine","8":"tag-actualites","9":"tag-defense-guerre-conflit","10":"tag-eu","11":"tag-europe","12":"tag-fil-info","13":"tag-france-monde","14":"tag-news","15":"tag-politique","16":"tag-ukraine"},"share_on_mastodon":{"url":"https:\/\/pubeurope.com\/@fr\/114317293325662052","error":""},"_links":{"self":[{"href":"https:\/\/www.europesays.com\/fr\/wp-json\/wp\/v2\/posts\/16460","targetHints":{"allow":["GET"]}}],"collection":[{"href":"https:\/\/www.europesays.com\/fr\/wp-json\/wp\/v2\/posts"}],"about":[{"href":"https:\/\/www.europesays.com\/fr\/wp-json\/wp\/v2\/types\/post"}],"author":[{"embeddable":true,"href":"https:\/\/www.europesays.com\/fr\/wp-json\/wp\/v2\/users\/2"}],"replies":[{"embeddable":true,"href":"https:\/\/www.europesays.com\/fr\/wp-json\/wp\/v2\/comments?post=16460"}],"version-history":[{"count":0,"href":"https:\/\/www.europesays.com\/fr\/wp-json\/wp\/v2\/posts\/16460\/revisions"}],"wp:featuredmedia":[{"embeddable":true,"href":"https:\/\/www.europesays.com\/fr\/wp-json\/wp\/v2\/media\/16461"}],"wp:attachment":[{"href":"https:\/\/www.europesays.com\/fr\/wp-json\/wp\/v2\/media?parent=16460"}],"wp:term":[{"taxonomy":"category","embeddable":true,"href":"https:\/\/www.europesays.com\/fr\/wp-json\/wp\/v2\/categories?post=16460"},{"taxonomy":"post_tag","embeddable":true,"href":"https:\/\/www.europesays.com\/fr\/wp-json\/wp\/v2\/tags?post=16460"}],"curies":[{"name":"wp","href":"https:\/\/api.w.org\/{rel}","templated":true}]}}