{"id":164607,"date":"2025-06-10T02:15:09","date_gmt":"2025-06-10T02:15:09","guid":{"rendered":"https:\/\/www.europesays.com\/fr\/164607\/"},"modified":"2025-06-10T02:15:09","modified_gmt":"2025-06-10T02:15:09","slug":"le-joueur-du-rc-vannes-theo-costosseque-annonce-a-25-ans-la-fin-de-sa-carriere-professionnelle","status":"publish","type":"post","link":"https:\/\/www.europesays.com\/fr\/164607\/","title":{"rendered":"Le joueur du RC Vannes Th\u00e9o Costoss\u00e8que annonce, \u00e0 25 ans, la fin de sa carri\u00e8re professionnelle"},"content":{"rendered":"<p>Top 14. RC Vannes<\/p>\n<p>\u00ab\u00a0Apr\u00e8s plus de 20 ans \u00e0 jouer avec ce ballon ovale, c\u2019est avec beaucoup d\u2019\u00e9motions que je suis contraint de mettre un terme \u00e0 ma carri\u00e8re de joueur de rugby professionnel.\u00a0\u00bb C\u2019est avec ces mots, les premiers d\u2019un long texte publi\u00e9 ce lundi 9 juin 2025 sur ses r\u00e9seaux sociaux, que Th\u00e9o Costoss\u00e8que, qui \u00e9volue depuis trois saisons au poste de centre au RC Vannes, a scell\u00e9 son destin sportif.<\/p>\n<p>Une annonce qui intervient alors que le joueur, \u00e2g\u00e9 de 25 ans, <a href=\"https:\/\/www.letelegramme.fr\/sports\/rugby\/rc-vannes\/rc-vannes-quel-avenir-pour-les-joueurs-en-fin-de-contrat-en-2025-6825971.php\" target=\"_blank\" rel=\"noopener\">arrive en fin de contrat dans le Morbihan<\/a>. Titulaire quatre fois cette saison en Top 14, il a encha\u00een\u00e9 les blessures au genou puis au dos. Le natif de Bayonne, qui compte deux s\u00e9lections en \u00e9quipe de France U20 (en 2020), a tenu \u00e0 remercier ses anciennes couleurs, dont celles du RCV, \u00ab\u00a0o\u00f9 j\u2019ai eu le privil\u00e8ge de vivre trois ann\u00e9es intenses pour la ferveur de ses supporters et la famille qui s\u2019y cr\u00e9e\u00a0\u00bb, \u00e9crit le joueur.<\/p>\n","protected":false},"excerpt":{"rendered":"Top 14. RC Vannes \u00ab\u00a0Apr\u00e8s plus de 20 ans \u00e0 jouer avec ce ballon ovale, c\u2019est avec beaucoup&hellip;\n","protected":false},"author":2,"featured_media":164608,"comment_status":"","ping_status":"","sticky":false,"template":"","format":"standard","meta":{"footnotes":""},"categories":[1416],"tags":[1011,27,3164,479,1468,60],"class_list":{"0":"post-164607","1":"post","2":"type-post","3":"status-publish","4":"format-standard","5":"has-post-thumbnail","7":"category-rugby","8":"tag-fr","9":"tag-france","10":"tag-rc-vannes","11":"tag-rugby","12":"tag-rugby-football","13":"tag-sports"},"share_on_mastodon":{"url":"https:\/\/pubeurope.com\/@fr\/114656662229398282","error":""},"_links":{"self":[{"href":"https:\/\/www.europesays.com\/fr\/wp-json\/wp\/v2\/posts\/164607","targetHints":{"allow":["GET"]}}],"collection":[{"href":"https:\/\/www.europesays.com\/fr\/wp-json\/wp\/v2\/posts"}],"about":[{"href":"https:\/\/www.europesays.com\/fr\/wp-json\/wp\/v2\/types\/post"}],"author":[{"embeddable":true,"href":"https:\/\/www.europesays.com\/fr\/wp-json\/wp\/v2\/users\/2"}],"replies":[{"embeddable":true,"href":"https:\/\/www.europesays.com\/fr\/wp-json\/wp\/v2\/comments?post=164607"}],"version-history":[{"count":0,"href":"https:\/\/www.europesays.com\/fr\/wp-json\/wp\/v2\/posts\/164607\/revisions"}],"wp:featuredmedia":[{"embeddable":true,"href":"https:\/\/www.europesays.com\/fr\/wp-json\/wp\/v2\/media\/164608"}],"wp:attachment":[{"href":"https:\/\/www.europesays.com\/fr\/wp-json\/wp\/v2\/media?parent=164607"}],"wp:term":[{"taxonomy":"category","embeddable":true,"href":"https:\/\/www.europesays.com\/fr\/wp-json\/wp\/v2\/categories?post=164607"},{"taxonomy":"post_tag","embeddable":true,"href":"https:\/\/www.europesays.com\/fr\/wp-json\/wp\/v2\/tags?post=164607"}],"curies":[{"name":"wp","href":"https:\/\/api.w.org\/{rel}","templated":true}]}}