{"id":164611,"date":"2025-06-10T02:18:11","date_gmt":"2025-06-10T02:18:11","guid":{"rendered":"https:\/\/www.europesays.com\/fr\/164611\/"},"modified":"2025-06-10T02:18:11","modified_gmt":"2025-06-10T02:18:11","slug":"alex-marquez-a-limite-les-degats-face-a-un-marc-intouchable","status":"publish","type":"post","link":"https:\/\/www.europesays.com\/fr\/164611\/","title":{"rendered":"\u00c1lex M\u00e1rquez a \u00ab\u00a0limit\u00e9 les d\u00e9g\u00e2ts\u00a0\u00bb face \u00e0 un Marc intouchable"},"content":{"rendered":"<p>Lorsqu&rsquo;il a pass\u00e9 quelques tours en t\u00eate du sprint, <a href=\"https:\/\/fr.motorsport.com\/driver\/alex-marquez\/96324\/\" target=\"_blank\" rel=\"noopener nofollow\">\u00c1lex M\u00e1rquez<\/a> a <a href=\"https:\/\/fr.motorsport.com\/motogp\/news\/alex-marquez-moment-illusion-capituler\/10730602\/\" rel=\"nofollow noopener\" target=\"_blank\">eu un \u00ab\u00a0moment d&rsquo;illusion\u00a0\u00bb<\/a>\u00a0en s&rsquo;imaginant battre son fr\u00e8re sur le MotorLand Arag\u00f3n. Ses espoirs ont \u00e9t\u00e9 beaucoup plus faibles dimanche puisqu&rsquo;il a pass\u00e9 l&rsquo;int\u00e9gralit\u00e9 de la course \u00e0 la deuxi\u00e8me place, sans \u00eatre directement menac\u00e9 par <a href=\"https:\/\/fr.motorsport.com\/driver\/pecco-bagnaia\/109394\/\" target=\"_blank\" rel=\"noopener nofollow\">Pecco Bagnaia<\/a> mais sans pouvoir non plus jouer la victoire.<\/p>\n<p>Encore deuxi\u00e8me \u00e0 l&rsquo;arriv\u00e9e, \u00c1lex M\u00e1rquez a retrouv\u00e9 le statut qui lui colle aux basques depuis des mois, m\u00eame s&rsquo;il n&rsquo;avait plus encha\u00een\u00e9 ce r\u00e9sultat dans le sprint puis la course principale depuis les trois premiers week-ends de la saison. Le pilote Gresini a certes vu l&rsquo;\u00e9cart grandir de huit points au <a href=\"https:\/\/fr.motorsport.com\/motogp\/news\/championnat-marquez-envole-bagnaia-trois-ans\/10730647\/\" rel=\"nofollow noopener\" target=\"_blank\">championnat<\/a> au cours de ces deux journ\u00e9es mais il se f\u00e9licite de son bilan, conscient que Marc \u00e9tait invincible.<\/p>\n<p>\u00ab\u00a0C&rsquo;\u00e9tait un bon week-end pour nous, sinc\u00e8rement\u00a0\u00bb, a d\u00e9clar\u00e9 \u00c1lex M\u00e1rquez en conf\u00e9rence de presse. \u00ab\u00a0Avant de venir ici, on savait que le week-end se passerait comme \u00e7a : Marc est toujours super, super rapide ici. On \u00e9tait assez loin de lui en EL1 puis s\u00e9ance apr\u00e8s s\u00e9ance, on a pu se rapprocher. En course, j&rsquo;ai pris un tr\u00e8s bon d\u00e9part, lui aussi. Mon plan \u00e9tait d&rsquo;attaquer dans les quatre ou cinq premiers tours, mais ce n&rsquo;\u00e9tait pas le plan de Marc\u00a0!\u00a0\u00bb<\/p>\n<p>\u00ab\u00a0J&rsquo;ai perdu un peu de temps et je n&rsquo;ai pas pu le doubler. Quand il a d\u00e9cid\u00e9 de s&rsquo;\u00e9chapper, je me suis dit &lsquo;Je dois garder mon calme, je dois faire attention \u00e0 mes pneus&rsquo; et \u00e0 six ou sept tours de la fin, j&rsquo;ai d\u00e9cid\u00e9 d&rsquo;attaquer, de creuser l&rsquo;\u00e9cart sur Pecco pour prendre la deuxi\u00e8me place. Je suis vraiment content. On a limit\u00e9 les d\u00e9g\u00e2ts au championnat par rapport \u00e0 Marc, dans un tr\u00e8s bon week-end pour lui.\u00a0\u00bb<\/p>\n<p>   <img decoding=\"async\" draggable=\"false\" src=\"https:\/\/www.europesays.com\/fr\/wp-content\/uploads\/2025\/06\/1749521891_723_marc-marquez-ducati-team.jpg\" alt=\"Marc Marquez, Ducati Team\" width=\"1200\" height=\"800\" loading=\"lazy\"\/> <\/p>\n<p class=\"title\">\u00c1lex M\u00e1rquez n&rsquo;a pas pu lutter avec son a\u00een\u00e9.<\/p>\n<p class=\"photographer\">Photo de: Gold and Goose Photography \/ LAT Images \/ via Getty Images<\/p>\n<p>L&rsquo;an dernier, \u00c1lex M\u00e1rquez et Pecco Bagnaia avaient quitt\u00e9 le MotorLand Arag\u00f3n <a href=\"https:\/\/fr.motorsport.com\/motogp\/news\/pecco-bagnaia-colere-alex-marquez-tres-dangereux\/10650225\/\" rel=\"nofollow noopener\" target=\"_blank\">f\u00e2ch\u00e9s apr\u00e8s un gros accrochage<\/a>. Cette fois, ils ont partag\u00e9 le podium dans un concert de louanges mutuelles\u00a0: Bagnaia a compliment\u00e9 l&rsquo;Espagnol pour ses \u00ab\u00a0gros progr\u00e8s\u00a0\u00bb, tandis que celui-ci a de son c\u00f4t\u00e9 jug\u00e9 difficile de lui r\u00e9sister tout au long de la course : \u00ab\u00a0Pecco a \u00e9t\u00e9 incroyable, il \u00e9tait super rapide dimanche et il ne m&rsquo;a pas facilit\u00e9 les choses dans les derniers tours mais j&rsquo;ai pu contr\u00f4ler. Je suis vraiment content.\u00a0\u00bb<\/p>\n<p>\u00ab\u00a0Quand on a Pecco derri\u00e8re, on n&rsquo;est jamais calme\u00a0\u00bb, a ajout\u00e9 \u00c1lex M\u00e1rquez. \u00ab\u00a0C&rsquo;est un double champion du MotoGP donc on a tout le temps peur, on essaie tout le temps d&rsquo;attaquer. La seule chose \u00e0 faire sur le moment, c&rsquo;est de ne pas perdre la concentration, continuer de la m\u00eame fa\u00e7on.\u00a0\u00bb<\/p>\n<p>\u00ab\u00a0C&rsquo;est ce que j&rsquo;ai fait et j&rsquo;ai pu \u00eatre rapide \u00e0 la fin. J&rsquo;ai compris que mes pneus \u00e9taient encore en vie donc j&rsquo;ai essay\u00e9 d&rsquo;attaquer et de voir l&rsquo;arriv\u00e9e. Comme je l&rsquo;ai dit, un week-end positif pour nous. Lundi, on a le test donc il faudra se concentrer pour progresser un peu.\u00a0\u00bb<\/p>\n<p>   <img decoding=\"async\" draggable=\"false\" src=\"https:\/\/www.europesays.com\/fr\/wp-content\/uploads\/2025\/06\/1749521891_266_alex-marquez-gresini-racing-ma.jpg\" alt=\"Alex Marquez, Gresini Racing, Marc Marquez, Ducati Team\" width=\"1200\" height=\"800\" loading=\"lazy\"\/> <\/p>\n<p class=\"title\">Un premier doubl\u00e9 \u00e0 domicile pour les fr\u00e8res M\u00e1rquez.<\/p>\n<p class=\"photographer\">Photo de: Gold and Goose Photography \/ LAT Images \/ via Getty Images<\/p>\n<p>Avant ce test, les fr\u00e8res M\u00e1rquez ont pu c\u00e9l\u00e9brer leur troisi\u00e8me doubl\u00e9 en course principale, mais le premier en Espagne, puisque Marc \u00e9tait tomb\u00e9 lorsqu&rsquo;\u00c1lex s&rsquo;\u00e9tait impos\u00e9 lors de la premi\u00e8re \u00e9preuve de la saison sur leur terre.<\/p>\n<p>\u00ab\u00a0J&rsquo;ai d\u00e9j\u00e0 dit \u00e0 Jerez que c&rsquo;\u00e9tait un dimanche tr\u00e8s sp\u00e9cial pour moi, mais que Marc me manquait sur le podium pour faire la f\u00eate ensemble. On a pu f\u00eater [le doubl\u00e9] devant toute la famille et tous les supporters au virage 13. C&rsquo;\u00e9tait super sympa et je suis content pour lui parce qu&rsquo;il a pris la victoire&#8230; mais c&rsquo;est notre concurrent donc c&rsquo;est comme \u00e7a. C&rsquo;\u00e9tait super sympa d&rsquo;\u00eatre dans un GP en Espagne, avec Marc sur le podium, un doubl\u00e9 entre fr\u00e8res&#8230; c&rsquo;est tr\u00e8s, tr\u00e8s sympa et particulier.\u00a0\u00bb<\/p>\n<p>Lire aussi :<\/p>\n<p>Dans cet article<\/p>\n<p>    Vincent Lalanne-Sicaud\n<\/p>\n<p>    MotoGP\n<\/p>\n<p>    \u00c1lex M\u00e1rquez\n<\/p>\n<p>    Gresini Racing\n<\/p>\n<p>Soyez le premier inform\u00e9 et souscrivez aux alertes mails pour recevoir les infos en temps r\u00e9el<\/p>\n<p>    S&rsquo;abonner aux alertes de news<\/p>\n","protected":false},"excerpt":{"rendered":"Lorsqu&rsquo;il a pass\u00e9 quelques tours en t\u00eate du sprint, \u00c1lex M\u00e1rquez a eu un \u00ab\u00a0moment d&rsquo;illusion\u00a0\u00bb\u00a0en s&rsquo;imaginant battre&hellip;\n","protected":false},"author":2,"featured_media":164612,"comment_status":"","ping_status":"","sticky":false,"template":"","format":"standard","meta":{"footnotes":""},"categories":[1413],"tags":[1011,27,26452,3452,1457,1456,1458,26453,60,7896],"class_list":{"0":"post-164611","1":"post","2":"type-post","3":"status-publish","4":"format-standard","5":"has-post-thumbnail","7":"category-moto","8":"tag-fr","9":"tag-france","10":"tag-gp-daragu00f3n","11":"tag-gresini-racing","12":"tag-moto","13":"tag-motocycle","14":"tag-motogp","15":"tag-motorland-aragu00f3n","16":"tag-sports","17":"tag-u00c1lex-mu00e1rquez"},"share_on_mastodon":{"url":"https:\/\/pubeurope.com\/@fr\/114656674105237161","error":""},"_links":{"self":[{"href":"https:\/\/www.europesays.com\/fr\/wp-json\/wp\/v2\/posts\/164611","targetHints":{"allow":["GET"]}}],"collection":[{"href":"https:\/\/www.europesays.com\/fr\/wp-json\/wp\/v2\/posts"}],"about":[{"href":"https:\/\/www.europesays.com\/fr\/wp-json\/wp\/v2\/types\/post"}],"author":[{"embeddable":true,"href":"https:\/\/www.europesays.com\/fr\/wp-json\/wp\/v2\/users\/2"}],"replies":[{"embeddable":true,"href":"https:\/\/www.europesays.com\/fr\/wp-json\/wp\/v2\/comments?post=164611"}],"version-history":[{"count":0,"href":"https:\/\/www.europesays.com\/fr\/wp-json\/wp\/v2\/posts\/164611\/revisions"}],"wp:featuredmedia":[{"embeddable":true,"href":"https:\/\/www.europesays.com\/fr\/wp-json\/wp\/v2\/media\/164612"}],"wp:attachment":[{"href":"https:\/\/www.europesays.com\/fr\/wp-json\/wp\/v2\/media?parent=164611"}],"wp:term":[{"taxonomy":"category","embeddable":true,"href":"https:\/\/www.europesays.com\/fr\/wp-json\/wp\/v2\/categories?post=164611"},{"taxonomy":"post_tag","embeddable":true,"href":"https:\/\/www.europesays.com\/fr\/wp-json\/wp\/v2\/tags?post=164611"}],"curies":[{"name":"wp","href":"https:\/\/api.w.org\/{rel}","templated":true}]}}