{"id":164621,"date":"2025-06-10T02:23:35","date_gmt":"2025-06-10T02:23:35","guid":{"rendered":"https:\/\/www.europesays.com\/fr\/164621\/"},"modified":"2025-06-10T02:23:35","modified_gmt":"2025-06-10T02:23:35","slug":"provenance-un-enjeu-majeur-sur-fond-de-tensions","status":"publish","type":"post","link":"https:\/\/www.europesays.com\/fr\/164621\/","title":{"rendered":"Provenance\u00a0: un enjeu majeur sur fond de tensions"},"content":{"rendered":"<p>Autrefois consid\u00e9r\u00e9e comme une plus-value, la provenance est aujourd\u2019hui au c\u0153ur des pr\u00e9occupations des mus\u00e9es et du march\u00e9. Ses objectifs\u00a0: pr\u00e9venir les trafics, r\u00e9parer les spoliations, \u00e9viter les scandales. Mais tandis qu\u2019un nouvel \u00e9cosyst\u00e8me se construit, sa mise en \u0153uvre provoque de nombreuses tensions, comme le montre le nouveau r\u00e8glement europ\u00e9en qui entre en vigueur fin juin.<\/p>\n<p>Tout \u00e9tablissement patrimonial est appel\u00e9 \u00e0 documenter rigoureusement la provenance des \u0153uvres dans ses collections. Cet imp\u00e9ratif n\u2019est pas nouveau, et remonte notamment \u00e0 l\u2019ordonnance du 21\u00a0avril\u00a01945 relative aux spoliations perp\u00e9tr\u00e9es par le r\u00e9gime nazi. Ces biens dits MNR (Mus\u00e9es Nationaux R\u00e9cup\u00e9rations) sont recens\u00e9s depuis 1997 sur la <a href=\"https:\/\/pop.culture.gouv.fr\/advanced-search\/list\/mnr?qb=%5B%7B%22field%22%3A%5B%22INV.keyword%22%5D%2C%22operator%22%3A%22%2A%22%2C%22value%22%3A%22%22%2C%22combinator%22%3A%22AND%22%2C%22index%22%3A0%7D%5D\" target=\"_blank\" rel=\"noopener\">base Rose-Valland<\/a>, administr\u00e9e par le minist\u00e8re de la Culture. Essentielle, celle-ci est n\u00e9anmoins loin de refl\u00e9ter l\u2019ampleur r\u00e9elle des pertes. Nombre d\u2019\u0153uvres restent d\u00e9pourvues d\u2019une origine clairement \u00e9tablie. Conscient de devoir \u00ab\u00a0faire\u00a0mieux\u00a0\u00bb, le Premier ministre \u00c9douard Philippe avait lanc\u00e9 en 2019\u00a0la mission de recherche et de restitutions des biens culturels spoli\u00e9s entre 1933 et 1945 (M2RS).<\/p>\n<p>Lucides sur cette probl\u00e9matique, plusieurs mus\u00e9es se sont d\u2019eux-m\u00eames dot\u00e9s de cellules d\u00e9di\u00e9es \u00e0 la recherche de provenance. Le mus\u00e9e des Beaux-Arts de Rouen a \u00e9t\u00e9 pionnier, en lan\u00e7ant d\u00e8s 2022 \u2013 soit un an avant la loi du 22\u00a0juillet\u00a02023 sur la restitution des biens culturels spoli\u00e9s dans le contexte nazi \u2013 une v\u00e9rification globale de l\u2019historique de ses collections. Objectif\u00a0: retracer le parcours des \u0153uvres depuis les ann\u00e9es\u00a01930, afin d\u2019identifier d\u2019\u00e9ventuelles spoliations li\u00e9es aux pers\u00e9cutions antis\u00e9mites. D\u2019autres institutions suivent cet exemple. \u00c0 Autun, la fermeture actuelle pour travaux du mus\u00e9e Rolin est l\u2019occasion d\u2019engager une campagne de recherche sur la provenance des \u0153uvres. Autour de ce v\u00e9ritable enjeu global, l\u2019ICOM pr\u00e9pare actuellement un num\u00e9ro sp\u00e9cial de sa revue Museum International, qui explorera les d\u00e9fis sp\u00e9cifiques \u00e0 la recherche de provenance, notamment pour les objets acquis dans des contextes opaques ou peu document\u00e9s.<\/p>\n<p>Des recherches in\u00e9gales<\/p>\n<p>Si la p\u00e9riode\u00a01933-1945 reste centrale, la vigilance est permanente pour pr\u00e9venir les nouvelles acquisitions litigieuses ou irr\u00e9guli\u00e8res, comme le rappellent plusieurs affaires r\u00e9centes. En 2022, l\u2019ancien pr\u00e9sident-directeur du mus\u00e9e du Louvre\u00a0<a href=\"https:\/\/www.lequotidiendelart.com\/articles\/23212-louvre-abu-dhabi-inculpation-maintenue-pour-les-conservateurs.html\" target=\"_blank\" rel=\"noopener\">Jean-Luc Martinez\u00a0a \u00e9t\u00e9 mis en examen<\/a> par l\u2019Office central de lutte contre le trafic de biens culturels (OCBC), pour avoir valid\u00e9 de faux certificats d\u2019origine sur des antiquit\u00e9s \u00e9gyptiennes acquises pour le Louvre Abu Dhabi. Parmi elles, une st\u00e8le en granit rose frapp\u00e9e du sceau de Toutankhamon, dont la provenance aurait \u00e9t\u00e9 falsifi\u00e9e.<strong> <\/strong>Autre exemple marquant :\u00a0<a href=\"https:\/\/www.lequotidiendelart.com\/articles\/27171-proc%C3%A8s-des-faux-meubles-xviiie-bill-pallot-%C3%A0-la-barre.html\" target=\"_blank\" rel=\"noopener\">le scandale des faux meubles du ch\u00e2teau de Versailles<\/a>, dont le verdict est rendu ce 11\u00a0juin \u00e0 Pontoise.<strong> <\/strong>L\u00e0 encore, la provenance est au c\u0153ur du\u2026<\/p>\n","protected":false},"excerpt":{"rendered":"Autrefois consid\u00e9r\u00e9e comme une plus-value, la provenance est aujourd\u2019hui au c\u0153ur des pr\u00e9occupations des mus\u00e9es et du march\u00e9.&hellip;\n","protected":false},"author":2,"featured_media":164622,"comment_status":"","ping_status":"","sticky":false,"template":"","format":"standard","meta":{"footnotes":""},"categories":[1358],"tags":[1348,1384,1385,1386,58,59,1011,27,7107,20733,959],"class_list":{"0":"post-164621","1":"post","2":"type-post","3":"status-publish","4":"format-standard","5":"has-post-thumbnail","7":"category-arts-et-design","8":"tag-arts","9":"tag-arts-and-design","10":"tag-arts-et-design","11":"tag-design","12":"tag-divertissement","13":"tag-entertainment","14":"tag-fr","15":"tag-france","16":"tag-musees","17":"tag-provenance","18":"tag-recherche"},"share_on_mastodon":{"url":"https:\/\/pubeurope.com\/@fr\/114656693689867759","error":""},"_links":{"self":[{"href":"https:\/\/www.europesays.com\/fr\/wp-json\/wp\/v2\/posts\/164621","targetHints":{"allow":["GET"]}}],"collection":[{"href":"https:\/\/www.europesays.com\/fr\/wp-json\/wp\/v2\/posts"}],"about":[{"href":"https:\/\/www.europesays.com\/fr\/wp-json\/wp\/v2\/types\/post"}],"author":[{"embeddable":true,"href":"https:\/\/www.europesays.com\/fr\/wp-json\/wp\/v2\/users\/2"}],"replies":[{"embeddable":true,"href":"https:\/\/www.europesays.com\/fr\/wp-json\/wp\/v2\/comments?post=164621"}],"version-history":[{"count":0,"href":"https:\/\/www.europesays.com\/fr\/wp-json\/wp\/v2\/posts\/164621\/revisions"}],"wp:featuredmedia":[{"embeddable":true,"href":"https:\/\/www.europesays.com\/fr\/wp-json\/wp\/v2\/media\/164622"}],"wp:attachment":[{"href":"https:\/\/www.europesays.com\/fr\/wp-json\/wp\/v2\/media?parent=164621"}],"wp:term":[{"taxonomy":"category","embeddable":true,"href":"https:\/\/www.europesays.com\/fr\/wp-json\/wp\/v2\/categories?post=164621"},{"taxonomy":"post_tag","embeddable":true,"href":"https:\/\/www.europesays.com\/fr\/wp-json\/wp\/v2\/tags?post=164621"}],"curies":[{"name":"wp","href":"https:\/\/api.w.org\/{rel}","templated":true}]}}