{"id":164633,"date":"2025-06-10T02:29:11","date_gmt":"2025-06-10T02:29:11","guid":{"rendered":"https:\/\/www.europesays.com\/fr\/164633\/"},"modified":"2025-06-10T02:29:11","modified_gmt":"2025-06-10T02:29:11","slug":"la-belgique-soffre-un-match-completement-fou-contre-le-pays-de-galles-mondial-2026-qualifs-belgique-galles-4-3","status":"publish","type":"post","link":"https:\/\/www.europesays.com\/fr\/164633\/","title":{"rendered":"La Belgique s\u2019offre un match compl\u00e8tement fou contre le Pays de Galles &#8211; Mondial 2026 &#8211; Qualifs &#8211; Belgique-Galles (4-3)"},"content":{"rendered":"<p>\t\t\t\u00a0<img decoding=\"async\" loading=\"lazy\" class=\"blason blason-grand\" src=\"https:\/\/www.europesays.com\/fr\/wp-content\/uploads\/2025\/05\/1748654173_99_grande.jpg\"\/> Belgique 4-3 Pays de Galles <img decoding=\"async\" loading=\"lazy\" class=\"blason blason-grand\" src=\"https:\/\/www.europesays.com\/fr\/wp-content\/uploads\/2025\/05\/1748654175_974_grande.jpg\"\/><\/p>\n<p>Buts : Lukaku (SP 15e), Tielemans (19e), Doku (27e), De Bruyne (88e) pour les Diables rouges \/\/ Wilson (SP 45e+7), Thomas (52e), Johnson (69e) pour les Dragons<\/p>\n<p>Ce remake du quart de finale de l\u2019Euro 2016 va faire un carton au box-office.<\/p>\n<p>Tout avait si bien commenc\u00e9 pour la Belgique, ce lundi soir. Pour leur deuxi\u00e8me match de qualification \u00e0 la Coupe du monde 2026, les Diables rouges avaient tout mis en \u0153uvre pour s\u2019assurer une victoire sereine face au Pays de Galles, menant 3-0 avant m\u00eame la demi-heure de jeu. Malgr\u00e9 la blessure de Thomas Meunier, Romelu Lukaku a mis sa s\u00e9lection sur les bons rails en transformant un penalty <strong>(1-0, 15e)<\/strong>, avant que Youri Tielemans ne fasse rapidement le break <strong>(2-0, 19e)<\/strong>, \u00e0 la retomb\u00e9e d\u2019un bon centre de Maxim De Cuyper. Comme la soir\u00e9e s\u2019annon\u00e7ait belle, J\u00e9r\u00e9my Doku s\u2019est dit qu\u2019il allait participer \u00e0 la f\u00eate en inscrivant son premier but en s\u00e9lection depuis plus de quatre ans<strong> (3-0, 27e)<\/strong>.<\/p>\n<p>Au lendemain de la victoire de Carlos Alcaraz, revenu de l\u2019enfer, en finale de Roland-Garros, les Gallois n\u2019ont pas abdiqu\u00e9 et se sont jet\u00e9s sur chaque miette laiss\u00e9e en route par leurs h\u00f4tes. Apr\u00e8s un long arbitrage vid\u00e9o, Harry Wilson a r\u00e9duit l\u2019\u00e9cart avant la pause, sur penalty <strong>(3-1, 45e+7)<\/strong>. Puis, c\u2019\u00e9tait au tour de Sorba Thomas de profiter de la passivit\u00e9 d\u00e9fensive belge pour recoller \u00e0 un petit but <strong>(3-2, 52e)<\/strong>. Wilson a ensuite renvers\u00e9 vers Thomas, qui a remis\u00e9 pour Brennan Johnson, tandis que ce dernier n\u2019est pas fait prier pour \u00e9galiser de la t\u00eate <strong>(3-3, 69e)<\/strong>.<\/p>\n<p>Pour signer un vrai match dingue, il fallait bien un nouveau retournement de situation, et c\u2019est Lukaku qui s\u2019en est charg\u00e9\u2026 avant que son but ne soit refus\u00e9 (80e). Kevin De Bruyne, autre cadre historique, seul rescap\u00e9 du quart de l\u2019Euro 2016 encore sur la pelouse avec l\u2019avant-centre, a surgi au second poteau pour propulser le centre de Tielemans au fond des filets <strong>(4-3, 88e)<\/strong> et faire vivre une soir\u00e9e m\u00e9morable \u00e0 ses supporters.<\/p>\n<p>D\u00e9finitivement hors du temps.<\/p>\n<p>\t\t\t\t\t\t\t\t\t\t<a class=\"lien-connexe\" href=\"https:\/\/www.sofoot.com\/breves\/coupe-du-monde-2026-litalie-se-rassure-en-dominant-la-moldavie\" rel=\"nofollow noopener\" target=\"_blank\">L\u2019Italie se rassure en qualifications du Mondial 2026<\/a>\t\t\t\t\t<\/p>\n","protected":false},"excerpt":{"rendered":"\u00a0 Belgique 4-3 Pays de Galles Buts : Lukaku (SP 15e), Tielemans (19e), Doku (27e), De Bruyne (88e)&hellip;\n","protected":false},"author":2,"featured_media":164634,"comment_status":"","ping_status":"","sticky":false,"template":"","format":"standard","meta":{"footnotes":""},"categories":[9],"tags":[47,61,69,65,64,63,1011,27,68,66,62,70,67,60],"class_list":{"0":"post-164633","1":"post","2":"type-post","3":"status-publish","4":"format-standard","5":"has-post-thumbnail","7":"category-sports","8":"tag-actualite","9":"tag-actus-football","10":"tag-bundesliga","11":"tag-championnats-europeens","12":"tag-equipe-de-france","13":"tag-football","14":"tag-fr","15":"tag-france","16":"tag-ligua","17":"tag-ligue-1","18":"tag-news-foot","19":"tag-premier-league","20":"tag-serie-a","21":"tag-sports"},"share_on_mastodon":{"url":"https:\/\/pubeurope.com\/@fr\/114656717441805804","error":""},"_links":{"self":[{"href":"https:\/\/www.europesays.com\/fr\/wp-json\/wp\/v2\/posts\/164633","targetHints":{"allow":["GET"]}}],"collection":[{"href":"https:\/\/www.europesays.com\/fr\/wp-json\/wp\/v2\/posts"}],"about":[{"href":"https:\/\/www.europesays.com\/fr\/wp-json\/wp\/v2\/types\/post"}],"author":[{"embeddable":true,"href":"https:\/\/www.europesays.com\/fr\/wp-json\/wp\/v2\/users\/2"}],"replies":[{"embeddable":true,"href":"https:\/\/www.europesays.com\/fr\/wp-json\/wp\/v2\/comments?post=164633"}],"version-history":[{"count":0,"href":"https:\/\/www.europesays.com\/fr\/wp-json\/wp\/v2\/posts\/164633\/revisions"}],"wp:featuredmedia":[{"embeddable":true,"href":"https:\/\/www.europesays.com\/fr\/wp-json\/wp\/v2\/media\/164634"}],"wp:attachment":[{"href":"https:\/\/www.europesays.com\/fr\/wp-json\/wp\/v2\/media?parent=164633"}],"wp:term":[{"taxonomy":"category","embeddable":true,"href":"https:\/\/www.europesays.com\/fr\/wp-json\/wp\/v2\/categories?post=164633"},{"taxonomy":"post_tag","embeddable":true,"href":"https:\/\/www.europesays.com\/fr\/wp-json\/wp\/v2\/tags?post=164633"}],"curies":[{"name":"wp","href":"https:\/\/api.w.org\/{rel}","templated":true}]}}