{"id":164639,"date":"2025-06-10T02:32:09","date_gmt":"2025-06-10T02:32:09","guid":{"rendered":"https:\/\/www.europesays.com\/fr\/164639\/"},"modified":"2025-06-10T02:32:09","modified_gmt":"2025-06-10T02:32:09","slug":"robert-f-kennedy-jr-limoge-tous-les-experts-officiels-charges-des-recommandations-vaccinales","status":"publish","type":"post","link":"https:\/\/www.europesays.com\/fr\/164639\/","title":{"rendered":"Robert F. Kennedy\u00a0Jr. limoge tous les experts officiels charg\u00e9s des recommandations vaccinales"},"content":{"rendered":"<p>Coup de tonnerre dans la sant\u00e9 publique am\u00e9ricaine. Le secr\u00e9taire \u00e0 la Sant\u00e9, Robert F. Kennedy\u00a0Jr., connu pour ses positions controvers\u00e9es sur les vaccins, a renvoy\u00e9 ce lundi tous les membres du comit\u00e9 scientifique qui conseille les autorit\u00e9s sur la politique vaccinale aux \u00c9tats-Unis. Ce groupe guide les Centres de contr\u00f4le et de pr\u00e9vention des maladies (CDC) depuis plus de soixante ans.<\/p>\n<p>Kennedy accuse le comit\u00e9, compos\u00e9 d\u2019experts en \u00e9pid\u00e9miologie et p\u00e9diatrie, de \u00ab\u00a0conflits d\u2019int\u00e9r\u00eats\u00a0\u00bb et d\u2019un manque de transparence. Il justifie ce grand m\u00e9nage comme n\u00e9cessaire pour rompre avec l\u2019h\u00e9ritage de l\u2019administration Biden, qui avait nomm\u00e9 une partie des membres. Cette purge, annonc\u00e9e <a href=\"https:\/\/www.wsj.com\/opinion\/rfk-jr-hhs-moves-to-restore-public-trust-in-vaccines-45495112?mod=opinion_lead_pos5\" rel=\"nofollow noopener\" target=\"_blank\" class=\"color-ultramarine c-link\">dans une tribune au Wall Street Journal<\/a>, survient \u00e0 quelques semaines d\u2019une r\u00e9union cl\u00e9 sur les vaccins contre la grippe, la Covid, le papillomavirus ou encore la m\u00e9ningite.<\/p>\n<\/p>\n<p>Un des jours \u00ab\u00a0les plus sombres\u00a0\u00bb de la sant\u00e9 publique<\/p>\n<p>De nombreux scientifiques et associations m\u00e9dicales ont imm\u00e9diatement d\u00e9nonc\u00e9 une attaque contre la sant\u00e9 publique. \u00ab\u00a0C\u2019est l\u2019un des jours les plus sombres de la sant\u00e9 publique moderne\u00a0\u00bb, a d\u00e9clar\u00e9 l\u2019\u00e9pid\u00e9miologiste Mike Osterholm, fondateur du <a href=\"https:\/\/www.cidrap.umn.edu\/vaccine-integrity-project\" rel=\"nofollow noopener\" target=\"_blank\" class=\"color-ultramarine c-link\">Vaccine Integrity Project<\/a> \u00e0 <a href=\"https:\/\/www.cnn.com\/2025\/06\/09\/health\/rfk-cdc-vaccine-advisers-removed?cid=external-feeds_iluminar_google\" rel=\"nofollow noopener\" target=\"_blank\" class=\"color-ultramarine c-link\">CNN<\/a>. \u00ab\u00a0Kennedy n\u2019a pas aucun int\u00e9r\u00eat pour la science ni \u00e0 sauver des vies. Nous sommes entr\u00e9s dans une \u00e8re dangereuse pour la sant\u00e9 du pays.\u00a0\u00bb L\u2019ancienne direction du CDC rappelle que le comit\u00e9 a sauv\u00e9 \u00ab\u00a0d\u2019innombrables vies\u00a0\u00bb et appliquait d\u00e9j\u00e0 \u00ab\u00a0des r\u00e8gles strictes\u00a0\u00bb contre les conflits d\u2019int\u00e9r\u00eats.<\/p>\n<blockquote class=\"twitter-tweet\" align=\"center\" data-lang=\"fr_FR\">\n<p lang=\"en\" dir=\"ltr\">Of course, now the fear is that the ACIP will be filled up with people who know nothing about vaccines except suspicion. I\u2019ve just spoken with Secretary Kennedy, and I\u2019ll continue to talk with him to ensure this is not the case.<a href=\"https:\/\/t.co\/iXjTDieAwY\">https:\/\/t.co\/iXjTDieAwY<\/a><\/p>\n<p>\u2014 U.S. Senator Bill Cassidy, M.D. (@SenBillCassidy) <a href=\"https:\/\/twitter.com\/SenBillCassidy\/status\/1932193937349075077?ref_src=twsrc%5Etfw\" target=\"_blank\" rel=\"noopener\">June 9, 2025<\/a><\/p><\/blockquote>\n<p class=\"mb-m@xs text-l@xs\">En cliquant sur\u00ab J\u2019accepte \u00bb, vous acceptez le d\u00e9p\u00f4t de cookies par des services externes et aurez ainsi acc\u00e8s aux contenus de nos partenaires.<\/p>\n<p class=\"mb-xl@xs text-s@xs\">Plus d\u2019informations sur la page<a href=\"https:\/\/www.20minutes.fr\/gestion-cookies\" class=\"mx-xxs@xs color-ultramarine\" target=\"_blank\" rel=\"noopener\">Politique de gestion des cookies<\/a><\/p>\n<p>J\u2019accepte<\/p>\n<p>\u00ab\u00a0Aujourd\u2019hui, nous donnons la priorit\u00e9 au r\u00e9tablissement de la confiance du public plut\u00f4t qu\u2019\u00e0 un quelconque programme pro ou antivaccin\u00a0\u00bb, a pr\u00e9cis\u00e9 dans un communiqu\u00e9, RFK Jr.<\/p>\n<p><a href=\"https:\/\/www.20minutes.fr\/dossier\/vaccin\" class=\"c-link c-btn c-btn--primary\" target=\"_blank\" rel=\"noopener\">Notre dossier sur les vaccins<\/a>Plus de calendrier vaccinal officiel<\/p>\n<p>M\u00eame au sein du camp r\u00e9publicain, des voix s\u2019inqui\u00e8tent. Le s\u00e9nateur Bill Cassidy, qui avait soutenu la nomination de Kennedy en \u00e9change d\u2019une promesse de stabilit\u00e9, <a href=\"https:\/\/x.com\/SenBillCassidy\/status\/1932193937349075077\" target=\"_blank\" class=\"color-ultramarine c-link\">se dit lui aussi inquiet de voir le comit\u00e9 remplac\u00e9 si vite<\/a>.<\/p>\n<p>En parall\u00e8le, des m\u00e9decins redoutent que les praticiens ne se d\u00e9tournent du calendrier vaccinal officiel du CDC. Certains envisagent d\u00e9j\u00e0 de former un groupe d\u2019experts parall\u00e8le, ind\u00e9pendant de l\u2019administration en place.<\/p>\n<p><script async src=\"https:\/\/platform.twitter.com\/widgets.js\" charset=\"utf-8\"><\/script><\/p>\n","protected":false},"excerpt":{"rendered":"Coup de tonnerre dans la sant\u00e9 publique am\u00e9ricaine. Le secr\u00e9taire \u00e0 la Sant\u00e9, Robert F. Kennedy\u00a0Jr., connu pour&hellip;\n","protected":false},"author":2,"featured_media":164640,"comment_status":"","ping_status":"","sticky":false,"template":"","format":"standard","meta":{"footnotes":""},"categories":[6],"tags":[47,35,33,34,73,1011,27,29786,74,21065,13973,71,5699,773],"class_list":{"0":"post-164639","1":"post","2":"type-post","3":"status-publish","4":"format-standard","5":"has-post-thumbnail","7":"category-economie","8":"tag-actualite","9":"tag-business","10":"tag-economie","11":"tag-economy","12":"tag-etats-unis","13":"tag-fr","14":"tag-france","15":"tag-grippe","16":"tag-monde","17":"tag-papillomavirus","18":"tag-robert-kennedy-jr","19":"tag-sante","20":"tag-sante-publique","21":"tag-vaccin"},"share_on_mastodon":{"url":"https:\/\/pubeurope.com\/@fr\/114656729167303283","error":""},"_links":{"self":[{"href":"https:\/\/www.europesays.com\/fr\/wp-json\/wp\/v2\/posts\/164639","targetHints":{"allow":["GET"]}}],"collection":[{"href":"https:\/\/www.europesays.com\/fr\/wp-json\/wp\/v2\/posts"}],"about":[{"href":"https:\/\/www.europesays.com\/fr\/wp-json\/wp\/v2\/types\/post"}],"author":[{"embeddable":true,"href":"https:\/\/www.europesays.com\/fr\/wp-json\/wp\/v2\/users\/2"}],"replies":[{"embeddable":true,"href":"https:\/\/www.europesays.com\/fr\/wp-json\/wp\/v2\/comments?post=164639"}],"version-history":[{"count":0,"href":"https:\/\/www.europesays.com\/fr\/wp-json\/wp\/v2\/posts\/164639\/revisions"}],"wp:featuredmedia":[{"embeddable":true,"href":"https:\/\/www.europesays.com\/fr\/wp-json\/wp\/v2\/media\/164640"}],"wp:attachment":[{"href":"https:\/\/www.europesays.com\/fr\/wp-json\/wp\/v2\/media?parent=164639"}],"wp:term":[{"taxonomy":"category","embeddable":true,"href":"https:\/\/www.europesays.com\/fr\/wp-json\/wp\/v2\/categories?post=164639"},{"taxonomy":"post_tag","embeddable":true,"href":"https:\/\/www.europesays.com\/fr\/wp-json\/wp\/v2\/tags?post=164639"}],"curies":[{"name":"wp","href":"https:\/\/api.w.org\/{rel}","templated":true}]}}