{"id":164658,"date":"2025-06-10T02:43:33","date_gmt":"2025-06-10T02:43:33","guid":{"rendered":"https:\/\/www.europesays.com\/fr\/164658\/"},"modified":"2025-06-10T02:43:33","modified_gmt":"2025-06-10T02:43:33","slug":"actualites-un-ancien-joueur-du-mhsc-entre-la-vie-et-la-mort-apres-un-coup-de-couteau","status":"publish","type":"post","link":"https:\/\/www.europesays.com\/fr\/164658\/","title":{"rendered":"[Actualit\u00e9s] Un ancien joueur du MHSC entre la vie et la mort apr\u00e8s un coup de couteau"},"content":{"rendered":"<p>Selon un m\u00e9dia local sur Montpellier, le\u00a0M\u00e9tropolitain, un ancien joueur du MHSC, \u00e2g\u00e9 de 40 ans, a \u00e9t\u00e9 retrouv\u00e9 gri\u00e8vement bless\u00e9 ce lundi soir \u00e0 P\u00e9rols, chez lui \u00e0 son domicile. Les faits se sont produits peu avant 19h.<\/p>\n<p>La victime aurait \u00e9t\u00e9 touch\u00e9e par un coup de couteau port\u00e9 pr\u00e8s du c\u0153ur. Pris en charge par les secours dans un \u00e9tat critique, l\u2019ancien pailladin a \u00e9t\u00e9 transport\u00e9 en urgence absolue au CHU de Montpellier, o\u00f9 il se trouve actuellement dans le coma.<\/p>\n<p>L\u2019enqu\u00eate, confi\u00e9e au service local de police judiciaire, devra d\u00e9terminer s\u2019il s\u2019agit d\u2019un acte suicidaire ou d\u2019une agression. \u00c0 ce stade, aucune hypoth\u00e8se n\u2019est mise en \u00e9vidence.<\/p>\n<p>L\u2019identit\u00e9 de l\u2019ancien joueur n\u2019a pas \u00e9t\u00e9 d\u00e9voil\u00e9e pour l\u2019instant par le\u00a0M\u00e9tropolitain. Nous restons \u00e0 l\u2019aff\u00fbt de nouvelles pr\u00e9cisions\u2026 en esp\u00e9rant du positif dans les heures \u00e0 venir.<\/p>\n","protected":false},"excerpt":{"rendered":"Selon un m\u00e9dia local sur Montpellier, le\u00a0M\u00e9tropolitain, un ancien joueur du MHSC, \u00e2g\u00e9 de 40 ans, a \u00e9t\u00e9&hellip;\n","protected":false},"author":2,"featured_media":164659,"comment_status":"","ping_status":"","sticky":false,"template":"","format":"standard","meta":{"footnotes":""},"categories":[9599],"tags":[328,1111,11,8132,1777,674,1011,27,2208,12,2680,25],"class_list":{"0":"post-164658","1":"post","2":"type-post","3":"status-publish","4":"format-standard","5":"has-post-thumbnail","7":"category-montpellier","8":"tag-a-la-une","9":"tag-actu","10":"tag-actualites","11":"tag-anciens","12":"tag-eu","13":"tag-europe","14":"tag-fr","15":"tag-france","16":"tag-montpellier","17":"tag-news","18":"tag-occitanie","19":"tag-republique-francaise"},"share_on_mastodon":{"url":"https:\/\/pubeurope.com\/@fr\/114656772305320312","error":""},"_links":{"self":[{"href":"https:\/\/www.europesays.com\/fr\/wp-json\/wp\/v2\/posts\/164658","targetHints":{"allow":["GET"]}}],"collection":[{"href":"https:\/\/www.europesays.com\/fr\/wp-json\/wp\/v2\/posts"}],"about":[{"href":"https:\/\/www.europesays.com\/fr\/wp-json\/wp\/v2\/types\/post"}],"author":[{"embeddable":true,"href":"https:\/\/www.europesays.com\/fr\/wp-json\/wp\/v2\/users\/2"}],"replies":[{"embeddable":true,"href":"https:\/\/www.europesays.com\/fr\/wp-json\/wp\/v2\/comments?post=164658"}],"version-history":[{"count":0,"href":"https:\/\/www.europesays.com\/fr\/wp-json\/wp\/v2\/posts\/164658\/revisions"}],"wp:featuredmedia":[{"embeddable":true,"href":"https:\/\/www.europesays.com\/fr\/wp-json\/wp\/v2\/media\/164659"}],"wp:attachment":[{"href":"https:\/\/www.europesays.com\/fr\/wp-json\/wp\/v2\/media?parent=164658"}],"wp:term":[{"taxonomy":"category","embeddable":true,"href":"https:\/\/www.europesays.com\/fr\/wp-json\/wp\/v2\/categories?post=164658"},{"taxonomy":"post_tag","embeddable":true,"href":"https:\/\/www.europesays.com\/fr\/wp-json\/wp\/v2\/tags?post=164658"}],"curies":[{"name":"wp","href":"https:\/\/api.w.org\/{rel}","templated":true}]}}