{"id":164662,"date":"2025-06-10T02:47:43","date_gmt":"2025-06-10T02:47:43","guid":{"rendered":"https:\/\/www.europesays.com\/fr\/164662\/"},"modified":"2025-06-10T02:47:43","modified_gmt":"2025-06-10T02:47:43","slug":"finale-pro-d2-vici-intenable-bosviel-patron-escande-dans-le-dur-les-notes-de-grenoble","status":"publish","type":"post","link":"https:\/\/www.europesays.com\/fr\/164662\/","title":{"rendered":"Finale Pro D2. Vici intenable, Bosviel patron, Escande dans le dur : les notes de Grenoble"},"content":{"rendered":"<p>            Par<br \/>\n        <strong><br \/>\n            <a href=\"https:\/\/actu.fr\/auteur\/thomas-corbet-actu-fr\" title=\"Consulter tous les articles de Thomas Corbet\" target=\"_blank\" rel=\"noopener\">Thomas Corbet<\/a><br \/>\n        <\/strong><\/p>\n<p>        Publi\u00e9 le<\/p>\n<p>            7 juin 2025 \u00e0 20h12        <\/p>\n<p>Oppos\u00e9 \u00e0 <a href=\"https:\/\/actu.fr\/rugby\/equipe\/grenoble_64dbdff47b8c09c4fec7b0a4\/\" target=\"_blank\" rel=\"noopener\">Grenoble<\/a> en finale de <a href=\"https:\/\/actu.fr\/rugby\/pro-d2\" target=\"_blank\" rel=\"noopener\">Pro D2<\/a>, <a href=\"https:\/\/actu.fr\/rugby\/equipe\/montauban_64dbdff67b8c09c4fec7b138\/\" target=\"_blank\" rel=\"noopener\">Montauban<\/a> a fait un match plein de solidarit\u00e9 afin de s\u2019imposer contre l\u2019immense favoris. C\u00f4t\u00e9 montalbanais, Josua Vici a \u00e9t\u00e9 intenable tandis que J\u00e9r\u00f4me Bosviel a pos\u00e9 sa patte de patron sur la rencontre. Chez les malheureux Grenoblois, \u00e7a a \u00e9t\u00e9 plus difficile comme pour \u00c9ric Escande. Voici <strong>les notes de cette finale de Pro D2<\/strong>.<\/p>\n<p>Les notes de la finale de Pro D2 Grenoble \u2013 Montauban\u00a0<\/p>\n<p class=\" wall-content\">Il s\u2019agit d\u2019une finale. Alors forc\u00e9ment, tout est amplifi\u00e9. Chaque exploit a une port\u00e9e immense, chaque geste manqu\u00e9 des cons\u00e9quences dramatiques.<\/p>\n<p class=\" wall-content\">Dans ce contexte \u00e9videmment particulier, donner des notes pour porter les h\u00e9ros aux nues est facile. Sanctionner les mauvaises performances l\u2019est tout autant, mais il s\u2019agit aussi de ne pas enfoncer les perdants\u2026<\/p>\n<p>Finale de Pro D2 : ils ont brill\u00e9<\/p>\n<p class=\" wall-content\"><strong>C\u00f4t\u00e9 Montauban<\/strong><\/p>\n<p class=\" wall-content\">Il n\u2019aura pas marqu\u00e9 d\u2019essai lors de cette finale de Pro D2, mais que Josua Vici a fait mal \u00e0 la d\u00e9fense grenobloise \u00e0 chaque fois qu\u2019il a touch\u00e9 le ballon ! Le meilleur marqueur de la saison de l\u2019USM fait parler sa puissance et sa vitesse \u00e0 chaque fois qu\u2019il a pu, souvent depuis le fond du terrain.\u00a0<\/p>\n<p class=\" wall-content\">\u00c0 son cr\u00e9dit notamment, deux interventions tranchantes ponctu\u00e9es par des passes apr\u00e8s contact sur les actions ayant men\u00e9 aux essais de Notshe (36e) et Quercy (44e).\u00a0<\/p>\n<p class=\" wall-content\">\n<p class=\" wall-content\">Hugo Zabalza a fait son match, bon et juste dans l\u2019ensemble, avec une petite valise \u00e0 mettre \u00e0 son actif \u00e0 la demi-heure de jeu, m\u00eame si Montauban n\u2019a pas capitaliser \u00e0 ce moment de la rencontre. Ce qui n\u2019\u00e9tait que partie remise.<\/p>\n<p class=\" wall-content\">Si le demi de m\u00eal\u00e9e m\u00e9rite une mention, c\u2019est \u00e9videmment pour sa perc\u00e9e colossale et son relai ayant abouti \u00e0 l\u2019essai du break inscrit par son capitaine Fred Quercy \u00e0 la 44e. Un rush solitaire magnifique poursuivi au pied qui a permis \u00e0 Montauban de s\u2019envoler au score (6-21 apr\u00e8s la transformation).<\/p>\n<ul class=\" wall-content\">\n<li><strong>Le duo J\u00e9r\u00f4me Bosviel \u2013 Thomas Fortunel : 8<\/strong><\/li>\n<\/ul>\n<p class=\" wall-content\">Pour s\u2019imposer dans un match aussi tendu que ne le fut ce somment de Pro D2 entre Grenoble et Montauban, il faut des patrons. Il faut des ferrailleurs \u00e9videmment, comme le fut Fred Quercy en 3e ligne, mais aussi des r\u00e9gulateurs capables de ma\u00eetriser le tempo de la rencontre.<\/p>\n<p class=\" wall-content\">Et dans ce registre, <a href=\"https:\/\/actu.fr\/occitanie\/montauban_82121\/memoires-de-pro-d2-je-bade-dumora-il-est-tellement-sous-cote-il-aurait-merite-des-selections-en-bleu_62333986.html\" target=\"_blank\" rel=\"noopener\">le vieux briscard J\u00e9r\u00f4me Bosviel<\/a> et son comp\u00e8re Thomas Fortunel ont fait des merveilles pour les Sapiacains gr\u00e2ce \u00e0 un jeu au pied d\u2019occupation quasiment parfait notamment en seconde p\u00e9riode. Et bien s\u00fbr, J\u00e9r\u00f4me Bosviel n\u2019a pas pu s\u2019emp\u00eacher de claquer un drop juste avant la pause, son 10e cette saison !<\/p>\n<p class=\" wall-content\"><strong>C\u00f4t\u00e9 Grenoble<\/strong><\/p>\n<p class=\" wall-content\">Apr\u00e8s avoir perdu Barnab\u00e9 Massa l\u2019an pass\u00e9, Grenoble va voir un nouveau jeune et excellent talonneur quitter ses rangs en la personne de Mathis Sarragallet qui a sign\u00e9 \u00e0 Lyon. Pour l\u2019un de ses derniers matchs avec le FCG, il a encore une fois fait preuve d\u2019une mobilit\u00e9 et d\u2019une activit\u00e9 incessantes, sonnant la charge tant qu\u2019il a pu jusqu\u2019\u00e0 son remplacement \u00e0 l\u2019heure de jeu. Peut-\u00eatre le meilleur Grenoblois lors de cette finale.\u00a0<\/p>\n<p class=\" wall-content\">C\u2019est un match particulier que Marc Palmier a eu \u00e0 disputer, entrant en jeu une premi\u00e8re fois \u00e0 l\u2019ouverture pour remplacer Sam Davies tr\u00e8s t\u00f4t avant de ressortir puis de revenir un peu plus tard pour remplacer Gerswin Mouton \u00e0 l\u2019aile. Pas d\u00e9stabilis\u00e9 pour autant, le super rempla\u00e7ant a jou\u00e9 juste tout au long du match, usant souvent de la longueur de son jeu au pied avec efficacit\u00e9.\u00a0<\/p>\n<p>Finale de Pro D2 : \u00e7a a \u00e9t\u00e9 plus dur<\/p>\n<p class=\" wall-content\"><strong>C\u00f4t\u00e9 Montauban<\/strong><\/p>\n<p class=\" wall-content\">Que voulez-vous qu\u2019on vous dise tant les Montalbanais dans leur ensemble ont \u00e9t\u00e9 h\u00e9ro\u00efques ? Cette touche conc\u00e9d\u00e9e par Mouchous dans ses 22 m\u00e8tres en premi\u00e8re p\u00e9riode ? Sans cons\u00e9quence. L\u2019indiscipline des uns ou des autres ? Elle aurait pu co\u00fbter cher, mais qui s\u2019en souviendra demain matin ? Personne !\u00a0<\/p>\n<p class=\" wall-content\">Pas de mauvaise note pour les joueurs de l\u2019USM, tout le monde obtient son dipl\u00f4me de champion de Pro D2 !<\/p>\n<p class=\" wall-content\"><strong>C\u00f4t\u00e9 Grenoble<\/strong><\/p>\n<p class=\" wall-content\">Comme \u00e0 tous les Grenoblois, on avait envie de lui souhaiter de ne pas revivre les malheurs des saisons pass\u00e9es avec un 3e d\u00e9faite cons\u00e9cutive en finale, mais le sort et les Montalbanais en ont d\u00e9cid\u00e9 autrement.<\/p>\n<p class=\" wall-content\">Malgr\u00e9 toute son exp\u00e9rience, le demi de m\u00eal\u00e9e a encore une fois \u00e9t\u00e9 en difficult\u00e9 dans cette finale. Son d\u00e9gagement rat\u00e9 (37e) offre la balle du premier essai de l\u2019USM. Sur le second, il se fait \u00e9liminer \u00ab\u00a0facilement\u00a0\u00bb par Zabalza avant de trottiner dans sa course de replacement. Dur.<\/p>\n<p class=\" wall-content\">Sans un bon ballon \u00e0 se mettre sous la dent, Wilfried Hulleu a surtout eu des t\u00e2ches d\u00e9fensives \u00e0 effectuer, ainsi que de la couverture de deuxi\u00e8me et troisi\u00e8me rideau. Pas de chance, en face, il y avait J\u00e9r\u00f4me Bosviel et sa bande, dont le jeu au pied s\u2019est av\u00e9r\u00e9 diablement efficace, mettant le trois-quarts aile is\u00e9rois en difficult\u00e9 \u00e0 plusieurs reprises.\u00a0<\/p>\n<p class=\" wall-content\">Il s\u2019est n\u00e9anmoins rachet\u00e9 en inscrivant l\u2019essai du d\u00e9but de l\u2019espoir pour le FCG en se battant d\u2019abord pour rester sur le terrain puis pour progresser debout jusqu\u2019\u00e0 l\u2019en-but (47e).<\/p>\n<p class=\" wall-content\">Suivez toute l\u2019actualit\u00e9 de vos villes et m\u00e9dias favoris en vous inscrivant \u00e0 <a href=\"https:\/\/moncompte.actu.fr\" title=\"D\u00e9couvez Mon Actu\" rel=\"nofollow noopener\" data-trk=\"{&quot;cta&quot;:{&quot;action&quot;:&quot;https:\\\/\\\/moncompte.actu.fr&quot;,&quot;category&quot;:&quot;mon compte&quot;,&quot;from&quot;:&quot;article footer&quot;,&quot;name&quot;:&quot;Mon actu&quot;,&quot;type&quot;:&quot;cta&quot;}}\" target=\"_blank\">Mon Actu<\/a>.<\/p>\n","protected":false},"excerpt":{"rendered":"Par Thomas Corbet Publi\u00e9 le 7 juin 2025 \u00e0 20h12 Oppos\u00e9 \u00e0 Grenoble en finale de Pro D2,&hellip;\n","protected":false},"author":2,"featured_media":164663,"comment_status":"","ping_status":"","sticky":false,"template":"","format":"standard","meta":{"footnotes":""},"categories":[9566],"tags":[1111,11,2430,1777,674,1011,27,2731,12,2308,25,479,60],"class_list":{"0":"post-164662","1":"post","2":"type-post","3":"status-publish","4":"format-standard","5":"has-post-thumbnail","7":"category-grenoble","8":"tag-actu","9":"tag-actualites","10":"tag-auvergne-rhone-alpes","11":"tag-eu","12":"tag-europe","13":"tag-fr","14":"tag-france","15":"tag-grenoble","16":"tag-news","17":"tag-pro-d2","18":"tag-republique-francaise","19":"tag-rugby","20":"tag-sports"},"share_on_mastodon":{"url":"https:\/\/pubeurope.com\/@fr\/114656788009296133","error":""},"_links":{"self":[{"href":"https:\/\/www.europesays.com\/fr\/wp-json\/wp\/v2\/posts\/164662","targetHints":{"allow":["GET"]}}],"collection":[{"href":"https:\/\/www.europesays.com\/fr\/wp-json\/wp\/v2\/posts"}],"about":[{"href":"https:\/\/www.europesays.com\/fr\/wp-json\/wp\/v2\/types\/post"}],"author":[{"embeddable":true,"href":"https:\/\/www.europesays.com\/fr\/wp-json\/wp\/v2\/users\/2"}],"replies":[{"embeddable":true,"href":"https:\/\/www.europesays.com\/fr\/wp-json\/wp\/v2\/comments?post=164662"}],"version-history":[{"count":0,"href":"https:\/\/www.europesays.com\/fr\/wp-json\/wp\/v2\/posts\/164662\/revisions"}],"wp:featuredmedia":[{"embeddable":true,"href":"https:\/\/www.europesays.com\/fr\/wp-json\/wp\/v2\/media\/164663"}],"wp:attachment":[{"href":"https:\/\/www.europesays.com\/fr\/wp-json\/wp\/v2\/media?parent=164662"}],"wp:term":[{"taxonomy":"category","embeddable":true,"href":"https:\/\/www.europesays.com\/fr\/wp-json\/wp\/v2\/categories?post=164662"},{"taxonomy":"post_tag","embeddable":true,"href":"https:\/\/www.europesays.com\/fr\/wp-json\/wp\/v2\/tags?post=164662"}],"curies":[{"name":"wp","href":"https:\/\/api.w.org\/{rel}","templated":true}]}}