{"id":164664,"date":"2025-06-10T02:50:16","date_gmt":"2025-06-10T02:50:16","guid":{"rendered":"https:\/\/www.europesays.com\/fr\/164664\/"},"modified":"2025-06-10T02:50:16","modified_gmt":"2025-06-10T02:50:16","slug":"strasbourg-une-exposition-rendra-hommage-a-johnny-hallyday-cet-automne","status":"publish","type":"post","link":"https:\/\/www.europesays.com\/fr\/164664\/","title":{"rendered":"Strasbourg. Une exposition rendra hommage \u00e0 Johnny Hallyday cet automne"},"content":{"rendered":"<p>Dans la nuit du <a href=\"https:\/\/www.dna.fr\/actualite\/2017\/12\/06\/johnny-idole-aux-multiples-facettes\" target=\"_blank\" rel=\"noopener\">5\u00a0d\u00e9cembre 2017, la France perdait Johnny<\/a> \u00a0: embl\u00e8me de la musique fran\u00e7aise, de la France tout court. Personnage qui aura marqu\u00e9 l\u2019histoire culturelle et sociologique du pays. Ic\u00f4ne qui aura tiss\u00e9, \u00e0 son insu, un lien entre la France des \u00e9lites et la France populaire.<\/p>\n<p>Passionn\u00e9e d\u2019art et de musique, Michelle Ruffenach visite en mai\u00a02024 <a href=\"https:\/\/www.dna.fr\/culture-loisirs\/2023\/12\/22\/johnny-hallyday-au-coeur-de-l-exposition-evenement-a-paris\" target=\"_blank\" rel=\"noopener\">\u201cJohnny Hallyday. L\u2019Exposition\u201d<\/a> , Porte de Versailles de Paris, coproduite par <a href=\"https:\/\/www.dna.fr\/p\/laeticia-hallyday\" target=\"_blank\" rel=\"noopener\">Laeticia Hallyday<\/a>, la veuve du chanteur. Un \u00e9v\u00e9nement d\u00e9terminant pour elle. \u00ab\u00a0J\u2019ai d\u00e9couvert l\u2019homme et l\u2019artiste qui rassemble toutes les g\u00e9n\u00e9rations, raconte-t-elle. J\u2019ai \u00e9t\u00e9 surprise de voir des enfants de 6 ans fredonner des airs de Johnny. M\u00eame sans aimer le personnage, on a&#8230;<\/p>\n","protected":false},"excerpt":{"rendered":"Dans la nuit du 5\u00a0d\u00e9cembre 2017, la France perdait Johnny \u00a0: embl\u00e8me de la musique fran\u00e7aise, de la&hellip;\n","protected":false},"author":2,"featured_media":164665,"comment_status":"","ping_status":"","sticky":false,"template":"","format":"standard","meta":{"footnotes":""},"categories":[2820],"tags":[1111,11,1687,2880,1777,674,2271,107,1011,27,775,873,12,973,25,4604,104,640,2879],"class_list":{"0":"post-164664","1":"post","2":"type-post","3":"status-publish","4":"format-standard","5":"has-post-thumbnail","7":"category-strasbourg","8":"tag-actu","9":"tag-actualites","10":"tag-culture-loisirs","11":"tag-edition-strasbourg","12":"tag-eu","13":"tag-europe","14":"tag-exposition-arts-plastiques","15":"tag-fil-info","16":"tag-fr","17":"tag-france","18":"tag-grand-est","19":"tag-musique","20":"tag-news","21":"tag-people","22":"tag-republique-francaise","23":"tag-selection-abonne","24":"tag-societe","25":"tag-strasbourg","26":"tag-strasbourg-ville"},"share_on_mastodon":{"url":"https:\/\/pubeurope.com\/@fr\/114656799809894042","error":""},"_links":{"self":[{"href":"https:\/\/www.europesays.com\/fr\/wp-json\/wp\/v2\/posts\/164664","targetHints":{"allow":["GET"]}}],"collection":[{"href":"https:\/\/www.europesays.com\/fr\/wp-json\/wp\/v2\/posts"}],"about":[{"href":"https:\/\/www.europesays.com\/fr\/wp-json\/wp\/v2\/types\/post"}],"author":[{"embeddable":true,"href":"https:\/\/www.europesays.com\/fr\/wp-json\/wp\/v2\/users\/2"}],"replies":[{"embeddable":true,"href":"https:\/\/www.europesays.com\/fr\/wp-json\/wp\/v2\/comments?post=164664"}],"version-history":[{"count":0,"href":"https:\/\/www.europesays.com\/fr\/wp-json\/wp\/v2\/posts\/164664\/revisions"}],"wp:featuredmedia":[{"embeddable":true,"href":"https:\/\/www.europesays.com\/fr\/wp-json\/wp\/v2\/media\/164665"}],"wp:attachment":[{"href":"https:\/\/www.europesays.com\/fr\/wp-json\/wp\/v2\/media?parent=164664"}],"wp:term":[{"taxonomy":"category","embeddable":true,"href":"https:\/\/www.europesays.com\/fr\/wp-json\/wp\/v2\/categories?post=164664"},{"taxonomy":"post_tag","embeddable":true,"href":"https:\/\/www.europesays.com\/fr\/wp-json\/wp\/v2\/tags?post=164664"}],"curies":[{"name":"wp","href":"https:\/\/api.w.org\/{rel}","templated":true}]}}