{"id":164666,"date":"2025-06-10T02:52:06","date_gmt":"2025-06-10T02:52:06","guid":{"rendered":"https:\/\/www.europesays.com\/fr\/164666\/"},"modified":"2025-06-10T02:52:06","modified_gmt":"2025-06-10T02:52:06","slug":"un-joueur-du-racing-club-de-strasbourg-senvole-pour-lun-des-clubs-les-plus-prestigieux-deurope","status":"publish","type":"post","link":"https:\/\/www.europesays.com\/fr\/164666\/","title":{"rendered":"un joueur du Racing club de Strasbourg s&rsquo;envole pour l&rsquo;un des clubs les plus prestigieux d&rsquo;Europe"},"content":{"rendered":"<p>            Par<br \/>\n        <strong><br \/>\n            <a href=\"https:\/\/actu.fr\/auteur\/ivan-capecchi\" title=\"Consulter tous les articles de Ivan CAPECCHI\" rel=\"nofollow noopener\" target=\"_blank\">Ivan CAPECCHI<\/a><br \/>\n        <\/strong><\/p>\n<p>        Publi\u00e9 le<\/p>\n<p>            9 juin 2025 \u00e0 14h55<br \/>\n        ; mis \u00e0 jour le 9 juin 2025 \u00e0 14h56    <\/p>\n<p>Ce lundi 9 juin 2025, le <a href=\"https:\/\/actu.fr\/grand-est\/strasbourg_67482\/strasbourg-on-sait-ce-qui-va-remplacer-l-ancienne-boutique-du-racing-club-de-strasbourg_61507037.html\" rel=\"nofollow noopener\" target=\"_blank\">Racing Club de Strasbourg<\/a> a officialis\u00e9 le<strong> transfert de Mamadou Sarr vers le club anglais de Chelsea<\/strong>.<\/p>\n<p class=\" wall-content\">\u00c2g\u00e9 de 19 ans, le joueur avait \u00e9t\u00e9 recrut\u00e9 \u00e0 l\u2019\u00e9t\u00e9 2024 en provenance de l\u2019<a href=\"https:\/\/actu.fr\/tag\/olympique-lyonnais-ol\" rel=\"nofollow noopener\" target=\"_blank\">Olympique Lyonnais<\/a>.<\/p>\n<p class=\" wall-content\">\n<p>Titulaire \u00e0 27 reprises en Ligue 1<\/p>\n<p class=\" wall-content\">Titulaire \u00e0 27 reprises en <a href=\"https:\/\/actu.fr\/sports\/football\/ligue-1\" rel=\"nofollow noopener\" target=\"_blank\">Ligue 1<\/a> cette saison, il a disput\u00e9 28 matchs au total.<\/p>\n<p class=\" wall-content\">Ce faisant, il devient le deuxi\u00e8me d\u00e9fenseur de moins de 20 ans \u00e0 atteindre un tel nombre de titularisations en une saison avec Strasbourg, apr\u00e8s Marcel Lazarus en 1966, comme le fait remarquer le club dans un communiqu\u00e9.<\/p>\n<p>Vid\u00e9os : en ce moment sur ActuChelsea qualifi\u00e9 pour la Ligue des Champions<\/p>\n<p class=\" wall-content\">International en \u00e9quipe de France jeunes (32 s\u00e9lections), Mamadou Sarr rejoint Chelsea, qualifi\u00e9 pour la <a href=\"https:\/\/actu.fr\/ile-de-france\/paris_75056\/victoire-du-psg-en-ligue-des-champions-canal-diffuse-un-documentaire-inedit_62745019.html\" rel=\"nofollow noopener\" target=\"_blank\">Ligue des champions<\/a> apr\u00e8s avoir remport\u00e9 la derni\u00e8re \u00e9dition de la <strong>Conference League<\/strong>.<\/p>\n<p class=\" wall-content\">Cette saison, le Racing a termin\u00e9 <strong>7e du championnat<\/strong>, d\u00e9crochant sa place pour les barrages europ\u00e9ens.<\/p>\n<p class=\" wall-content\">Suivez toute l\u2019actualit\u00e9 de vos villes et m\u00e9dias favoris en vous inscrivant \u00e0 <a href=\"https:\/\/moncompte.actu.fr\" title=\"D\u00e9couvez Mon Actu\" rel=\"nofollow noopener\" data-trk=\"{&quot;cta&quot;:{&quot;action&quot;:&quot;https:\\\/\\\/moncompte.actu.fr&quot;,&quot;category&quot;:&quot;mon compte&quot;,&quot;from&quot;:&quot;article footer&quot;,&quot;name&quot;:&quot;Mon actu&quot;,&quot;type&quot;:&quot;cta&quot;}}\" target=\"_blank\">Mon Actu<\/a>.<\/p>\n","protected":false},"excerpt":{"rendered":"Par Ivan CAPECCHI Publi\u00e9 le 9 juin 2025 \u00e0 14h55 ; mis \u00e0 jour le 9 juin 2025&hellip;\n","protected":false},"author":2,"featured_media":164667,"comment_status":"","ping_status":"","sticky":false,"template":"","format":"standard","meta":{"footnotes":""},"categories":[2820],"tags":[1111,11,1777,674,63,1011,27,775,447,12,25,60,640],"class_list":{"0":"post-164666","1":"post","2":"type-post","3":"status-publish","4":"format-standard","5":"has-post-thumbnail","7":"category-strasbourg","8":"tag-actu","9":"tag-actualites","10":"tag-eu","11":"tag-europe","12":"tag-football","13":"tag-fr","14":"tag-france","15":"tag-grand-est","16":"tag-ligue-des-champions","17":"tag-news","18":"tag-republique-francaise","19":"tag-sports","20":"tag-strasbourg"},"share_on_mastodon":{"url":"https:\/\/pubeurope.com\/@fr\/114656807701050805","error":""},"_links":{"self":[{"href":"https:\/\/www.europesays.com\/fr\/wp-json\/wp\/v2\/posts\/164666","targetHints":{"allow":["GET"]}}],"collection":[{"href":"https:\/\/www.europesays.com\/fr\/wp-json\/wp\/v2\/posts"}],"about":[{"href":"https:\/\/www.europesays.com\/fr\/wp-json\/wp\/v2\/types\/post"}],"author":[{"embeddable":true,"href":"https:\/\/www.europesays.com\/fr\/wp-json\/wp\/v2\/users\/2"}],"replies":[{"embeddable":true,"href":"https:\/\/www.europesays.com\/fr\/wp-json\/wp\/v2\/comments?post=164666"}],"version-history":[{"count":0,"href":"https:\/\/www.europesays.com\/fr\/wp-json\/wp\/v2\/posts\/164666\/revisions"}],"wp:featuredmedia":[{"embeddable":true,"href":"https:\/\/www.europesays.com\/fr\/wp-json\/wp\/v2\/media\/164667"}],"wp:attachment":[{"href":"https:\/\/www.europesays.com\/fr\/wp-json\/wp\/v2\/media?parent=164666"}],"wp:term":[{"taxonomy":"category","embeddable":true,"href":"https:\/\/www.europesays.com\/fr\/wp-json\/wp\/v2\/categories?post=164666"},{"taxonomy":"post_tag","embeddable":true,"href":"https:\/\/www.europesays.com\/fr\/wp-json\/wp\/v2\/tags?post=164666"}],"curies":[{"name":"wp","href":"https:\/\/api.w.org\/{rel}","templated":true}]}}