{"id":164668,"date":"2025-06-10T02:53:10","date_gmt":"2025-06-10T02:53:10","guid":{"rendered":"https:\/\/www.europesays.com\/fr\/164668\/"},"modified":"2025-06-10T02:53:10","modified_gmt":"2025-06-10T02:53:10","slug":"on-veut-sauver-notre-metier-les-pecheurs-ont-profite-du-sommet-de-locean-unoc-pour-manifester-ce-lundi-a-nice","status":"publish","type":"post","link":"https:\/\/www.europesays.com\/fr\/164668\/","title":{"rendered":"\u00ab\u00a0On veut sauver notre m\u00e9tier\u00a0\u00bb: les p\u00eacheurs ont profit\u00e9 du Sommet de l&rsquo;oc\u00e9an Unoc pour manifester ce lundi \u00e0 Nice"},"content":{"rendered":"<p>\u00ab\u00a0Les agriculteurs ont bloqu\u00e9 les routes, nous, on va bloquer la mer!\u00a0\u00bb Les p\u00eacheurs sont en col\u00e8re. Et ils l\u2019ont fait savoir, ce lundi 9 juin 2025, lors d\u2019une manifestation organis\u00e9e place Garibaldi \u00e0 Nice o\u00f9 ils attendaient de pied ferme que la ministre de la Transition \u00e9cologique et de la Mer, Agn\u00e8s Pannier-Runacher, \u2013 mais surtout ses repr\u00e9sentants \u2013 viennent \u00e0 leur rencontre pour \u00e9couter leurs revendications.<\/p>\n<p>Les p\u00eacheurs s\u2019\u00e9taient d\u2019ailleurs d\u00e9j\u00e0 <a href=\"https:\/\/www.nicematin.com\/faits-de-societe\/manifestation-des-pecheurs-azureens-contre-les-normes-europeennes-et-nationales-qui-mettent-en-danger-la-peche-artisanale-985398\" rel=\"nofollow noopener\" target=\"_blank\">mobilis\u00e9s le 12 mai 2025 devant la pr\u00e9fecture des Alpes-Maritimes<\/a>. Cette fois-ci, ils profitent du Sommet de l\u2019Oc\u00e9an pour s\u2019exprimer une nouvelle fois. \u00ab\u00a0Aujourd\u2019hui, il est important d\u2019\u00eatre entendu, insiste Geoffrey M\u00e9nard, pr\u00e9sident du comit\u00e9 d\u00e9partemental des p\u00eaches et des \u00e9levages marins du Var. On nous parle d\u2019oc\u00e9ans et d\u2019avenir, c\u2019est tr\u00e8s bien. Nos revendications concernent la faisabilit\u00e9 et l\u2019adaptabilit\u00e9 de la r\u00e9glementation sur notre m\u00e9tier. Sans oublier notre sp\u00e9cificit\u00e9 m\u00e9diterran\u00e9enne.\u00a0\u00bb<\/p>\n<p>\u00ab\u00a0\u00c9changer, participer et apporter notre savoir-faire\u00a0\u00bb<\/p>\n<p>Dans leur viseur? Les nouvelles normes europ\u00e9ennes et nationales qui \u00ab\u00a0portent atteinte \u00e0 la p\u00eache artisanale\u00a0\u00bb. Les p\u00eacheurs r\u00e9clament notamment un moratoire sur le d\u00e9ploiement de la g\u00e9olocalisation (VMS) pour les navires de moins de 12m\u00e8tres.<\/p>\n<p>\u00ab\u00a0La VMS, une balise satellite avec un abonnement \u00e0 un co\u00fbt exorbitant, est un \u00e9quipement qu\u2019on ne peut pas mettre sur nos navires, expose-t-il. Un criminel quand il a un bracelet \u00e9lectronique, on ne lui r\u00e9clame pas d\u2019abonnement.\u00a0\u00bb<\/p>\n<p>Autre sujet sensible: les aires marines prot\u00e9g\u00e9es. \u00ab\u00a0Nos prud\u2019homies de p\u00eache ont des modes de gestion qui permettent de cr\u00e9er des r\u00e9serves naturelles, explique Geoffrey M\u00e9nard. On a envie d\u2019\u00e9changer, de participer et d\u2019apporter notre savoir-faire. Et d\u2019\u00e9viter une lourdeur administrative.\u00a0\u00bb<\/p>\n<p>\u00ab\u00a0L\u2019exp\u00e9rience des gens de terrain est fiable et gratuite\u00a0\u00bb<\/p>\n<p>\u00ab\u00a0On n\u2019en peut plus, on est asservi, lance Denis Genovese, pr\u00e9sident du comit\u00e9 d\u00e9partemental des p\u00eaches et des \u00e9levages marins des Alpes-Maritimes. Il y a une incompr\u00e9hension totale, aucun contact avec les gens pensants qui prennent les d\u00e9cisions, aucun avec ceux qui sont sur le terrain alors que l\u2019exp\u00e9rience des gens de terrain est fiable et gratuite, mais elle n\u2019int\u00e9resse personne.\u00a0\u00bb Un message qu\u2019il adresse \u00e0 Jonathan Tholo, le conseiller du minist\u00e8re de la Mer envoy\u00e9 pour repr\u00e9senter Agn\u00e8s Pannier-Runacher aupr\u00e8s des p\u00eacheurs qu\u2019il a ensuite re\u00e7u en petit comit\u00e9 dans un bureau.<\/p>\n<p>\u00ab\u00a0On veut sauver notre m\u00e9tier, mart\u00e8le-t-il. Si vous d\u00e9pensez toute l\u2019\u00e9nergie que vous d\u00e9pensez sur les p\u00eacheurs, sur le braconnage et sur la p\u00eache ill\u00e9gale, alors vous allez sauver l\u2019\u00e9quilibre de la ressource.\u00a0\u00bb<\/p>\n","protected":false},"excerpt":{"rendered":"\u00ab\u00a0Les agriculteurs ont bloqu\u00e9 les routes, nous, on va bloquer la mer!\u00a0\u00bb Les p\u00eacheurs sont en col\u00e8re. Et&hellip;\n","protected":false},"author":2,"featured_media":164669,"comment_status":"","ping_status":"","sticky":false,"template":"","format":"standard","meta":{"footnotes":""},"categories":[2819],"tags":[1111,11,436,1777,674,1011,27,12,2401,882,25,3366],"class_list":{"0":"post-164668","1":"post","2":"type-post","3":"status-publish","4":"format-standard","5":"has-post-thumbnail","7":"category-nice","8":"tag-actu","9":"tag-actualites","10":"tag-environnement","11":"tag-eu","12":"tag-europe","13":"tag-fr","14":"tag-france","15":"tag-news","16":"tag-nice","17":"tag-provence-alpes-cote-dazur","18":"tag-republique-francaise","19":"tag-vie-locale"},"share_on_mastodon":{"url":"https:\/\/pubeurope.com\/@fr\/114656811641230910","error":""},"_links":{"self":[{"href":"https:\/\/www.europesays.com\/fr\/wp-json\/wp\/v2\/posts\/164668","targetHints":{"allow":["GET"]}}],"collection":[{"href":"https:\/\/www.europesays.com\/fr\/wp-json\/wp\/v2\/posts"}],"about":[{"href":"https:\/\/www.europesays.com\/fr\/wp-json\/wp\/v2\/types\/post"}],"author":[{"embeddable":true,"href":"https:\/\/www.europesays.com\/fr\/wp-json\/wp\/v2\/users\/2"}],"replies":[{"embeddable":true,"href":"https:\/\/www.europesays.com\/fr\/wp-json\/wp\/v2\/comments?post=164668"}],"version-history":[{"count":0,"href":"https:\/\/www.europesays.com\/fr\/wp-json\/wp\/v2\/posts\/164668\/revisions"}],"wp:featuredmedia":[{"embeddable":true,"href":"https:\/\/www.europesays.com\/fr\/wp-json\/wp\/v2\/media\/164669"}],"wp:attachment":[{"href":"https:\/\/www.europesays.com\/fr\/wp-json\/wp\/v2\/media?parent=164668"}],"wp:term":[{"taxonomy":"category","embeddable":true,"href":"https:\/\/www.europesays.com\/fr\/wp-json\/wp\/v2\/categories?post=164668"},{"taxonomy":"post_tag","embeddable":true,"href":"https:\/\/www.europesays.com\/fr\/wp-json\/wp\/v2\/tags?post=164668"}],"curies":[{"name":"wp","href":"https:\/\/api.w.org\/{rel}","templated":true}]}}