{"id":164672,"date":"2025-06-10T02:56:57","date_gmt":"2025-06-10T02:56:57","guid":{"rendered":"https:\/\/www.europesays.com\/fr\/164672\/"},"modified":"2025-06-10T02:56:57","modified_gmt":"2025-06-10T02:56:57","slug":"des-ecoliers-du-pertuis-aux-finales-nationales-de-bridge-a-nantes","status":"publish","type":"post","link":"https:\/\/www.europesays.com\/fr\/164672\/","title":{"rendered":"Des \u00e9coliers du Pertuis aux finales nationales de bridge \u00e0 Nantes"},"content":{"rendered":"<p>\t\t\t\t\t\t\t\t\t\t\t\t\t\t\t\t\t\t\t\t\t\t\t\t\t\t\t\t\t\t\t\t\t\t\t\t\t\t\t\t\t\t\t\t\t\t<img decoding=\"async\" src=\"https:\/\/www.europesays.com\/fr\/wp-content\/uploads\/2025\/06\/rural2025-4.gif\" alt=\"Tence Rural Master juin 2025\"\/><\/p>\n<p><strong>400 joueurs de bridge, de 10 \u00e0 18 ans, \u00e9taient r\u00e9unis ce week-end \u00e0 Nantes.<\/strong><\/p>\n<p>Calem Laffont, Sacha Duclaut et Mae Garnier, auxquels s&rsquo;\u00e9tait joint Amine Arab, coll\u00e9gien au Puy-en-Velay, qualifi\u00e9s lors des championnat d&rsquo;Auvergne, faisaient partie des plus jeunes comp\u00e9titeurs.<\/p>\n<p>Ils ont rejoint samedi \u00e0 l&rsquo;aube leurs camarades auvergnats \u00e0 Clermont pour un voyage vers Nantes en car.<\/p>\n<p>Les deux jours de comp\u00e9tition ont permis aux 400 jeunes finalistes de partager leur passion commune pour le bridge. Faisant partie d&rsquo;un groupe constitu\u00e9 de 60 paires (120 jeunes), ils ont jou\u00e9 entre samedi apr\u00e8s-midi et dimanche, 3 s\u00e9ances de 10 donnes.<\/p>\n<p>Bien que \u00a0\u00bbsurclass\u00e9s\u00a0\u00bb du fait de leur \u00e2ge, ils ont termin\u00e9 avec les honneurs : Sacha et Amine \u00e0 la 29e place, Calem et Ma\u00eb \u00e0 la 31e place.<\/p>\n<p>Au retour, ils ont fait connaissance dans le bus d&rsquo;un autre altilig\u00e9rien, Robin Farissier de Beauzac, qui participait \u00e0 la comp\u00e9tition \u00a0\u00bbcadets\u00a0\u00bb et qui est d\u00e9j\u00e0 membre de l&rsquo;\u00e9quipe de France.<\/p>\n","protected":false},"excerpt":{"rendered":"400 joueurs de bridge, de 10 \u00e0 18 ans, \u00e9taient r\u00e9unis ce week-end \u00e0 Nantes. Calem Laffont, Sacha&hellip;\n","protected":false},"author":2,"featured_media":164673,"comment_status":"","ping_status":"","sticky":false,"template":"","format":"standard","meta":{"footnotes":""},"categories":[2818],"tags":[1111,2281,11,1777,674,2282,1011,27,2280,2284,2285,2283,766,12,2636,25],"class_list":{"0":"post-164672","1":"post","2":"type-post","3":"status-publish","4":"format-standard","5":"has-post-thumbnail","7":"category-nantes","8":"tag-actu","9":"tag-actualite-43","10":"tag-actualites","11":"tag-eu","12":"tag-europe","13":"tag-faits-divers-auvergne","14":"tag-fr","15":"tag-france","16":"tag-information-haute-loire","17":"tag-infos-43","18":"tag-journal-haute-loire","19":"tag-la-commere-43","20":"tag-nantes","21":"tag-news","22":"tag-pays-de-la-loire","23":"tag-republique-francaise"},"share_on_mastodon":{"url":"https:\/\/pubeurope.com\/@fr\/114656827389153414","error":""},"_links":{"self":[{"href":"https:\/\/www.europesays.com\/fr\/wp-json\/wp\/v2\/posts\/164672","targetHints":{"allow":["GET"]}}],"collection":[{"href":"https:\/\/www.europesays.com\/fr\/wp-json\/wp\/v2\/posts"}],"about":[{"href":"https:\/\/www.europesays.com\/fr\/wp-json\/wp\/v2\/types\/post"}],"author":[{"embeddable":true,"href":"https:\/\/www.europesays.com\/fr\/wp-json\/wp\/v2\/users\/2"}],"replies":[{"embeddable":true,"href":"https:\/\/www.europesays.com\/fr\/wp-json\/wp\/v2\/comments?post=164672"}],"version-history":[{"count":0,"href":"https:\/\/www.europesays.com\/fr\/wp-json\/wp\/v2\/posts\/164672\/revisions"}],"wp:featuredmedia":[{"embeddable":true,"href":"https:\/\/www.europesays.com\/fr\/wp-json\/wp\/v2\/media\/164673"}],"wp:attachment":[{"href":"https:\/\/www.europesays.com\/fr\/wp-json\/wp\/v2\/media?parent=164672"}],"wp:term":[{"taxonomy":"category","embeddable":true,"href":"https:\/\/www.europesays.com\/fr\/wp-json\/wp\/v2\/categories?post=164672"},{"taxonomy":"post_tag","embeddable":true,"href":"https:\/\/www.europesays.com\/fr\/wp-json\/wp\/v2\/tags?post=164672"}],"curies":[{"name":"wp","href":"https:\/\/api.w.org\/{rel}","templated":true}]}}