{"id":164680,"date":"2025-06-10T03:01:11","date_gmt":"2025-06-10T03:01:11","guid":{"rendered":"https:\/\/www.europesays.com\/fr\/164680\/"},"modified":"2025-06-10T03:01:11","modified_gmt":"2025-06-10T03:01:11","slug":"fin-de-saison-pour-capuozzo-nouveau-coup-dur-pour-toulouse","status":"publish","type":"post","link":"https:\/\/www.europesays.com\/fr\/164680\/","title":{"rendered":"fin de saison pour Capuozzo, nouveau coup dur pour Toulouse"},"content":{"rendered":"<p>Comme annonc\u00e9 par RMC Sport et confirm\u00e9 par L\u2019\u00c9quipe, l\u2019ailier italien du Stade Toulousain Ange Capuozzo en a termin\u00e9 avec sa saison.<\/p>\n<p class=\"fig-paragraph\">Le\u00a0<a href=\"http:\/\/www.lefigaro.fr\/sports\/rugby\/top-14\/top-14-le-japonais-naoto-saito-prolonge-au-stade-toulousain-jusqu-en-2026-20250605\" data-fig-type=\"NewsFlash\" data-gtm-custom-categorie=\"navigation\" data-gtm-custom-action=\"crossclick\" data-gtm-custom-label=\"Contextuel\" data-gtm-event=\"customEventSPE\" data-fig-domain=\"LEFIGARO\" rel=\"nofollow noopener\" target=\"_blank\">Stade Toulousain<\/a>\u00a0doit faire face \u00e0 un nouveau coup dur dans le sprint final. Ce lundi, et comme annonc\u00e9 par\u00a0<a href=\"https:\/\/rmcsport.bfmtv.com\/rugby\/top-14\/toulouse-vers-une-fin-de-saison-pour-ange-capuozzo-victime-d-une-probable-fracture-tibia-perone_AV-202506090385.html\" target=\"_blank\" rel=\"nofollow noopener\" data-gtm-custom-categorie=\"navigation\" data-gtm-custom-action=\"crossclick\" data-gtm-custom-label=\"Contextuel\" data-gtm-event=\"customEventSPE\">RMC Sport<\/a>, l\u2019ailier italien\u00a0<a href=\"https:\/\/www.lefigaro.fr\/sports\/rugby\/coupe-du-monde\/coupe-du-monde-de-rugby-ange-capuozzo-le-joyau-italien-venu-de-grenoble-20231004\" data-fig-type=\"Article\" data-gtm-custom-categorie=\"navigation\" data-gtm-custom-action=\"crossclick\" data-gtm-custom-label=\"Contextuel\" data-gtm-event=\"customEventSPE\" data-fig-domain=\"LEFIGARO\" rel=\"nofollow noopener\" target=\"_blank\">Ange Capuozzo<\/a>\u00a0en a termin\u00e9 avec sa saison. Bless\u00e9 contre Perpignan lors de la derni\u00e8re journ\u00e9e, l\u2019ex-joueur de Grenoble souffre d\u2019une fracture du p\u00e9ron\u00e9 de la jambe gauche rapporte\u00a0<a href=\"https:\/\/www.lequipe.fr\/Rugby\/Actualites\/Fin-de-saison-pour-l-ailier-du-stade-toulousain-ange-capuozzo-victime-d-une-fracture-du-perone-de-la-jambe-gauche\/1568890\" target=\"_blank\" rel=\"nofollow noopener\" data-gtm-custom-categorie=\"navigation\" data-gtm-custom-action=\"crossclick\" data-gtm-custom-label=\"Contextuel\" data-gtm-event=\"customEventSPE\">L\u2019Equipe<\/a> .<\/p>\n<p class=\"fig-paragraph\">Face \u00e0\u00a0<a href=\"http:\/\/www.lefigaro.fr\/sports\/rugby\/coupe-d-europe\/rugby-plus-de-peur-que-de-mal-capuozzo-rassure-toulouse-et-l-italie-apres-sa-blessure-a-la-cheville-20250408\" data-fig-type=\"NewsFlash\" data-gtm-custom-categorie=\"navigation\" data-gtm-custom-action=\"crossclick\" data-gtm-custom-label=\"Contextuel\" data-gtm-event=\"customEventSPE\" data-fig-domain=\"LEFIGARO\" rel=\"nofollow noopener\" target=\"_blank\">Sale<\/a>\u00a0en Champions Cup en avril dernier, Capuozzo avait \u00e9t\u00e9 s\u00e9rieusement touch\u00e9 \u00e0 une cheville mais \u00e9tait revenu quelques semaines plus tard. Cette fois-ci, c\u2019est termin\u00e9. Toulouse va maintenant aborder les phases finales sans\u00a0<a href=\"http:\/\/www.lefigaro.fr\/sports\/rugby\/top-14\/rugby-antoine-dupont-poursuit-sa-reeducation-apres-sa-grave-blessure-en-video-20250530\" data-fig-type=\"NewsFlash\" data-gtm-custom-categorie=\"navigation\" data-gtm-custom-action=\"crossclick\" data-gtm-custom-label=\"Contextuel\" data-gtm-event=\"customEventSPE\" data-fig-domain=\"LEFIGARO\" rel=\"nofollow noopener\" target=\"_blank\">Antoine Dupont<\/a>, victime d\u2019une rupture du ligament crois\u00e9 ant\u00e9rieur du genou droit lors du dernier Tournoi des six nations ou encore\u00a0<a href=\"http:\/\/www.lefigaro.fr\/sports\/rugby\/top-14-fin-de-saison-pour-le-talonneur-toulousain-peato-mauvaka-touche-au-genou-a-l-entrainement-20250430\" data-fig-type=\"NewsFlash\" data-gtm-custom-categorie=\"navigation\" data-gtm-custom-action=\"crossclick\" data-gtm-custom-label=\"Contextuel\" data-gtm-event=\"customEventSPE\" data-fig-domain=\"LEFIGARO\" rel=\"nofollow noopener\" target=\"_blank\">Peato Mauvaka<\/a>, victime de la m\u00eame blessure.<\/p>\n<p class=\"fig-paragraph\">\u00c0 noter que le jeune centre Paul Costes, touch\u00e9 \u00e0 un genou contre Lyon, va sans doute manquer la demi-finale pr\u00e9vue le 20 juin prochain. Toulouse ne pourra compter non plus sur l\u2019ailier fidjien\u00a0<a href=\"http:\/\/www.lefigaro.fr\/sports\/rugby\/top-14\/top-14-l-ailier-fidjien-de-toulouse-bituniyata-prolonge-20240717\" data-fig-type=\"NewsFlash\" data-gtm-custom-categorie=\"navigation\" data-gtm-custom-action=\"crossclick\" data-gtm-custom-label=\"Contextuel\" data-gtm-event=\"customEventSPE\" data-fig-domain=\"LEFIGARO\" rel=\"nofollow noopener\" target=\"_blank\">Setareki Bituniyata<\/a>.<\/p>\n","protected":false},"excerpt":{"rendered":"Comme annonc\u00e9 par RMC Sport et confirm\u00e9 par L\u2019\u00c9quipe, l\u2019ailier italien du Stade Toulousain Ange Capuozzo en a&hellip;\n","protected":false},"author":2,"featured_media":164681,"comment_status":"","ping_status":"","sticky":false,"template":"","format":"standard","meta":{"footnotes":""},"categories":[2816],"tags":[1111,11,525,4590,1981,2313,814,1777,674,1011,27,955,12,2680,4589,2311,25,1980,479,2259,476,478,2310,2312],"class_list":{"0":"post-164680","1":"post","2":"type-post","3":"status-publish","4":"format-standard","5":"has-post-thumbnail","7":"category-toulouse","8":"tag-actu","9":"tag-actualites","10":"tag-calendrier","11":"tag-championnat-france","12":"tag-classement","13":"tag-clermont","14":"tag-direct","15":"tag-eu","16":"tag-europe","17":"tag-fr","18":"tag-france","19":"tag-match","20":"tag-news","21":"tag-occitanie","22":"tag-phase-finale","23":"tag-racing","24":"tag-republique-francaise","25":"tag-resultats","26":"tag-rugby","27":"tag-score","28":"tag-stade-toulousain","29":"tag-top-14","30":"tag-toulon","31":"tag-toulouse"},"share_on_mastodon":{"url":"https:\/\/pubeurope.com\/@fr\/114656843086400942","error":""},"_links":{"self":[{"href":"https:\/\/www.europesays.com\/fr\/wp-json\/wp\/v2\/posts\/164680","targetHints":{"allow":["GET"]}}],"collection":[{"href":"https:\/\/www.europesays.com\/fr\/wp-json\/wp\/v2\/posts"}],"about":[{"href":"https:\/\/www.europesays.com\/fr\/wp-json\/wp\/v2\/types\/post"}],"author":[{"embeddable":true,"href":"https:\/\/www.europesays.com\/fr\/wp-json\/wp\/v2\/users\/2"}],"replies":[{"embeddable":true,"href":"https:\/\/www.europesays.com\/fr\/wp-json\/wp\/v2\/comments?post=164680"}],"version-history":[{"count":0,"href":"https:\/\/www.europesays.com\/fr\/wp-json\/wp\/v2\/posts\/164680\/revisions"}],"wp:featuredmedia":[{"embeddable":true,"href":"https:\/\/www.europesays.com\/fr\/wp-json\/wp\/v2\/media\/164681"}],"wp:attachment":[{"href":"https:\/\/www.europesays.com\/fr\/wp-json\/wp\/v2\/media?parent=164680"}],"wp:term":[{"taxonomy":"category","embeddable":true,"href":"https:\/\/www.europesays.com\/fr\/wp-json\/wp\/v2\/categories?post=164680"},{"taxonomy":"post_tag","embeddable":true,"href":"https:\/\/www.europesays.com\/fr\/wp-json\/wp\/v2\/tags?post=164680"}],"curies":[{"name":"wp","href":"https:\/\/api.w.org\/{rel}","templated":true}]}}