{"id":164684,"date":"2025-06-10T03:04:19","date_gmt":"2025-06-10T03:04:19","guid":{"rendered":"https:\/\/www.europesays.com\/fr\/164684\/"},"modified":"2025-06-10T03:04:19","modified_gmt":"2025-06-10T03:04:19","slug":"euromediterranee-a-celebre-30-ans-de-transformations","status":"publish","type":"post","link":"https:\/\/www.europesays.com\/fr\/164684\/","title":{"rendered":"Eurom\u00e9diterran\u00e9e a c\u00e9l\u00e9br\u00e9 30 ans de transformations"},"content":{"rendered":"<p>                    <img loading=\"lazy\" decoding=\"async\" src=\"https:\/\/www.europesays.com\/fr\/wp-content\/uploads\/2025\/06\/933a99cd73ad586ef9b1e613760ede.jpg\" class=\"img-responsive post-image\" width=\"680\" height=\"510\" alt=\"Eurom\u00e9diterran\u00e9e a c\u00e9l\u00e9br\" title=\"Eurom\u00e9diterran\u00e9e a c\u00e9l\u00e9br\u00e9 30 ans de transformations\"\/><\/p>\n<p class=\"chapo\">Le 4 juin \u00e0 Marseille, Eurom\u00e9diterran\u00e9e a c\u00e9l\u00e9br\u00e9 30 ans de transformations.<\/p>\n<p>En 1995, l\u2019\u00c9tablissement Public d\u2019Am\u00e9nagement Eurom\u00e9diterran\u00e9e (EPAEM) lan\u00e7ait \u00e0 Marseille le plus grand plan d\u2019urbanisme d\u2019Europe du Sud. <strong>Trente ans plus tard, Eurom\u00e9diterran\u00e9e est devenu un mod\u00e8le d\u2019am\u00e9nagement durable, d\u2019innovation et d\u2019attractivit\u00e9.<\/strong><br class=\"texte\"\/><br \/>\n\u00c0 l\u2019occasion de cet anniversaire, l\u2019EPAEM propose de (re)d\u00e9couvrir les \u00e9volutions au coeur de la ville, \u00e0 travers l\u2019exposition \u00ab\u00a0<strong> 30 ans en 30 lieux<\/strong>\u00a0\u00bb. Jusqu\u2019au 31 octobre prochain, c\u2019est dans un lieu charg\u00e9 d\u2019histoire, les Docks Village, que cette r\u00e9trospective in\u00e9dite retracera trois d\u00e9cennies de m\u00e9tamorphoses d\u2019un territoire embl\u00e9matique.<\/p>\n<p>Eurom\u00e9diterran\u00e9e\u00a0: 30 ans d\u2019actions pour b\u00e2tir la ville m\u00e9diterran\u00e9enne durable de demain<\/p>\n<p>Depuis 1995, Eurom\u00e9diterran\u00e9e contribue \u00e0 l\u2019\u00e9volution du visage de la cit\u00e9 phoc\u00e9enne. En 30 ans, l\u2019\u00c9tablissement a progressivement transform\u00e9 480 hectares en coeur de ville, convertissant des friches industrielles en quartiers vivants, durables et connect\u00e9s. D\u00e8s le lancement de l\u2019EPAEM, les objectifs \u00e9taient ambitieux\u00a0: dynamiser le d\u00e9veloppement \u00e9conomique de Marseille, am\u00e9nager les friches portuaires, cr\u00e9er de l\u2019espace public de qualit\u00e9 et r\u00e9introduire la nature en ville, tout en \u00e9tant une op\u00e9ration innovante et exemplaire sur le plan environnemental. Aujourd\u2019hui, le pari est r\u00e9ussi, avec 40 000 habitants, 6 109 entreprises et 56 172 emplois qui cohabitent sur le p\u00e9rim\u00e8tre d\u2019Eurom\u00e9diterran\u00e9e.<br class=\"autobr\"\/><br \/>\n<strong>La m\u00e9tamorphose de la ville et du territoire, et plus largement de la M\u00e9tropole Aix-Marseille-Provence, a \u00e9t\u00e9 op\u00e9r\u00e9e en 2 phases<\/strong>\u00a0:<br \/>\n<br \/><b>\u2013<\/b>\u00a0D\u00e8s 1995, un p\u00e9rim\u00e8tre initial de 310 hectares situ\u00e9 \u00e0 proximit\u00e9 du centre-ville \u2013 connu sous le nom d\u2019Eurom\u00e9diterran\u00e9e 1 \u2013 permet d\u2019ouvrir la ville sur le port avec de nouveaux espaces pi\u00e9tons et v\u00e9g\u00e9talis\u00e9s, tout en faisant \u00e9merger un quartier tertiaire mixte incluant logements, commerces, grands \u00e9quipements, services, transports en commun, etc.<br \/>\n<br \/><b>\u2013<\/b>\u00a0Lanc\u00e9 en 2007, un espace de convergence est cr\u00e9\u00e9 \u2013 Eurom\u00e9diterran\u00e9e 2 \u2013 afin de connecter les quartiers situ\u00e9s au nord de Marseille \u00e0 son centre-ville et d\u2019en faire un lieu de vie attractif, desservi par le tramway et le m\u00e9tro, et poursuivant la dynamique de ville mixte d\u2019Eurom\u00e9diterran\u00e9e 1.<br class=\"autobr\"\/><br \/>\n\u00ab\u00a0Eurom\u00e9diterran\u00e9e est n\u00e9 d\u2019un constat\u00a0: dans les ann\u00e9es 90, Marseille perd des habitants et affiche un taux de ch\u00f4mage de 22\u00a0% d\u00fb \u00e0 la perte de 50 000 emplois en 20 ans. Un vaste plan de relance est alors lanc\u00e9, port\u00e9 conjointement par l\u2019\u00c9tat, la R\u00e9gion Sud &#8211; Provence-Alpes-C\u00f4te d\u2019Azur, le D\u00e9partement des Bouches-du-Rh\u00f4ne, la M\u00e9tropole Aix-Marseille-Provence et la Ville de Marseille. Ce projet incarne donc la capacit\u00e9 de la ville \u00e0 se r\u00e9inventer, \u00e0 conjuguer patrimoine, innovation et d\u00e9veloppement durable. Gr\u00e2ce \u00e0 ce \u201cjouer collectif\u201d, nous avons pos\u00e9 les fondations de la ville m\u00e9diterran\u00e9enne de demain, tout en renfor\u00e7ant son r\u00f4le de poumon \u00e9conomique du territoire\u00a0\u00bb, explique <strong>Laure-Agn\u00e8s Caradec,<\/strong> pr\u00e9sidente du Conseil d\u2019administration d\u2019Eurom\u00e9diterran\u00e9e.<\/p>\n<p>Photo de Une \u00a9Eurom\u00e9diterran\u00e9e<\/p>\n","protected":false},"excerpt":{"rendered":"Le 4 juin \u00e0 Marseille, Eurom\u00e9diterran\u00e9e a c\u00e9l\u00e9br\u00e9 30 ans de transformations. En 1995, l\u2019\u00c9tablissement Public d\u2019Am\u00e9nagement Eurom\u00e9diterran\u00e9e&hellip;\n","protected":false},"author":2,"featured_media":164685,"comment_status":"","ping_status":"","sticky":false,"template":"","format":"standard","meta":{"footnotes":""},"categories":[2814],"tags":[1111,11,2408,1777,674,1011,27,884,12,882,25],"class_list":{"0":"post-164684","1":"post","2":"type-post","3":"status-publish","4":"format-standard","5":"has-post-thumbnail","7":"category-marseille","8":"tag-actu","9":"tag-actualites","10":"tag-appels-d","11":"tag-eu","12":"tag-europe","13":"tag-fr","14":"tag-france","15":"tag-marseille","16":"tag-news","17":"tag-provence-alpes-cote-dazur","18":"tag-republique-francaise"},"share_on_mastodon":{"url":"https:\/\/pubeurope.com\/@fr\/114656855003165101","error":""},"_links":{"self":[{"href":"https:\/\/www.europesays.com\/fr\/wp-json\/wp\/v2\/posts\/164684","targetHints":{"allow":["GET"]}}],"collection":[{"href":"https:\/\/www.europesays.com\/fr\/wp-json\/wp\/v2\/posts"}],"about":[{"href":"https:\/\/www.europesays.com\/fr\/wp-json\/wp\/v2\/types\/post"}],"author":[{"embeddable":true,"href":"https:\/\/www.europesays.com\/fr\/wp-json\/wp\/v2\/users\/2"}],"replies":[{"embeddable":true,"href":"https:\/\/www.europesays.com\/fr\/wp-json\/wp\/v2\/comments?post=164684"}],"version-history":[{"count":0,"href":"https:\/\/www.europesays.com\/fr\/wp-json\/wp\/v2\/posts\/164684\/revisions"}],"wp:featuredmedia":[{"embeddable":true,"href":"https:\/\/www.europesays.com\/fr\/wp-json\/wp\/v2\/media\/164685"}],"wp:attachment":[{"href":"https:\/\/www.europesays.com\/fr\/wp-json\/wp\/v2\/media?parent=164684"}],"wp:term":[{"taxonomy":"category","embeddable":true,"href":"https:\/\/www.europesays.com\/fr\/wp-json\/wp\/v2\/categories?post=164684"},{"taxonomy":"post_tag","embeddable":true,"href":"https:\/\/www.europesays.com\/fr\/wp-json\/wp\/v2\/tags?post=164684"}],"curies":[{"name":"wp","href":"https:\/\/api.w.org\/{rel}","templated":true}]}}