{"id":164696,"date":"2025-06-10T03:10:18","date_gmt":"2025-06-10T03:10:18","guid":{"rendered":"https:\/\/www.europesays.com\/fr\/164696\/"},"modified":"2025-06-10T03:10:18","modified_gmt":"2025-06-10T03:10:18","slug":"le-joueur-du-psg-khvicha-kvaratskhelia-victime-dun-cambriolage-pendant-ses-vacances-au-cannet","status":"publish","type":"post","link":"https:\/\/www.europesays.com\/fr\/164696\/","title":{"rendered":"Le joueur du PSG Khvicha Kvaratskhelia victime d\u2019un cambriolage pendant ses vacances au Cannet"},"content":{"rendered":"<p class=\"paragraph text_align_left\">Les vacances ont \u00e9t\u00e9 g\u00e2ch\u00e9es pour<a href=\"https:\/\/www.leparisien.fr\/sports\/football\/khvicha-kvaratskhelia\/\" target=\"_blank\" rel=\"noreferrer nofollow noopener\"> Khvicha Kvaratskhelia<\/a>. Alors qu\u2019il profitait d\u2019un repos bien m\u00e9rit\u00e9 apr\u00e8s la victoire en<a href=\"https:\/\/www.leparisien.fr\/sports\/football\/ligue-des-champions\/\" target=\"_blank\" rel=\"noreferrer nofollow noopener\"> Ligue des champions<\/a> avec le<a href=\"https:\/\/www.leparisien.fr\/sports\/football\/psg\/\" target=\"_blank\" rel=\"noreferrer nofollow noopener\"> PSG <\/a>le samedi 31 mai, l\u2019attaquant g\u00e9orgien de 24 ans a vu ce moment de d\u00e9tente et de bonheur tourner au cauchemar. Selon le m\u00e9dia g\u00e9orgien Geo Team, le Parisien aurait en effet \u00e9t\u00e9 victime d\u2019un cambriolage.<\/p>\n<p class=\"paragraph text_align_left\">Laiss\u00e9 au repos par le s\u00e9lectionneur de la G\u00e9orgie, Willy Sagnol, pour les matchs de qualification pour le prochain Mondial qui se disputaient ce week-end en raison du<a href=\"https:\/\/www.leparisien.fr\/sports\/football\/coupe-du-monde-des-clubs\/\" target=\"_blank\" rel=\"noreferrer nofollow noopener\"> Mondial des clubs <\/a>qui d\u00e9bute le 15 juin aux \u00c9tats-Unis, Khvicha Kvaratskhelia passait quelques jours de vacances au Cannet, et non \u00e0 Cannes comme indiqu\u00e9 dans une premi\u00e8re version de cet article, avec son meilleur ami Zuriko Davitashvili, joueur de l\u2019AS Saint-\u00c9tienne, et plusieurs de leurs proches.<\/p>\n<p class=\"paragraph text_align_left\">C\u2019est alors qu\u2019ils \u00e9taient sortis que la maison a \u00e9t\u00e9 visit\u00e9e. Tous les biens de valeurs &#8211; bijoux, sacs et montres &#8211; auraient \u00e9t\u00e9 d\u00e9rob\u00e9s dans la maison. Heureusement aucune victime n\u2019est \u00e0 d\u00e9plorer.<\/p>\n<p class=\"paragraph text_align_left\">Selon <a href=\"https:\/\/www.lequipe.fr\/Football\/Actualites\/Khvitcha-kvaratskhelia-cambriole-pendant-ses-vacances-a-cannes\/1568836\" target=\"_blank\" rel=\"noreferrer nofollow noopener\">L\u2019\u00c9quipe<\/a>, qui confirme le cambriolage, la maison aurait d\u00e9j\u00e0 \u00e9t\u00e9 visit\u00e9e durant le Festival de Cannes et une enqu\u00eate pr\u00e9liminaire a \u00e9t\u00e9 ouverte par la justice.<\/p>\n","protected":false},"excerpt":{"rendered":"Les vacances ont \u00e9t\u00e9 g\u00e2ch\u00e9es pour Khvicha Kvaratskhelia. Alors qu\u2019il profitait d\u2019un repos bien m\u00e9rit\u00e9 apr\u00e8s la victoire&hellip;\n","protected":false},"author":2,"featured_media":164697,"comment_status":"","ping_status":"","sticky":false,"template":"","format":"standard","meta":{"footnotes":""},"categories":[1888],"tags":[1111,1928,11,1927,1777,674,63,1011,27,12,1926,626,1925,93,25,60],"class_list":{"0":"post-164696","1":"post","2":"type-post","3":"status-publish","4":"format-standard","5":"has-post-thumbnail","7":"category-paris","8":"tag-actu","9":"tag-actu-paris","10":"tag-actualites","11":"tag-actualites-paris","12":"tag-eu","13":"tag-europe","14":"tag-football","15":"tag-fr","16":"tag-france","17":"tag-news","18":"tag-news-paris","19":"tag-paris","20":"tag-paris-news","21":"tag-psg","22":"tag-republique-francaise","23":"tag-sports"},"share_on_mastodon":{"url":"https:\/\/pubeurope.com\/@fr\/114656878503756789","error":""},"_links":{"self":[{"href":"https:\/\/www.europesays.com\/fr\/wp-json\/wp\/v2\/posts\/164696","targetHints":{"allow":["GET"]}}],"collection":[{"href":"https:\/\/www.europesays.com\/fr\/wp-json\/wp\/v2\/posts"}],"about":[{"href":"https:\/\/www.europesays.com\/fr\/wp-json\/wp\/v2\/types\/post"}],"author":[{"embeddable":true,"href":"https:\/\/www.europesays.com\/fr\/wp-json\/wp\/v2\/users\/2"}],"replies":[{"embeddable":true,"href":"https:\/\/www.europesays.com\/fr\/wp-json\/wp\/v2\/comments?post=164696"}],"version-history":[{"count":0,"href":"https:\/\/www.europesays.com\/fr\/wp-json\/wp\/v2\/posts\/164696\/revisions"}],"wp:featuredmedia":[{"embeddable":true,"href":"https:\/\/www.europesays.com\/fr\/wp-json\/wp\/v2\/media\/164697"}],"wp:attachment":[{"href":"https:\/\/www.europesays.com\/fr\/wp-json\/wp\/v2\/media?parent=164696"}],"wp:term":[{"taxonomy":"category","embeddable":true,"href":"https:\/\/www.europesays.com\/fr\/wp-json\/wp\/v2\/categories?post=164696"},{"taxonomy":"post_tag","embeddable":true,"href":"https:\/\/www.europesays.com\/fr\/wp-json\/wp\/v2\/tags?post=164696"}],"curies":[{"name":"wp","href":"https:\/\/api.w.org\/{rel}","templated":true}]}}