{"id":164701,"date":"2025-06-10T03:13:13","date_gmt":"2025-06-10T03:13:13","guid":{"rendered":"https:\/\/www.europesays.com\/fr\/164701\/"},"modified":"2025-06-10T03:13:13","modified_gmt":"2025-06-10T03:13:13","slug":"la-creme-de-la-tech-regionale-debarque-en-force-a-paris-a-loccasion-du-salon-vivatech","status":"publish","type":"post","link":"https:\/\/www.europesays.com\/fr\/164701\/","title":{"rendered":"La cr\u00e8me de la tech r\u00e9gionale d\u00e9barque en force \u00e0 Paris \u00e0 l&rsquo;occasion du salon Vivatech"},"content":{"rendered":"<p>Apr\u00e8s le CES de Las Vegas, <a href=\"https:\/\/www.laprovence.com\/article\/economie\/34231668833832\/vivatech-a-paris-lexpo-universelle-de-la-tech-et-du-digital\" target=\"_blank\" rel=\"nofollow noopener\">Vivatech, n\u00e9 en 2016<\/a>, est devenu en moins de dix ans le plus grand salon europ\u00e9en consacr\u00e9 aux nouvelles technologies. Du 11 au 14 juin, Paris-Porte de Versailles accueille cette nouvelle \u00e9dition o\u00f9 plus de 14 000 start-up (contre 13 500 l&rsquo;an dernier), 4 000 partenaires (contre 3 600 en 2024) et 50 pavillons internationaux sont attendus. La tech, le business, l&rsquo;\u00e9coresponsabilit\u00e9 et <a href=\"https:\/\/www.laprovence.com\/article\/economie\/61200949453679\/a-vivatech-la-region-se-reve-en-terre-d-intelligence-artificielle\" target=\"_blank\" rel=\"nofollow noopener\">l&rsquo;intelligence artificielle<\/a> seront au c\u0153ur des d\u00e9bats.<\/p>\n<p>Le duel entre le <a href=\"https:\/\/www.laprovence.com\/article\/economie\/178680270204215\/le-ces-las-vegas-temple-de-linnovation-mondiale-ca-commence-ce-mardi\" target=\"_blank\" rel=\"nofollow noopener\">mythique CES de Las Vegas<\/a> et l&rsquo;\u00e9toile montante Vivatech est bien plus qu&rsquo;une simple comparaison d&rsquo;\u00e9v\u00e9nements. C&rsquo;est une vraie r\u00e9volution dans la mani\u00e8re dont les start-up europ\u00e9ennes abordent l&rsquo;innovation et la visibilit\u00e9. Pour Bernard Kleynhoff, pr\u00e9sident de la Commission d\u00e9veloppement \u00e9conomique et digital, \u00ab\u00a0le CES, c&rsquo;est la machine de guerre qui a fait ses preuves depuis des d\u00e9cennies. Une v\u00e9ritable locomotive, incontournable pour les jeunes pousses qui veulent se lancer \u00e0 l&rsquo;international\u00a0\u00bb.<\/p>\n","protected":false},"excerpt":{"rendered":"Apr\u00e8s le CES de Las Vegas, Vivatech, n\u00e9 en 2016, est devenu en moins de dix ans le&hellip;\n","protected":false},"author":2,"featured_media":164702,"comment_status":"","ping_status":"","sticky":false,"template":"","format":"standard","meta":{"footnotes":""},"categories":[1888],"tags":[17,11,29789,11465,33,1777,674,20017,1011,27,27249,12,626,17878,25,16033],"class_list":{"0":"post-164701","1":"post","2":"type-post","3":"status-publish","4":"format-standard","5":"has-post-thumbnail","7":"category-paris","8":"tag-17","9":"tag-actualites","10":"tag-creme","11":"tag-debarque","12":"tag-economie","13":"tag-eu","14":"tag-europe","15":"tag-force","16":"tag-fr","17":"tag-france","18":"tag-loccasion","19":"tag-news","20":"tag-paris","21":"tag-regionale","22":"tag-republique-francaise","23":"tag-tech"},"share_on_mastodon":{"url":"https:\/\/pubeurope.com\/@fr\/114656890255500747","error":""},"_links":{"self":[{"href":"https:\/\/www.europesays.com\/fr\/wp-json\/wp\/v2\/posts\/164701","targetHints":{"allow":["GET"]}}],"collection":[{"href":"https:\/\/www.europesays.com\/fr\/wp-json\/wp\/v2\/posts"}],"about":[{"href":"https:\/\/www.europesays.com\/fr\/wp-json\/wp\/v2\/types\/post"}],"author":[{"embeddable":true,"href":"https:\/\/www.europesays.com\/fr\/wp-json\/wp\/v2\/users\/2"}],"replies":[{"embeddable":true,"href":"https:\/\/www.europesays.com\/fr\/wp-json\/wp\/v2\/comments?post=164701"}],"version-history":[{"count":0,"href":"https:\/\/www.europesays.com\/fr\/wp-json\/wp\/v2\/posts\/164701\/revisions"}],"wp:featuredmedia":[{"embeddable":true,"href":"https:\/\/www.europesays.com\/fr\/wp-json\/wp\/v2\/media\/164702"}],"wp:attachment":[{"href":"https:\/\/www.europesays.com\/fr\/wp-json\/wp\/v2\/media?parent=164701"}],"wp:term":[{"taxonomy":"category","embeddable":true,"href":"https:\/\/www.europesays.com\/fr\/wp-json\/wp\/v2\/categories?post=164701"},{"taxonomy":"post_tag","embeddable":true,"href":"https:\/\/www.europesays.com\/fr\/wp-json\/wp\/v2\/tags?post=164701"}],"curies":[{"name":"wp","href":"https:\/\/api.w.org\/{rel}","templated":true}]}}