{"id":164709,"date":"2025-06-10T03:17:09","date_gmt":"2025-06-10T03:17:09","guid":{"rendered":"https:\/\/www.europesays.com\/fr\/164709\/"},"modified":"2025-06-10T03:17:09","modified_gmt":"2025-06-10T03:17:09","slug":"sinquieter-de-limmigration-de-masse-devient-un-signe-de-radicalisation-selon-le-programme-gouvernemental-prevent","status":"publish","type":"post","link":"https:\/\/www.europesays.com\/fr\/164709\/","title":{"rendered":"s\u2019inqui\u00e9ter de l\u2019immigration de masse devient un signe de radicalisation selon le programme (gouvernemental) Prevent"},"content":{"rendered":"<p>Le Royaume-Uni bascule-t-il dans un totalitarisme doux, o\u00f9 les id\u00e9es les plus banales deviennent des motifs de surveillance \u00e9tatique ? C\u2019est la question que posent de plus en plus de citoyens britanniques apr\u00e8s la publication d\u2019un document gouvernemental hallucinant : <a href=\"https:\/\/www.telegraph.co.uk\/politics\/2025\/06\/06\/concern-over-mass-migration-terrorist-ideology-prevent\/\" rel=\"nofollow noopener\" target=\"_blank\">selon le programme Prevent, cens\u00e9 lutter contre la radicalisation terroriste<\/a>, manifester des inqui\u00e9tudes sur l\u2019immigration de masse ou d\u00e9fendre une culture occidentale menac\u00e9e serait d\u00e9sormais\u2026 un signe de terrorisme d\u2019extr\u00eame droite.<\/p>\n<p><a href=\"https:\/\/www.telegraph.co.uk\/news\/2024\/08\/03\/labour-is-proving-to-be-far-far-worse-than-anyone-feared\/\" rel=\"nofollow noopener\" target=\"_blank\">Dans un module de formation en ligne officiel,<\/a> mis \u00e0 disposition des agents publics britanniques \u2013 enseignants, policiers, m\u00e9decins ou agents sociaux \u2013, le concept de \u00ab nationalisme culturel \u00bb est identifi\u00e9 comme une id\u00e9ologie potentiellement terroriste. Ce terme vague englobe, selon les mots du gouvernement, les id\u00e9es selon lesquelles \u00ab la culture occidentale serait menac\u00e9e par l\u2019immigration de masse et le manque d\u2019int\u00e9gration de certains groupes ethniques et culturels \u00bb.<\/p>\n<p>En d\u2019autres termes : <strong>exprimer une opinion critique sur l\u2019ampleur de l\u2019immigration ou d\u00e9fendre des valeurs traditionnelles communes pourrait aujourd\u2019hui vous valoir une fiche dans les bases de donn\u00e9es de Prevent, du MI5, voire de Scotland Yard.<\/strong> Et cela, m\u00eame si vous ne pr\u00f4nez aucune violence ni action ill\u00e9gale.<\/p>\n<p>Criminaliser l\u2019opinion au nom de la pr\u00e9vention<\/p>\n<p>Cette d\u00e9rive inqui\u00e8te jusque dans les rangs les plus mod\u00e9r\u00e9s de l\u2019establishment britannique. Lord Young, secr\u00e9taire g\u00e9n\u00e9ral de la Free Speech Union, a adress\u00e9 une lettre ouverte \u00e0 la ministre de l\u2019Int\u00e9rieur Yvette Cooper, d\u00e9non\u00e7ant une classification \u00ab absurde et liberticide \u00bb. Il rappelle que des personnalit\u00e9s publiques tout \u00e0 fait mainstream, comme l\u2019ancien ministre Robert Jenrick ou m\u00eame le chef du Parti travailliste Keir Starmer, pourraient \u00eatre vis\u00e9s par cette d\u00e9finition. Tous deux ont en effet exprim\u00e9 des r\u00e9serves sur les effets de l\u2019immigration incontr\u00f4l\u00e9e sur la coh\u00e9sion nationale.<\/p>\n<p>Le rapporteur ind\u00e9pendant Sir William Shawcross avait d\u00e9j\u00e0, il y a deux ans, critiqu\u00e9 les d\u00e9rives id\u00e9ologiques du programme Prevent, accus\u00e9 d\u2019\u00eatre plus prompt \u00e0 traquer les conservateurs qu\u2019\u00e0 pr\u00e9venir les vrais actes terroristes. Un jugement qui semble aujourd\u2019hui confirm\u00e9.<\/p>\n<p>Une Angleterre orwellienne<\/p>\n<p>La situation actuelle semble tout droit sortie du\u00a0Meilleur des mondes\u00a0ou de\u00a01984\u00a0: un pays o\u00f9 br\u00fbler un Coran vous vaut une condamnation, o\u00f9 l\u2019humour noir de droite est signal\u00e9 aux autorit\u00e9s, o\u00f9 poss\u00e9der des livres de <a href=\"https:\/\/www.breizh-info.com\/2017\/06\/16\/72029\/the-strange-death-of-europe-douglas-murray-evoque-suicide-de-leurope-a-cause-de-limmigration\/\" rel=\"nofollow noopener\" target=\"_blank\">Douglas Murray<\/a> ou Matthew Goodwin est jug\u00e9 \u00ab suspect \u00bb, et o\u00f9 des militants pro-palestiniens peuvent manifester librement <a href=\"https:\/\/www.breizh-info.com\/2025\/05\/27\/247494\/tommy-robinson-est-libre-les-premieres-declarations-du-dissident-britannique\/\" rel=\"nofollow noopener\" target=\"_blank\">pendant que des journalistes<\/a> ou d\u2019anciens policiers sont arr\u00eat\u00e9s pour leurs messages sur X.<\/p>\n<p>M\u00eame en cas de non-lieu, les personnes signal\u00e9es \u00e0 Prevent restent fich\u00e9es dans des bases de donn\u00e9es accessibles par les services de renseignement, le fisc, la police ou les douanes pendant au moins six ans.<\/p>\n<p>La nouveaut\u00e9 n\u2019est pas seulement dans la surveillance. Ce qui inqui\u00e8te le plus les d\u00e9fenseurs des libert\u00e9s, c\u2019est le d\u00e9placement de l\u2019attention : on ne se focalise plus sur les comportements violents ou criminels, mais sur les\u00a0intentions. Ce que vous pensez, ce que vous lisez, ce que vous craignez, ce que vous d\u00e9fendez : tout peut d\u00e9sormais faire de vous un extr\u00e9miste potentiel.<\/p>\n<p>Le professeur Ian Acheson, ancien conseiller du gouvernement sur l\u2019extr\u00e9misme, l\u2019a dit sans d\u00e9tour : \u00ab Nous voyons d\u00e9sormais les cons\u00e9quences d\u2019un m\u00e9canisme d\u2019alerte fond\u00e9 non plus sur des faits, mais sur la simple d\u00e9tention d\u2019id\u00e9es jug\u00e9es \u00ab\u00a0probl\u00e9matiques\u00a0\u00bb. \u00bb<\/p>\n<p>Le Royaume-Uni nous offre l\u00e0 un avertissement gla\u00e7ant. Quand l\u2019\u00c9tat pr\u00e9tend lutter contre le radicalisme en criminalisant les opinions non-conformes, ce n\u2019est plus de la d\u00e9mocratie, mais de la d\u00e9rive autoritaire. Le glissement est subtil, mais r\u00e9el : de la surveillance du terrorisme, on passe \u00e0 la surveillance des consciences. Et bient\u00f4t, des condamnations pour simple dissidence ?<\/p>\n<p>\u00c0 l\u2019heure o\u00f9 des pans entiers de la soci\u00e9t\u00e9 europ\u00e9enne contestent l\u2019immigration massive et ses cons\u00e9quences, la tentation est grande, pour les \u00e9lites, de faire taire plut\u00f4t que de d\u00e9battre. Mais en pi\u00e9tinant la libert\u00e9 d\u2019expression, c\u2019est la confiance civique qu\u2019on assassine. Et cette fois, pas besoin de bombe : il suffit d\u2019un formulaire, d\u2019un clic, d\u2019une d\u00e9nonciation. <strong>Le Royaume-Uni entre dans une nouvelle \u00e8re : celle o\u00f9 penser autrement, c\u2019est d\u00e9j\u00e0 r\u00e9sister.<\/strong><\/p>\n<p>Cr\u00e9dit photo : DR<br \/>[cc]\u00a0<a class=\"vglnk\" href=\"https:\/\/www.breizh-info.com\/\" target=\"_blank\" rel=\"nofollow noopener noreferrer\" data-wpel-link=\"external\">Breizh-info.com<\/a>, 2025 d\u00e9p\u00eaches libres de copie et de diffusion sous r\u00e9serve de mention et de lien vers la source d\u2019origine<\/p>\n","protected":false},"excerpt":{"rendered":"Le Royaume-Uni bascule-t-il dans un totalitarisme doux, o\u00f9 les id\u00e9es les plus banales deviennent des motifs de surveillance&hellip;\n","protected":false},"author":2,"featured_media":164710,"comment_status":"","ping_status":"","sticky":false,"template":"","format":"standard","meta":{"footnotes":""},"categories":[1588],"tags":[11,1777,674,1061,12,29791,473,1853,1851,1850,1852],"class_list":{"0":"post-164709","1":"post","2":"type-post","3":"status-publish","4":"format-standard","5":"has-post-thumbnail","7":"category-royaume-uni","8":"tag-actualites","9":"tag-eu","10":"tag-europe","11":"tag-immigration","12":"tag-news","13":"tag-orwell","14":"tag-royaume-uni","15":"tag-royaume-uni-de-grande-bretagne-et-dirlande-du-nord","16":"tag-uk","17":"tag-united-kingdom","18":"tag-united-kingdom-of-great-britain-and-northern-ireland"},"share_on_mastodon":{"url":"https:\/\/pubeurope.com\/@fr\/114656906213378794","error":""},"_links":{"self":[{"href":"https:\/\/www.europesays.com\/fr\/wp-json\/wp\/v2\/posts\/164709","targetHints":{"allow":["GET"]}}],"collection":[{"href":"https:\/\/www.europesays.com\/fr\/wp-json\/wp\/v2\/posts"}],"about":[{"href":"https:\/\/www.europesays.com\/fr\/wp-json\/wp\/v2\/types\/post"}],"author":[{"embeddable":true,"href":"https:\/\/www.europesays.com\/fr\/wp-json\/wp\/v2\/users\/2"}],"replies":[{"embeddable":true,"href":"https:\/\/www.europesays.com\/fr\/wp-json\/wp\/v2\/comments?post=164709"}],"version-history":[{"count":0,"href":"https:\/\/www.europesays.com\/fr\/wp-json\/wp\/v2\/posts\/164709\/revisions"}],"wp:featuredmedia":[{"embeddable":true,"href":"https:\/\/www.europesays.com\/fr\/wp-json\/wp\/v2\/media\/164710"}],"wp:attachment":[{"href":"https:\/\/www.europesays.com\/fr\/wp-json\/wp\/v2\/media?parent=164709"}],"wp:term":[{"taxonomy":"category","embeddable":true,"href":"https:\/\/www.europesays.com\/fr\/wp-json\/wp\/v2\/categories?post=164709"},{"taxonomy":"post_tag","embeddable":true,"href":"https:\/\/www.europesays.com\/fr\/wp-json\/wp\/v2\/tags?post=164709"}],"curies":[{"name":"wp","href":"https:\/\/api.w.org\/{rel}","templated":true}]}}