{"id":164715,"date":"2025-06-10T03:20:11","date_gmt":"2025-06-10T03:20:11","guid":{"rendered":"https:\/\/www.europesays.com\/fr\/164715\/"},"modified":"2025-06-10T03:20:11","modified_gmt":"2025-06-10T03:20:11","slug":"pourquoi-lunion-europeenne-veut-renforcer-la-securite-maritime-en-mer-noire","status":"publish","type":"post","link":"https:\/\/www.europesays.com\/fr\/164715\/","title":{"rendered":"Pourquoi l\u2019Union europ\u00e9enne veut renforcer la s\u00e9curit\u00e9 maritime en mer Noire"},"content":{"rendered":"<p>              <a tabindex=\"-1\" title=\"Val\u00e9rie de Graffenried\" href=\"https:\/\/www.letemps.ch\/profil\/valerie-de-graffenried\" target=\"_blank\" rel=\"noopener\"><\/p>\n<p>                    <img decoding=\"async\" src=\"https:\/\/www.europesays.com\/fr\/wp-content\/uploads\/2025\/04\/1744793291_698_small.jpeg\" class=\"lazy\" alt=\"\"\/><\/p>\n<p><\/a>        <\/p>\n<p>    Publi\u00e9 le 09 juin 2025 \u00e0 16:39. \/ Modifi\u00e9 le 10 juin 2025 \u00e0 05:09.<\/p>\n<p> 4 min. de lecture<\/p>\n<p class=\"article__abstract-call-to-action\" data-ariato=\"TrackableElement\" data-trackable-element-type=\"article_abstract_cta\" data-trackable-element-location=\"article_header\" data-trackable-element-id=\"497332\">\n          <a data-event=\"click-&gt;clicked\" href=\"https:\/\/www.letemps.ch\/abonnements\" target=\"_blank\" rel=\"noopener\">Abonnez-vous<\/a> pour acc\u00e9der au r\u00e9sum\u00e9 en 20 secondes.\n        <\/p>\n<p>Apr\u00e8s la Baltique, la mer Noire. Face \u00e0 la menace russe, l\u2019UE veut renforcer la s\u00e9curit\u00e9 maritime en mer Noire et constituer, selon les termes r\u00e9cemment utilis\u00e9s par Kaja Kallas, la cheffe de la diplomatie de l\u2019UE, un \u00absyst\u00e8me d\u2019alerte pr\u00e9coce\u00bb dans la r\u00e9gion. Objectif: contribuer \u00e0 prot\u00e9ger les infrastructures critiques telles que les plateformes offshores, les c\u00e2bles sous-marins, des op\u00e9rations li\u00e9es au gaz et \u00e0 l\u2019\u00e9nergie \u00e9olienne, ainsi que le transport maritime. Il s\u2019agit de mieux lutter contre la guerre hybride russe et de prot\u00e9ger l\u2019Ukraine, qui est d\u00e9j\u00e0 parvenue \u00e0 cr\u00e9er un corridor lui permettant d\u2019exporter ses c\u00e9r\u00e9ales. Une coop\u00e9ration r\u00e9gionale en mati\u00e8re de d\u00e9minage est \u00e9galement envisag\u00e9e.<\/p>\n<p>L\u2019UE a l\u2019intention d\u2019augmenter sa pr\u00e9sence dans la r\u00e9gion pour y \u00abrenforcer la<strong>\u00a0<\/strong>s\u00e9curit\u00e9, la stabilit\u00e9 et la r\u00e9silience\u00bb et favoriser une croissance et une prosp\u00e9rit\u00e9 durables. C\u2019est dans le cadre de cette strat\u00e9gie qu\u2019elle compte cr\u00e9er un p\u00f4le de s\u00e9curit\u00e9 maritime. Kaja Kallas l\u2019a annonc\u00e9 le 28\u00a0mai dernier. Ce \u00abhub\u00bb officiera comme une sorte de radar, avec des capteurs sous-marins, des drones ou encore des navires de surveillance, pour mieux g\u00e9rer les menaces existantes et notamment lutter contre le contournement des sanctions impos\u00e9es \u00e0 la Russie depuis son invasion de l\u2019Ukraine le 24\u00a0f\u00e9vrier 2022.<\/p>\n","protected":false},"excerpt":{"rendered":"Publi\u00e9 le 09 juin 2025 \u00e0 16:39. \/ Modifi\u00e9 le 10 juin 2025 \u00e0 05:09. 4 min. de&hellip;\n","protected":false},"author":2,"featured_media":164716,"comment_status":"","ping_status":"","sticky":false,"template":"","format":"standard","meta":{"footnotes":""},"categories":[1586],"tags":[11,1777,674,1779,1011,27,12,301,25,132,656,1778,220,364,135,134],"class_list":{"0":"post-164715","1":"post","2":"type-post","3":"status-publish","4":"format-standard","5":"has-post-thumbnail","7":"category-europe","8":"tag-actualites","9":"tag-eu","10":"tag-europe","11":"tag-european-union","12":"tag-fr","13":"tag-france","14":"tag-news","15":"tag-premium","16":"tag-republique-francaise","17":"tag-russie","18":"tag-securite","19":"tag-ue","20":"tag-ukraine","21":"tag-union-europeenne","22":"tag-vladimir-poutine","23":"tag-volodymyr-zelensky"},"share_on_mastodon":{"url":"https:\/\/pubeurope.com\/@fr\/114656917858594201","error":""},"_links":{"self":[{"href":"https:\/\/www.europesays.com\/fr\/wp-json\/wp\/v2\/posts\/164715","targetHints":{"allow":["GET"]}}],"collection":[{"href":"https:\/\/www.europesays.com\/fr\/wp-json\/wp\/v2\/posts"}],"about":[{"href":"https:\/\/www.europesays.com\/fr\/wp-json\/wp\/v2\/types\/post"}],"author":[{"embeddable":true,"href":"https:\/\/www.europesays.com\/fr\/wp-json\/wp\/v2\/users\/2"}],"replies":[{"embeddable":true,"href":"https:\/\/www.europesays.com\/fr\/wp-json\/wp\/v2\/comments?post=164715"}],"version-history":[{"count":0,"href":"https:\/\/www.europesays.com\/fr\/wp-json\/wp\/v2\/posts\/164715\/revisions"}],"wp:featuredmedia":[{"embeddable":true,"href":"https:\/\/www.europesays.com\/fr\/wp-json\/wp\/v2\/media\/164716"}],"wp:attachment":[{"href":"https:\/\/www.europesays.com\/fr\/wp-json\/wp\/v2\/media?parent=164715"}],"wp:term":[{"taxonomy":"category","embeddable":true,"href":"https:\/\/www.europesays.com\/fr\/wp-json\/wp\/v2\/categories?post=164715"},{"taxonomy":"post_tag","embeddable":true,"href":"https:\/\/www.europesays.com\/fr\/wp-json\/wp\/v2\/tags?post=164715"}],"curies":[{"name":"wp","href":"https:\/\/api.w.org\/{rel}","templated":true}]}}