{"id":164735,"date":"2025-06-10T03:33:10","date_gmt":"2025-06-10T03:33:10","guid":{"rendered":"https:\/\/www.europesays.com\/fr\/164735\/"},"modified":"2025-06-10T03:33:10","modified_gmt":"2025-06-10T03:33:10","slug":"la-princesse-victoria-se-distingue-par-son-elegance-aux-cotes-du-couple-macron-et-du-prince-haakon","status":"publish","type":"post","link":"https:\/\/www.europesays.com\/fr\/164735\/","title":{"rendered":"La princesse Victoria se distingue par son \u00e9l\u00e9gance aux c\u00f4t\u00e9s du couple Macron et du prince Haakon"},"content":{"rendered":"<p class=\"ap-StoryElement ap-StoryElement--mb ap-StoryText\">Avant de le retrouver ce 8 juin, Victoria de Su\u00e8de connaissait d\u00e9j\u00e0 le couple pr\u00e9sidentiel fran\u00e7ais, puisqu&rsquo;elle avait accueilli avec la famille royale lors d&rsquo;une visite d&rsquo;Etat \u00e0 Stockholm en janvier 2024. La princesse h\u00e9riti\u00e8re a pu retrouver d&rsquo;autres figures royales dans le sud de la France : le prince Albert de Monaco, h\u00f4te du Blue Economy and Finance Forum, mais \u00e9galement le prince William, lui aussi engag\u00e9 en faveur de la protection des oc\u00e9ans. En plus de Victoria, les monarchies nordiques \u00e9taient dignement repr\u00e9sent\u00e9es dimanche par le prince h\u00e9ritier Haakon de Norv\u00e8ge.<\/p>\n<p>Chaleureuses retrouvailles pour Victoria et Haakon<\/p>\n<p class=\"ap-StoryElement ap-StoryElement--mb ap-StoryText\">C&rsquo;est avec joie que Victoria et Haakon se sont retrouv\u00e9s \u00e0 Monaco. Les deux h\u00e9ritiers sont amis de longue date, au point de voir la princesse choisir son homologue norv\u00e9gien comme parrain pour sa fille a\u00een\u00e9e, la princesse Estelle de Su\u00e8de. Avant \u00e7a, Haakon avait choisi Victoria comme marraine pour sa propre fille la princesse Ingrid Alexandra.<\/p>\n<p class=\"ap-StoryElement ap-StoryElement--mb ap-StoryText\">Apr\u00e8s le Blue Economy and Finance Forum, c&rsquo;est \u00e0 bord du trois-m\u00e2ts-\u00e9cole Stratsraad Lemkuh, men\u00e9 par la Marine royale norv\u00e9gienne, que Victoria et Haakon ont quitt\u00e9 Monaco et rejoint Nice pour prendre part \u00e0 la Conf\u00e9rence des Nations Unies sur l&rsquo;Oc\u00e9an. Dimanche soir, ils ont ainsi pu retrouver d&rsquo;autres invit\u00e9s prestigieux du d\u00eener de bienvenue tels que l&rsquo;Aga Khan V, le pr\u00e9sident de l&rsquo;Irak Abdel Latif Rachid, le Premier ministre du Vietnam Ph\u1ea1m Minh Ch\u00ednh, le pr\u00e9sident du Costa Rica Rodrigo Chaves Robles ou encore Ant\u00f3nio Guterres, secr\u00e9taire g\u00e9n\u00e9ral des Nations Unies.<\/p>\n<p class=\"ap-StoryElement ap-StoryElement--mb ap-StoryText\">Plusieurs personnalit\u00e9s politiques fran\u00e7aises \u00e9taient \u00e9galement de la partie : le ministre des Outre-mer Manuel Valls, le ministre de l&rsquo;Europe et des Affaires \u00e9trang\u00e8res Jean-No\u00ebl Barrot, ou encore le maire de Nice Christian Estrosi. Officiellement lanc\u00e9e ce lundi 9 juin, la \u00ab\u00a0UNOC 3\u00a0\u00bb se tiendra \u00e0 Nice jusqu&rsquo;au 13 juin.<\/p>\n","protected":false},"excerpt":{"rendered":"Avant de le retrouver ce 8 juin, Victoria de Su\u00e8de connaissait d\u00e9j\u00e0 le couple pr\u00e9sidentiel fran\u00e7ais, puisqu&rsquo;elle avait&hellip;\n","protected":false},"author":2,"featured_media":164736,"comment_status":"","ping_status":"","sticky":false,"template":"","format":"standard","meta":{"footnotes":""},"categories":[1359],"tags":[972,58,59,1011,27,973,971],"class_list":{"0":"post-164735","1":"post","2":"type-post","3":"status-publish","4":"format-standard","5":"has-post-thumbnail","7":"category-people","8":"tag-celebrite","9":"tag-divertissement","10":"tag-entertainment","11":"tag-fr","12":"tag-france","13":"tag-people","14":"tag-royaute"},"share_on_mastodon":{"url":"https:\/\/pubeurope.com\/@fr\/114656969007608392","error":""},"_links":{"self":[{"href":"https:\/\/www.europesays.com\/fr\/wp-json\/wp\/v2\/posts\/164735","targetHints":{"allow":["GET"]}}],"collection":[{"href":"https:\/\/www.europesays.com\/fr\/wp-json\/wp\/v2\/posts"}],"about":[{"href":"https:\/\/www.europesays.com\/fr\/wp-json\/wp\/v2\/types\/post"}],"author":[{"embeddable":true,"href":"https:\/\/www.europesays.com\/fr\/wp-json\/wp\/v2\/users\/2"}],"replies":[{"embeddable":true,"href":"https:\/\/www.europesays.com\/fr\/wp-json\/wp\/v2\/comments?post=164735"}],"version-history":[{"count":0,"href":"https:\/\/www.europesays.com\/fr\/wp-json\/wp\/v2\/posts\/164735\/revisions"}],"wp:featuredmedia":[{"embeddable":true,"href":"https:\/\/www.europesays.com\/fr\/wp-json\/wp\/v2\/media\/164736"}],"wp:attachment":[{"href":"https:\/\/www.europesays.com\/fr\/wp-json\/wp\/v2\/media?parent=164735"}],"wp:term":[{"taxonomy":"category","embeddable":true,"href":"https:\/\/www.europesays.com\/fr\/wp-json\/wp\/v2\/categories?post=164735"},{"taxonomy":"post_tag","embeddable":true,"href":"https:\/\/www.europesays.com\/fr\/wp-json\/wp\/v2\/tags?post=164735"}],"curies":[{"name":"wp","href":"https:\/\/api.w.org\/{rel}","templated":true}]}}