{"id":164737,"date":"2025-06-10T03:34:31","date_gmt":"2025-06-10T03:34:31","guid":{"rendered":"https:\/\/www.europesays.com\/fr\/164737\/"},"modified":"2025-06-10T03:34:31","modified_gmt":"2025-06-10T03:34:31","slug":"pourquoi-le-grand-doigt-dhonneur-est-devenu-rose","status":"publish","type":"post","link":"https:\/\/www.europesays.com\/fr\/164737\/","title":{"rendered":"pourquoi le grand doigt d&rsquo;honneur est devenu rose"},"content":{"rendered":"<p>            Par<br \/>\n        <strong><br \/>\n            <a href=\"https:\/\/actu.fr\/auteur\/ninon-oget\" title=\"Consulter tous les articles de Ninon Oget\" target=\"_blank\" rel=\"noopener\">Ninon Oget<\/a><br \/>\n        <\/strong><\/p>\n<p>        Publi\u00e9 le<\/p>\n<p>            5 juin 2025 \u00e0 18h11        <\/p>\n<p>Depuis le d\u00e9but du mois de mai, les visiteurs du<strong> Centre Pompidou-Metz<\/strong> (Moselle) sont accueillis par <a href=\"https:\/\/actu.fr\/grand-est\/metz_57463\/les-visiteurs-du-pompidou-metz-bientot-accueillis-par-un-monumental-doigt-d-honneur-voici-pourquoi_62358400.html\" target=\"_blank\" rel=\"noopener\">un monumental doigt d\u2019honneur<\/a> : il s\u2019agit de la sculpture iconique L.O.V.E. du c\u00e9l\u00e8bre artiste italien <strong>Maurizio Cattelan<\/strong>, \u00e9galement \u00e0 l\u2019origine de <a href=\"https:\/\/actu.fr\/insolite\/vente-aux-encheres-c-est-quoi-cette-banane-devenue-oeuvre-d-art-vendue-6-2-millions-de-dollars_61893415.html\" target=\"_blank\" rel=\"noopener\">la banane devenue \u0153uvre d\u2019art<\/a>.<\/p>\n<p class=\" wall-content\">\u00c0 son installation dans le mus\u00e9e messin, l\u2019\u0153uvre \u00e9tait blanche. Mais mercredi 28 mai, nous avons constat\u00e9 que la sculpture est d\u00e9sormais de <strong>couleur rose<\/strong>. On vous explique.<\/p>\n<p>La sculpture de Maurizio Cattelan passe du blanc au rose<\/p>\n<p class=\" wall-content\">Intrigu\u00e9s par ce changement de couleur, nous avons directement pos\u00e9 la question \u00e0 un employ\u00e9 du Centre Pompidou-Metz sur place.<\/p>\n<p>    <img   decoding=\"async\" loading=\"lazy\" src=\"https:\/\/www.europesays.com\/fr\/wp-content\/uploads\/2025\/06\/pompidou-cattelan-dimanche-sans-fin-exposition-960x640.jpg\" alt=\"Maurizio Cattelan, Pompidou Metz\" width=\"960\" height=\"640\"\/><br \/>\n    L\u2019\u0153uvre L.O.V.E. dans le Centre Pompidou-Metz, mercredi 28 mai 2025. (\u00a9Ninon Oget\/Lorraine Actu)<\/p>\n<p class=\" wall-content\">Celui-ci nous a indiqu\u00e9 que le passage du blanc au rose a eu lieu <strong>dans la semaine du 19 mai<\/strong>. Selon ses dires, ce changement \u00e9tait une volont\u00e9 de l\u2019artiste, Maurizio Cattelan, car <strong>le blanc ne ressortait pas<\/strong> assez dans le Centre Pompidou-Metz.<\/p>\n<p>    <a href=\"https:\/\/www.facebook.com\/plugins\/post.php?href=https%3A%2F%2Fwww.facebook.com%2Fphoto.php%3Ffbid%3D1000947568883324%26set%3Da.396339032677517%26type%3D3&amp;show_text=true&amp;width=350\" title=\"Ouvrie le lien\" target=\"_blank\" rel=\"noopener\">Cliquez ici pour visualiser le contenu<\/a><\/p>\n<p>Une exposition \u00ab\u00a0hors normes\u00a0\u00bb visible au Centre Pompidou-Metz<\/p>\n<p class=\" wall-content\">La sculpture L.O.V.E. entre dans le cadre de l\u2019exposition \u00ab hors normes \u00bb Dimanche sans fin. Celle-ci est ouverte au public<strong> jusqu\u2019au 2 f\u00e9vrier 2027<\/strong>.<\/p>\n<p>    <img   decoding=\"async\" loading=\"lazy\" src=\"https:\/\/www.europesays.com\/fr\/wp-content\/uploads\/2025\/06\/pompidou-exposition-960x640.jpg\" alt=\"Les \u0153uvres de Maurizio Cattelan expos\u00e9es au Centre Pompidou-Metz.\" width=\"960\" height=\"640\"\/><br \/>\n    Les \u0153uvres de Maurizio Cattelan expos\u00e9es au Centre Pompidou-Metz. (\u00a9Ninon Oget\/Lorraine Actu)<\/p>\n<p class=\" wall-content\">Cette exposition rassemble une trentaine de r\u00e9alisations de Maurizio Cattelan, dont la c\u00e9l\u00e8bre banane scotch\u00e9e, mais \u00e9galement des centaines d\u2019\u0153uvres du Centre Pompidou parisien (apr\u00e8s la fermeture de sa collection permanente en mars, le mus\u00e9e <a href=\"https:\/\/actu.fr\/ile-de-france\/paris_75056\/le-centre-pompidou-fermera-pour-travaux-a-partir-de-2025_59549401.html\" target=\"_blank\" rel=\"noopener\">fermera compl\u00e9tement en septembre<\/a> pour une r\u00e9ouverture dans cinq ans \u00e0 la suite d\u2019importants travaux).<\/p>\n<p class=\" wall-content\">Suivez toute l\u2019actualit\u00e9 de vos villes et m\u00e9dias favoris en vous inscrivant \u00e0 <a href=\"https:\/\/moncompte.actu.fr\" title=\"D\u00e9couvez Mon Actu\" rel=\"nofollow noopener\" data-trk=\"{&quot;cta&quot;:{&quot;action&quot;:&quot;https:\\\/\\\/moncompte.actu.fr&quot;,&quot;category&quot;:&quot;mon compte&quot;,&quot;from&quot;:&quot;article footer&quot;,&quot;name&quot;:&quot;Mon actu&quot;,&quot;type&quot;:&quot;cta&quot;}}\" target=\"_blank\">Mon Actu<\/a>.<\/p>\n","protected":false},"excerpt":{"rendered":"Par Ninon Oget Publi\u00e9 le 5 juin 2025 \u00e0 18h11 Depuis le d\u00e9but du mois de mai, les&hellip;\n","protected":false},"author":2,"featured_media":164738,"comment_status":"","ping_status":"","sticky":false,"template":"","format":"standard","meta":{"footnotes":""},"categories":[1358],"tags":[1348,1384,1385,4223,1386,58,59,1011,27,1652],"class_list":{"0":"post-164737","1":"post","2":"type-post","3":"status-publish","4":"format-standard","5":"has-post-thumbnail","7":"category-arts-et-design","8":"tag-arts","9":"tag-arts-and-design","10":"tag-arts-et-design","11":"tag-centre-pompidou","12":"tag-design","13":"tag-divertissement","14":"tag-entertainment","15":"tag-fr","16":"tag-france","17":"tag-loisirs-culture"},"share_on_mastodon":{"url":"https:\/\/pubeurope.com\/@fr\/114656972944118795","error":""},"_links":{"self":[{"href":"https:\/\/www.europesays.com\/fr\/wp-json\/wp\/v2\/posts\/164737","targetHints":{"allow":["GET"]}}],"collection":[{"href":"https:\/\/www.europesays.com\/fr\/wp-json\/wp\/v2\/posts"}],"about":[{"href":"https:\/\/www.europesays.com\/fr\/wp-json\/wp\/v2\/types\/post"}],"author":[{"embeddable":true,"href":"https:\/\/www.europesays.com\/fr\/wp-json\/wp\/v2\/users\/2"}],"replies":[{"embeddable":true,"href":"https:\/\/www.europesays.com\/fr\/wp-json\/wp\/v2\/comments?post=164737"}],"version-history":[{"count":0,"href":"https:\/\/www.europesays.com\/fr\/wp-json\/wp\/v2\/posts\/164737\/revisions"}],"wp:featuredmedia":[{"embeddable":true,"href":"https:\/\/www.europesays.com\/fr\/wp-json\/wp\/v2\/media\/164738"}],"wp:attachment":[{"href":"https:\/\/www.europesays.com\/fr\/wp-json\/wp\/v2\/media?parent=164737"}],"wp:term":[{"taxonomy":"category","embeddable":true,"href":"https:\/\/www.europesays.com\/fr\/wp-json\/wp\/v2\/categories?post=164737"},{"taxonomy":"post_tag","embeddable":true,"href":"https:\/\/www.europesays.com\/fr\/wp-json\/wp\/v2\/tags?post=164737"}],"curies":[{"name":"wp","href":"https:\/\/api.w.org\/{rel}","templated":true}]}}