{"id":164747,"date":"2025-06-10T03:39:10","date_gmt":"2025-06-10T03:39:10","guid":{"rendered":"https:\/\/www.europesays.com\/fr\/164747\/"},"modified":"2025-06-10T03:39:10","modified_gmt":"2025-06-10T03:39:10","slug":"loms-maintient-son-alerte-mondiale-face-a-la-flambee-des-cas","status":"publish","type":"post","link":"https:\/\/www.europesays.com\/fr\/164747\/","title":{"rendered":"L\u2019OMS maintient son alerte mondiale face \u00e0 la flamb\u00e9e des cas"},"content":{"rendered":"<p>La bataille contre le <a href=\"https:\/\/www.20minutes.fr\/sante\/variole-singe\/\" target=\"_blank\" class=\"color-ultramarine c-link\" rel=\"noopener\">Mpox<\/a> se poursuit, et pour la gagner l\u2019<a href=\"https:\/\/www.20minutes.fr\/dossier\/oms\" target=\"_blank\" class=\"color-ultramarine c-link\" rel=\"noopener\">OMS<\/a> appelle \u00e0 \u00ab\u00a0un soutien international continu\u00a0\u00bb. En attendant de recevoir des fonds, l\u2019Organisation mondiale de la sant\u00e9 a d\u00e9clar\u00e9 lundi maintenir l\u2019alerte face \u00e0 l\u2019<a href=\"https:\/\/www.20minutes.fr\/dossier\/epidemie\" target=\"_blank\" class=\"color-ultramarine c-link\" rel=\"noopener\">\u00e9pid\u00e9mie<\/a>.<\/p>\n<p>Le 9 juin, le directeur g\u00e9n\u00e9ral de l\u2019OMS, Tedros Adhanom\u00a0Ghebreyesus, \u00ab\u00a0a annonc\u00e9 que la flamb\u00e9e du Mpox continuait de r\u00e9pondre aux crit\u00e8res d\u2019une urgence de <a href=\"https:\/\/www.20minutes.fr\/dossier\/sante_publique\" target=\"_blank\" class=\"color-ultramarine c-link\" rel=\"noopener\">sant\u00e9 publique<\/a> de port\u00e9e internationale\u00a0\u00bb (USPPI). L\u2019USPPI \u00e9tait jusqu\u2019\u00e0 l\u2019an dernier le niveau d\u2019alerte le plus \u00e9lev\u00e9 face \u00e0 une \u00e9pid\u00e9mie selon le R\u00e8glement sanitaire international (RSI). Mais des amendements adopt\u00e9s en juin\u00a02024 par les pays de l\u2019OMS ont introduit un plus haut degr\u00e9 d\u2019alerte\u00a0: celui d&rsquo;\u00ab\u00a0urgence due \u00e0 une pand\u00e9mie\u00a0\u00bb.<\/p>\n<p>La RDC particuli\u00e8rement touch\u00e9e<\/p>\n<p>La d\u00e9cision de maintenir l\u2019alerte face \u00e0 la recrudescence du Mpox fait suite \u00e0 la quatri\u00e8me r\u00e9union du Comit\u00e9 d\u2019urgence du RSI le 5\u00a0juin. Tout en \u00ab\u00a0reconnaissant les progr\u00e8s r\u00e9alis\u00e9s dans la capacit\u00e9 de r\u00e9ponse de certains pays\u00a0\u00bb, ce comit\u00e9 a inform\u00e9 le directeur g\u00e9n\u00e9ral que l\u2019\u00e9v\u00e9nement continuait de constituer une USPPI, en raison de l\u2019augmentation continue du nombre des cas et de \u00ab\u00a0la poursuite probable d\u2019une transmission non d\u00e9tect\u00e9e dans certains pays au-del\u00e0 du continent africain\u00a0\u00bb, explique l\u2019OMS.<\/p>\n<\/p>\n<p>Le chef de l\u2019OMS avait d\u00e9clar\u00e9 cette USPPI le 14\u00a0ao\u00fbt 2024 face \u00e0 la propagation fulgurante de la maladie en Afrique et en particulier en <a href=\"https:\/\/www.20minutes.fr\/monde\/republique_democratique_du_congo\/\" target=\"_blank\" class=\"color-ultramarine c-link\" rel=\"noopener\">R\u00e9publique d\u00e9mocratique du Congo<\/a> (RDC). \u00ab\u00a0Depuis le d\u00e9but de\u00a02024, plus de 37.000 cas confirm\u00e9s de Mpox ont \u00e9t\u00e9 signal\u00e9s \u00e0 l\u2019OMS par 25 pays, dont 125 d\u00e9c\u00e8s\u00a0\u00bb, a d\u00e9taill\u00e9 le chef de l\u2019OMS vendredi au comit\u00e9 d\u2019urgence. La RDC rassemble \u00e0 elle seule 60\u00a0% des cas confirm\u00e9s et 40\u00a0% des d\u00e9c\u00e8s, suivie par l\u2019Ouganda, le Burundi et la Sierra Leone, qui conna\u00eet une augmentation du nombre des cas depuis le d\u00e9but de l\u2019ann\u00e9e. En plus des cas confirm\u00e9s, la RDC continue de signaler entre 2.000 et 3.000 cas suspects chaque semaine.<\/p>\n<p>En Europe, inqui\u00e9tudes en Albanie<\/p>\n<p>Depuis la pr\u00e9c\u00e9dente r\u00e9union du comit\u00e9 en f\u00e9vrier, sept autres pays ont signal\u00e9 des flamb\u00e9es pour la premi\u00e8re fois\u00a0: Albanie, Ethiopie, Malawi, Mac\u00e9doine du Nord, Soudan du Sud, Tanzanie et Togo. \u00ab\u00a0Nous avons besoin d\u2019une vaccination strat\u00e9gique et cibl\u00e9e. Et nous avons besoin que tous les partenaires et donateurs soutiennent le plan strat\u00e9gique mondial de pr\u00e9paration et de r\u00e9ponse au Mpox, en fournissant les 147\u00a0millions de dollars n\u00e9cessaires\u00a0\u00bb, a donc demand\u00e9 Tedros Adhanom\u00a0Ghebreyesus.<\/p>\n<p><a href=\"https:\/\/www.20minutes.fr\/dossier\/sante_publique\" target=\"_blank\" class=\"c-link c-btn c-btn--primary\" rel=\"noopener\">Notre dossier Sant\u00e9 publique<\/a><\/p>\n<p>Le Mpox, caus\u00e9 par un virus de la m\u00eame famille que celui de la variole, se manifeste principalement par une forte fi\u00e8vre et l\u2019apparition de l\u00e9sions cutan\u00e9es, dites v\u00e9sicules.<\/p>\n","protected":false},"excerpt":{"rendered":"La bataille contre le Mpox se poursuit, et pour la gagner l\u2019OMS appelle \u00e0 \u00ab\u00a0un soutien international continu\u00a0\u00bb.&hellip;\n","protected":false},"author":2,"featured_media":164748,"comment_status":"","ping_status":"","sticky":false,"template":"","format":"standard","meta":{"footnotes":""},"categories":[10],"tags":[47,434,1011,27,72,226,74,15410,71,5699,133,5336],"class_list":{"0":"post-164747","1":"post","2":"type-post","3":"status-publish","4":"format-standard","5":"has-post-thumbnail","7":"category-sante","8":"tag-actualite","9":"tag-epidemie","10":"tag-fr","11":"tag-france","12":"tag-health","13":"tag-maladie","14":"tag-monde","15":"tag-mpox-variole-du-singe","16":"tag-sante","17":"tag-sante-publique","18":"tag-video","19":"tag-virus"},"share_on_mastodon":{"url":"https:\/\/pubeurope.com\/@fr\/114656992494621412","error":""},"_links":{"self":[{"href":"https:\/\/www.europesays.com\/fr\/wp-json\/wp\/v2\/posts\/164747","targetHints":{"allow":["GET"]}}],"collection":[{"href":"https:\/\/www.europesays.com\/fr\/wp-json\/wp\/v2\/posts"}],"about":[{"href":"https:\/\/www.europesays.com\/fr\/wp-json\/wp\/v2\/types\/post"}],"author":[{"embeddable":true,"href":"https:\/\/www.europesays.com\/fr\/wp-json\/wp\/v2\/users\/2"}],"replies":[{"embeddable":true,"href":"https:\/\/www.europesays.com\/fr\/wp-json\/wp\/v2\/comments?post=164747"}],"version-history":[{"count":0,"href":"https:\/\/www.europesays.com\/fr\/wp-json\/wp\/v2\/posts\/164747\/revisions"}],"wp:featuredmedia":[{"embeddable":true,"href":"https:\/\/www.europesays.com\/fr\/wp-json\/wp\/v2\/media\/164748"}],"wp:attachment":[{"href":"https:\/\/www.europesays.com\/fr\/wp-json\/wp\/v2\/media?parent=164747"}],"wp:term":[{"taxonomy":"category","embeddable":true,"href":"https:\/\/www.europesays.com\/fr\/wp-json\/wp\/v2\/categories?post=164747"},{"taxonomy":"post_tag","embeddable":true,"href":"https:\/\/www.europesays.com\/fr\/wp-json\/wp\/v2\/tags?post=164747"}],"curies":[{"name":"wp","href":"https:\/\/api.w.org\/{rel}","templated":true}]}}