{"id":164757,"date":"2025-06-10T03:44:12","date_gmt":"2025-06-10T03:44:12","guid":{"rendered":"https:\/\/www.europesays.com\/fr\/164757\/"},"modified":"2025-06-10T03:44:12","modified_gmt":"2025-06-10T03:44:12","slug":"trump-annonce-une-nouvelle-reunion-cette-semaine-avec-liran-sur-le-nucleaire-actualites","status":"publish","type":"post","link":"https:\/\/www.europesays.com\/fr\/164757\/","title":{"rendered":"Trump annonce une nouvelle r\u00e9union cette semaine avec l&rsquo;Iran sur le nucl\u00e9aire : Actualit\u00e9s"},"content":{"rendered":"<p class=\"lead \">Le pr\u00e9sident am\u00e9ricain Donald Trump a annonc\u00e9 lundi une nouvelle r\u00e9union cette semaine entre les \u00c9tats-Unis et l&rsquo;Iran \u00e0 propos du programme nucl\u00e9aire iranien, apr\u00e8s que T\u00e9h\u00e9ran a annonc\u00e9 la prochaine remise \u00e0 Washington de sa propre proposition d&rsquo;accord. <\/p>\n<p class=\"lead \">Interrog\u00e9 sur cette proposition que les Iraniens ont dit vouloir soumettre \u00ab\u00a0bient\u00f4t\u00a0\u00bb, le pr\u00e9sident am\u00e9ricain a d\u00e9clar\u00e9: \u00ab\u00a0Nous avons une r\u00e9union avec l&rsquo;Iran jeudi, donc nous attendrons jeudi\u00a0\u00bb. Une source proche du dossier \u00e9voque cependant une r\u00e9union plus probablement vendredi ou samedi. <\/p>\n<p class=\"lead \">Les discussions butent toujours sur la question de l&rsquo;enrichissement d&rsquo;uranium iranien, apr\u00e8s la remise d&rsquo;une offre am\u00e9ricaine qui ne semble pas avoir convaincu T\u00e9h\u00e9ran. \u00ab\u00a0Ils veulent l&rsquo;enrichissement (d&rsquo;uranium), ils ne peuvent pas avoir l&rsquo;enrichissement\u00a0\u00bb d&rsquo;uranium, a insist\u00e9 Donald Trump.<\/p>\n<p class=\"lead \">Ennemis depuis quatre d\u00e9cennies, l&rsquo;Iran et les \u00c9tats-Unis ont tenu depuis avril cinq s\u00e9ries de pourparlers, sous la m\u00e9diation d&rsquo;Oman. <\/p>\n<p class=\"lead \">Ils tentent de conclure un accord cens\u00e9 emp\u00eacher T\u00e9h\u00e9ran de se doter de l&rsquo;arme atomique, en \u00e9change d&rsquo;une lev\u00e9e des sanctions qui paralysent son \u00e9conomie. L&rsquo;Iran se d\u00e9fend d&rsquo;avoir des ambitions militaires avec le nucl\u00e9aire. <\/p>\n<p class=\"lead \">Un pr\u00e9c\u00e9dent accord sur le nucl\u00e9aire iranien avait \u00e9t\u00e9 conclu en 2015 entre l&rsquo;Iran et les cinq membres permanents du Conseil de s\u00e9curit\u00e9 de l&rsquo;ONU (Chine, \u00c9tats-Unis, France, Royaume-Uni, Russie) plus l&rsquo;Allemagne. Mais en 2018, apr\u00e8s plusieurs mois de menaces, Donald Trump avait annonc\u00e9 le retrait des \u00c9tats-Unis de l&rsquo;accord.<\/p>\n<p class=\"lead \">L&rsquo;enrichissement d&rsquo;uranium est central dans les n\u00e9gociations actuelles. Les \u00c9tats-Unis exigent que l&rsquo;Iran y renonce totalement, tandis que T\u00e9h\u00e9ran consid\u00e8re cette demande comme non n\u00e9gociable, arguant qu&rsquo;elle est contraire au Trait\u00e9 de non-prolif\u00e9ration nucl\u00e9aire (TNP) dont il est signataire.<\/p>\n<p class=\"lead \">\u00ab\u00a0Nous proposerons bient\u00f4t notre propre plan \u00e0 l&rsquo;autre partie, par l&rsquo;interm\u00e9diaire d&rsquo;Oman\u00a0\u00bb, a d\u00e9clar\u00e9 lundi le porte-parole de la diplomatie iranienne, Esma\u00efl Bagha\u00ef.  <\/p>\n<p class=\"lead \"><img decoding=\"async\" class=\"w-100\" src=\"https:\/\/www.europesays.com\/fr\/wp-content\/uploads\/2025\/06\/2275\/actu\/afp-news\/896b8f0c-2195-429e-a533-89f831f60d03.jpg\" alt=\"\"\/> La proposition de l&rsquo;Iran en vue d&rsquo;un accord est \u00ab\u00a0raisonnable, logique et \u00e9quilibr\u00e9e, et nous recommandons vivement \u00e0 la partie am\u00e9ricaine de saisir cette occasion\u00a0\u00bb, a ajout\u00e9 le porte-parole, lors d&rsquo;un point de presse hebdomadaire \u00e0 T\u00e9h\u00e9ran.<\/p>\n<p class=\"lead \">Les \u00c9tats-Unis et leurs alli\u00e9s occidentaux, ainsi qu&rsquo;Isra\u00ebl, consid\u00e9r\u00e9 par des experts comme la seule puissance nucl\u00e9aire au Moyen-Orient, accusent depuis longtemps la R\u00e9publique islamique d&rsquo;Iran de chercher \u00e0 se doter de l&rsquo;arme atomique, ce qu&rsquo;elle a toujours ni\u00e9.<\/p>\n<p class=\"lead \">&#8211; \u00ab\u00a0Offre raisonnable\u00a0\u00bb &#8211;<\/p>\n<p class=\"lead \">Donald Trump a inform\u00e9 lundi le Premier ministre isra\u00e9lien Benjamin Netanyahu que Washington avait transmis \u00e0 T\u00e9h\u00e9ran une \u00ab\u00a0offre raisonnable\u00a0\u00bb, selon un bref communiqu\u00e9 du bureau de M. Netanyahu.<\/p>\n<p class=\"lead \">Le pr\u00e9sident am\u00e9ricain l&rsquo;a inform\u00e9 \u00ab\u00a0que les \u00c9tats-Unis avaient transmis une offre raisonnable \u00e0 l&rsquo;Iran, et qu&rsquo;ils s&rsquo;attendaient \u00e0 recevoir une r\u00e9ponse dans les prochains jours\u00a0\u00bb.<\/p>\n<p class=\"lead \">La semaine derni\u00e8re, l&rsquo;Iran avait dit avoir re\u00e7u des \u00ab\u00a0\u00e9l\u00e9ments\u00a0\u00bb d&rsquo;une proposition am\u00e9ricaine d&rsquo;accord, mais estim\u00e9 qu&rsquo;elle contenait de \u00ab\u00a0nombreuses ambigu\u00eft\u00e9s\u00a0\u00bb.<\/p>\n<p class=\"lead \">Le contenu de cette offre am\u00e9ricaine n&rsquo;est pas connu. Mais le pr\u00e9sident du Parlement iranien, Mohammad-Bagher Ghalibaf, a d\u00e9clar\u00e9 dimanche qu&rsquo;elle n&rsquo;abordait pas la question de la lev\u00e9e des sanctions, dont l&rsquo;Iran fait une priorit\u00e9. <\/p>\n<p class=\"lead \">&#8211; \u00ab\u00a0Manque d&rsquo;honn\u00eatet\u00e9\u00a0\u00bb &#8211;<\/p>\n<p class=\"lead \">La proposition am\u00e9ricaine \u00ab\u00a0manque d&rsquo;honn\u00eatet\u00e9\u00a0\u00bb, a estim\u00e9 M. Ghalibaf, appelant Donald Trump \u00e0 \u00ab\u00a0changer d&rsquo;approche s&rsquo;il cherche vraiment un accord\u00a0\u00bb, dans une vid\u00e9o diffus\u00e9e par la t\u00e9l\u00e9vision d\u2019\u00c9tat.<\/p>\n<p class=\"lead \">Mercredi d\u00e9j\u00e0, le guide supr\u00eame iranien, l&rsquo;ayatollah Ali Khamenei, avait qualifi\u00e9 la proposition am\u00e9ricaine de \u00ab\u00a0100 % contraire\u00a0\u00bb aux int\u00e9r\u00eats de son pays. <\/p>\n<p class=\"lead \">L&rsquo;Agence internationale de l&rsquo;\u00e9nergie atomique (AIEA), gendarme onusien du nucl\u00e9aire, doit passer en revue cette semaine les activit\u00e9s de l&rsquo;Iran dans ce domaine.<\/p>\n<p class=\"lead \">L&rsquo;Iran a menac\u00e9 dimanche de r\u00e9duire sa coop\u00e9ration avec l&rsquo;AIEA si une r\u00e9solution lui \u00e9tant d\u00e9favorable \u00e9tait adopt\u00e9e.<\/p>\n<p class=\"lead \">\u00ab\u00a0L&rsquo;AIEA ne doit pas s&rsquo;attendre \u00e0 ce que l&rsquo;Iran poursuive sa coop\u00e9ration large et amicale\u00a0\u00bb, a d\u00e9clar\u00e9 le porte-parole de l&rsquo;Organisation iranienne de l&rsquo;\u00e9nergie atomique, Behrouz Kamalvandi.<\/p>\n<p class=\"lead \">Selon des sources diplomatiques, les Europ\u00e9ens et les \u00c9tats-Unis ont l&rsquo;intention de soumettre durant cette r\u00e9union de l&rsquo;AIEA une r\u00e9solution contre l&rsquo;Iran, avec une menace de renvoi du dossier devant les Nations unies. <\/p>\n<p class=\"lead \">Cette mesure d\u00e9clencherait un m\u00e9canisme pour un r\u00e9tablissement de sanctions onusiennes contre l&rsquo;Iran.<\/p>\n<p class=\"lead \">\u00ab\u00a0J&rsquo;appelle l&rsquo;Iran \u00e0 coop\u00e9rer pleinement et efficacement avec l&rsquo;Agence internationale de l&rsquo;\u00e9nergie atomique\u00a0\u00bb, a d\u00e9clar\u00e9 lundi son patron, Rafael Grossi.<\/p>\n<p class=\"lead \">\u00ab\u00a0Tant que l&rsquo;Iran n&rsquo;aidera pas l&rsquo;agence \u00e0 r\u00e9soudre les questions (&#8230;) en suspens, celle-ci ne sera pas en mesure de garantir que le programme nucl\u00e9aire iranien est exclusivement pacifique\u00a0\u00bb, a-t-il ajout\u00e9.<\/p>\n<p class=\"small font-weight-bold text-gray3 \"> publi\u00e9 le 9 juin \u00e0 23h47, AFP<\/p>\n<p>                             Partager<\/p>\n","protected":false},"excerpt":{"rendered":"Le pr\u00e9sident am\u00e9ricain Donald Trump a annonc\u00e9 lundi une nouvelle r\u00e9union cette semaine entre les \u00c9tats-Unis et l&rsquo;Iran&hellip;\n","protected":false},"author":2,"featured_media":164758,"comment_status":"","ping_status":"","sticky":false,"template":"","format":"standard","meta":{"footnotes":""},"categories":[5],"tags":[11,312,1011,27,14,3019,12,28429,3521,316,308,28],"class_list":{"0":"post-164757","1":"post","2":"type-post","3":"status-publish","4":"format-standard","5":"has-post-thumbnail","7":"category-international","8":"tag-actualites","9":"tag-diplomatie","10":"tag-fr","11":"tag-france","12":"tag-international","13":"tag-iran","14":"tag-news","15":"tag-nuclaire","16":"tag-onu","17":"tag-politique","18":"tag-usa","19":"tag-world"},"share_on_mastodon":{"url":"https:\/\/pubeurope.com\/@fr\/114657012255724793","error":""},"_links":{"self":[{"href":"https:\/\/www.europesays.com\/fr\/wp-json\/wp\/v2\/posts\/164757","targetHints":{"allow":["GET"]}}],"collection":[{"href":"https:\/\/www.europesays.com\/fr\/wp-json\/wp\/v2\/posts"}],"about":[{"href":"https:\/\/www.europesays.com\/fr\/wp-json\/wp\/v2\/types\/post"}],"author":[{"embeddable":true,"href":"https:\/\/www.europesays.com\/fr\/wp-json\/wp\/v2\/users\/2"}],"replies":[{"embeddable":true,"href":"https:\/\/www.europesays.com\/fr\/wp-json\/wp\/v2\/comments?post=164757"}],"version-history":[{"count":0,"href":"https:\/\/www.europesays.com\/fr\/wp-json\/wp\/v2\/posts\/164757\/revisions"}],"wp:featuredmedia":[{"embeddable":true,"href":"https:\/\/www.europesays.com\/fr\/wp-json\/wp\/v2\/media\/164758"}],"wp:attachment":[{"href":"https:\/\/www.europesays.com\/fr\/wp-json\/wp\/v2\/media?parent=164757"}],"wp:term":[{"taxonomy":"category","embeddable":true,"href":"https:\/\/www.europesays.com\/fr\/wp-json\/wp\/v2\/categories?post=164757"},{"taxonomy":"post_tag","embeddable":true,"href":"https:\/\/www.europesays.com\/fr\/wp-json\/wp\/v2\/tags?post=164757"}],"curies":[{"name":"wp","href":"https:\/\/api.w.org\/{rel}","templated":true}]}}