{"id":164759,"date":"2025-06-10T03:45:11","date_gmt":"2025-06-10T03:45:11","guid":{"rendered":"https:\/\/www.europesays.com\/fr\/164759\/"},"modified":"2025-06-10T03:45:11","modified_gmt":"2025-06-10T03:45:11","slug":"emmanuel-macron-ne-souhaite-pas-quil-y-ait-dautre-dissolution-de-lassemblee-nationale-2","status":"publish","type":"post","link":"https:\/\/www.europesays.com\/fr\/164759\/","title":{"rendered":"Emmanuel Macron ne \u00ab\u00a0souhaite\u00a0\u00bb pas qu&rsquo;il y ait \u00ab\u00a0d&rsquo;autre dissolution\u00a0\u00bb de l&rsquo;Assembl\u00e9e nationale"},"content":{"rendered":"<p><img decoding=\"async\" class=\"caas-img caas-lazy has-preview\" src=\"https:\/\/www.europesays.com\/fr\/wp-content\/uploads\/2025\/06\/5195990dd54ab2e8060fc93a19a7cc81.jpeg\"\/><\/p>\n<p>\u00ab\u00a0Mon souhait c&rsquo;est qu&rsquo;il n&rsquo;y ait pas d&rsquo;autre <a data-i13n=\"cpos:1;pos:1\" href=\"https:\/\/fr.news.yahoo.com\/motions-censure-valse-premiers-ministres-105707070.html\" data-ylk=\"slk:dissolution&quot; de l&#039;Assembl\u00e9e nationale;cpos:1;pos:1;elm:context_link;itc:0;sec:content-canvas;outcm:mb_qualified_link;_E:mb_qualified_link;ct:story;\" class=\"link  yahoo-link\" target=\"_blank\" rel=\"noopener\">dissolution\u00a0\u00bb de l&rsquo;Assembl\u00e9e nationale<\/a>, affirme Emmanuel Macron, ce lundi 9 juin, en marge de la conf\u00e9rence mondiale sur les oc\u00e9ans \u00e0 Nice.<\/p>\n<p>\u00ab\u00a0Mais mon habitude n&rsquo;est pas de me priver d&rsquo;un pouvoir constitutionnel, parce que si des formations politiques d\u00e9cidaient d&rsquo;avoir une approche totalement irresponsable et bloquer le pays, peut-\u00eatre me retrouverais-je dans une situation o\u00f9 je dois utiliser la Constitution\u00a0\u00bb, a-t-il toutefois ajout\u00e9.<\/p>\n<p>\u00ab\u00a0Mon souhait, c&rsquo;est que ce Parlement qui correspond d&rsquo;ailleurs \u00e0 l&rsquo;\u00e9tat du pays et de ses sensibilit\u00e9s trouve le chemin d&rsquo;une action utile pour le pays aux c\u00f4t\u00e9s du gouvernement\u00a0\u00bb, a encore dit le pr\u00e9sident.<\/p>\n<p>S&rsquo;il a \u00ab\u00a0assum\u00e9\u00a0\u00bb sa d\u00e9cision du 9 juin 2024, le chef de l&rsquo;\u00c9tat a reconnu \u00e0 nouveau qu&rsquo;elle n&rsquo;avait pas \u00e9t\u00e9 \u00ab\u00a0comprise\u00a0\u00bb par les Fran\u00e7ais. Mais il a balay\u00e9 les \u00ab\u00a0reproches\u00a0\u00bb d'\u00a0\u00bbimmobilisme\u00a0\u00bb: \u00ab\u00a0c&rsquo;est aux formations politiques\u00a0\u00bb et au \u00ab\u00a0gouvernement\u00a0\u00bb de \u00ab\u00a0faire avancer le pays\u00a0\u00bb, a-t-il d\u00e9clar\u00e9.<\/p>\n<p>\u00ab\u00a0Immobilisme des formations politiques\u00a0\u00bb<\/p>\n<p>\u00ab\u00a0Ce serait un peu facile de reprocher au pr\u00e9sident de la R\u00e9publique le vote des Fran\u00e7ais et l&rsquo;immobilisme des formations politiques, dont certaines ont expliqu\u00e9 que le pr\u00e9sident avait trop de pouvoir\u00a0\u00bb, a-t-il lanc\u00e9.<\/p>\n<p>\u00ab\u00a0Dans toutes les d\u00e9mocraties autour de nous, les formations politiques qui n&rsquo;ont pas de majorit\u00e9 apprennent \u00e0 travailler ensemble pour b\u00e2tir de l&rsquo;action. C&rsquo;est \u00e7a ce qu&rsquo;on doit faire\u00a0\u00bb, a-t-il ajout\u00e9.<\/p>\n<p>\u00ab\u00a0Et moi, je vous rassure, je continue d&rsquo;agir dans mes pr\u00e9rogatives et l\u00e0 o\u00f9 je suis, et vous le voyez aujourd&rsquo;hui, je ne l\u00e2che aucun combat et je n&rsquo;en l\u00e2cherai aucun\u00a0\u00bb, a insist\u00e9 Emmanuel Macron en r\u00e9f\u00e9rence \u00e0 son action pour les oc\u00e9ans au niveau international.<\/p>\n<p>Manifestant une fois de plus, comme \u00e0 plusieurs reprises ces derniers jours, un certain agacement face aux d\u00e9cisions prises par le gouvernement et\/ou le Parlement, il a estim\u00e9 que \u00ab\u00a0la solution pour le pays\u00a0\u00bb n&rsquo;\u00e9tait \u00ab\u00a0en tout cas pas de d<a data-i13n=\"cpos:2;pos:1\" href=\"https:\/\/fr.news.yahoo.com\/ne-content-jai-vu-zfe-174031960.html\" data-ylk=\"slk:\u00e9tricoter les choses, ni de d\u00e9tricoter l&#039;\u00e9cologie, ni de d\u00e9tricoter l&#039;\u00e9conomie&quot;;cpos:2;pos:1;elm:context_link;itc:0;sec:content-canvas;outcm:mb_qualified_link;_E:mb_qualified_link;ct:story;\" class=\"link  yahoo-link\" target=\"_blank\" rel=\"noopener\">\u00e9tricoter les choses, ni de d\u00e9tricoter l&rsquo;\u00e9cologie, ni de d\u00e9tricoter l&rsquo;\u00e9conomie\u00a0\u00bb<\/a>.<\/p>\n<p>Le pr\u00e9sident de la R\u00e9publique retrouvera le 8 juillet son pouvoir de dissolution, un an apr\u00e8s le second tour des l\u00e9gislatives anticip\u00e9es provoqu\u00e9es par la pr\u00e9c\u00e9dente dissolution.<\/p>\n<p><a data-i13n=\"cpos:3;pos:1\" href=\"https:\/\/www.bfmtv.com\/politique\/elysee\/emmanuel-macron-ne-souhaite-pas-qu-il-y-ait-d-autre-dissolution-de-l-assemblee-nationale_AN-202506090696.html#xtor=AL-68\" rel=\"nofollow noopener\" target=\"_blank\" data-ylk=\"slk:Article original publi\u00e9 sur BFMTV.com;cpos:3;pos:1;elm:context_link;itc:0;sec:content-canvas\" class=\"link \">Article original publi\u00e9 sur BFMTV.com<\/a><\/p>\n","protected":false},"excerpt":{"rendered":"\u00ab\u00a0Mon souhait c&rsquo;est qu&rsquo;il n&rsquo;y ait pas d&rsquo;autre dissolution\u00a0\u00bb de l&rsquo;Assembl\u00e9e nationale, affirme Emmanuel Macron, ce lundi 9&hellip;\n","protected":false},"author":2,"featured_media":164760,"comment_status":"","ping_status":"","sticky":false,"template":"","format":"standard","meta":{"footnotes":""},"categories":[4],"tags":[11,25020,29792,1011,27,23800,12,29793,10253,25],"class_list":{"0":"post-164759","1":"post","2":"type-post","3":"status-publish","4":"format-standard","5":"has-post-thumbnail","7":"category-france","8":"tag-actualites","9":"tag-dissolution","10":"tag-formations-politiques","11":"tag-fr","12":"tag-france","13":"tag-le-pays","14":"tag-news","15":"tag-pouvoir-constitutionnel","16":"tag-president-de-la-republique","17":"tag-republique-francaise"},"share_on_mastodon":{"url":"https:\/\/pubeurope.com\/@fr\/114657016173071457","error":""},"_links":{"self":[{"href":"https:\/\/www.europesays.com\/fr\/wp-json\/wp\/v2\/posts\/164759","targetHints":{"allow":["GET"]}}],"collection":[{"href":"https:\/\/www.europesays.com\/fr\/wp-json\/wp\/v2\/posts"}],"about":[{"href":"https:\/\/www.europesays.com\/fr\/wp-json\/wp\/v2\/types\/post"}],"author":[{"embeddable":true,"href":"https:\/\/www.europesays.com\/fr\/wp-json\/wp\/v2\/users\/2"}],"replies":[{"embeddable":true,"href":"https:\/\/www.europesays.com\/fr\/wp-json\/wp\/v2\/comments?post=164759"}],"version-history":[{"count":0,"href":"https:\/\/www.europesays.com\/fr\/wp-json\/wp\/v2\/posts\/164759\/revisions"}],"wp:featuredmedia":[{"embeddable":true,"href":"https:\/\/www.europesays.com\/fr\/wp-json\/wp\/v2\/media\/164760"}],"wp:attachment":[{"href":"https:\/\/www.europesays.com\/fr\/wp-json\/wp\/v2\/media?parent=164759"}],"wp:term":[{"taxonomy":"category","embeddable":true,"href":"https:\/\/www.europesays.com\/fr\/wp-json\/wp\/v2\/categories?post=164759"},{"taxonomy":"post_tag","embeddable":true,"href":"https:\/\/www.europesays.com\/fr\/wp-json\/wp\/v2\/tags?post=164759"}],"curies":[{"name":"wp","href":"https:\/\/api.w.org\/{rel}","templated":true}]}}