{"id":164774,"date":"2025-06-10T03:54:17","date_gmt":"2025-06-10T03:54:17","guid":{"rendered":"https:\/\/www.europesays.com\/fr\/164774\/"},"modified":"2025-06-10T03:54:17","modified_gmt":"2025-06-10T03:54:17","slug":"un-ancien-footballeur-du-montpellier-hsc-grievement-blesse-dun-coup-de-couteau-a-son-domicile","status":"publish","type":"post","link":"https:\/\/www.europesays.com\/fr\/164774\/","title":{"rendered":"Un ancien footballeur du Montpellier HSC gri\u00e8vement bless\u00e9\u00a0d\u2019un coup de couteau \u00e0 son domicile"},"content":{"rendered":"<p>Selon <a href=\"https:\/\/actu.fr\/occitanie\/perols_34198\/pres-de-montpellier-perols-un-ex-footballeur-du-mhsc-tres-grievement-blesse-d-un-coup-de-couteau_62748969.html\" target=\"_self\" rel=\"noopener\">Actu.fr<\/a>, un ex-footballeur du Montpellier HSC \u00e2g\u00e9 de 40\u00a0ans a \u00e9t\u00e9 gri\u00e8vement bless\u00e9 d\u2019un coup de couteau pr\u00e8s du c\u0153ur, ce lundi soir, \u00e0 P\u00e9rols.<\/p>\n<p>Des investigations sont actuellement en cours sur les lieux de l\u2019incident\u00a0au domicile de cet ancien footballeur dont l\u2019identit\u00e9 n\u2019a pas \u00e9t\u00e9 divulgu\u00e9e. Les pompiers, le Samu et la police ont \u00e9t\u00e9 appel\u00e9s vers 19\u00a0h pour secourir un homme \u00e2g\u00e9 de 40\u00a0ans dans sa villa.<\/p>\n<p>La victime \u00e9tait inanim\u00e9e et perdait beaucoup de sang \u00e0 cause d\u2019une plaie pr\u00e8s du c\u0153ur caus\u00e9 par un couteau.\u00a0Dans un \u00e9tat grave, le quadrag\u00e9naire\u00a0a \u00e9t\u00e9 transport\u00e9 en urgence absolue\u00a0au CHU de Montpellier.<\/p>\n<p>Une enqu\u00eate est actuellement men\u00e9e par le\u00a0Service local de police judiciaire de Montpellier (Slpj).<\/p>\n<p>\u00a0<\/p>\n","protected":false},"excerpt":{"rendered":"Selon Actu.fr, un ex-footballeur du Montpellier HSC \u00e2g\u00e9 de 40\u00a0ans a \u00e9t\u00e9 gri\u00e8vement bless\u00e9 d\u2019un coup de couteau&hellip;\n","protected":false},"author":2,"featured_media":164775,"comment_status":"","ping_status":"","sticky":false,"template":"","format":"standard","meta":{"footnotes":""},"categories":[9599],"tags":[1111,11,3809,1465,5492,1777,674,63,1011,27,1792,1922,2208,12,2680,25,479,517,1470],"class_list":{"0":"post-164774","1":"post","2":"type-post","3":"status-publish","4":"format-standard","5":"has-post-thumbnail","7":"category-montpellier","8":"tag-actu","9":"tag-actualites","10":"tag-ball","11":"tag-basket","12":"tag-caen","13":"tag-eu","14":"tag-europe","15":"tag-football","16":"tag-fr","17":"tag-france","18":"tag-handball","19":"tag-info","20":"tag-montpellier","21":"tag-news","22":"tag-occitanie","23":"tag-republique-francaise","24":"tag-rugby","25":"tag-sport","26":"tag-volley"},"share_on_mastodon":{"url":"https:\/\/pubeurope.com\/@fr\/114657051460882303","error":""},"_links":{"self":[{"href":"https:\/\/www.europesays.com\/fr\/wp-json\/wp\/v2\/posts\/164774","targetHints":{"allow":["GET"]}}],"collection":[{"href":"https:\/\/www.europesays.com\/fr\/wp-json\/wp\/v2\/posts"}],"about":[{"href":"https:\/\/www.europesays.com\/fr\/wp-json\/wp\/v2\/types\/post"}],"author":[{"embeddable":true,"href":"https:\/\/www.europesays.com\/fr\/wp-json\/wp\/v2\/users\/2"}],"replies":[{"embeddable":true,"href":"https:\/\/www.europesays.com\/fr\/wp-json\/wp\/v2\/comments?post=164774"}],"version-history":[{"count":0,"href":"https:\/\/www.europesays.com\/fr\/wp-json\/wp\/v2\/posts\/164774\/revisions"}],"wp:featuredmedia":[{"embeddable":true,"href":"https:\/\/www.europesays.com\/fr\/wp-json\/wp\/v2\/media\/164775"}],"wp:attachment":[{"href":"https:\/\/www.europesays.com\/fr\/wp-json\/wp\/v2\/media?parent=164774"}],"wp:term":[{"taxonomy":"category","embeddable":true,"href":"https:\/\/www.europesays.com\/fr\/wp-json\/wp\/v2\/categories?post=164774"},{"taxonomy":"post_tag","embeddable":true,"href":"https:\/\/www.europesays.com\/fr\/wp-json\/wp\/v2\/tags?post=164774"}],"curies":[{"name":"wp","href":"https:\/\/api.w.org\/{rel}","templated":true}]}}