{"id":164778,"date":"2025-06-10T04:02:11","date_gmt":"2025-06-10T04:02:11","guid":{"rendered":"https:\/\/www.europesays.com\/fr\/164778\/"},"modified":"2025-06-10T04:02:11","modified_gmt":"2025-06-10T04:02:11","slug":"rencontre-ancien-journaliste-force-a-lexil-le-yemenite-ameen-al-safa-reconstruit-sa-vie-a-strasbourg","status":"publish","type":"post","link":"https:\/\/www.europesays.com\/fr\/164778\/","title":{"rendered":"Rencontre. Ancien journaliste forc\u00e9 \u00e0 l\u2019exil, le Y\u00e9m\u00e9nite Ameen Al-Safa\u00a0\ufeffreconstruit sa vie \u00e0 Strasbourg"},"content":{"rendered":"<p>Pour Ameen Al-Safa et son ami \u2013 et confr\u00e8re journaliste \u2013 Sami Al Ashwal, venir aux  DNA est une joie et un cr\u00e8ve-c\u0153ur. C\u2019est retrouver cette atmosph\u00e8re famili\u00e8re d\u2019une r\u00e9daction, mais se rappeler qu\u2019on a \u00e9t\u00e9 contraint de l\u2019abandonner. Dans le long couloir o\u00f9 s\u2019affichent les \u00ab\u00a0unes\u00a0\u00bb marquantes de notre journal, les deux journalistes en exil esquissent un sourire m\u00e9lancolique en faisant des portraits souvenir.<\/p>\n<p>Menac\u00e9 de mort<\/p>\n<p>R\u00e9dacteur en chef adjoint du journal \u00ab\u00a0Al Sharea\u00a0\u00bb (\u00ab\u00a0Le Boulevard\u00a0\u00bb), la publication ind\u00e9pendante la plus vendue au Y\u00e9men, <a href=\"https:\/\/www.dna.fr\/edition-strasbourg\/2020\/02\/15\/rencontre-avec-un-journaliste-yemenite-renvoye-special-et-temoin-primordial\" target=\"_blank\" rel=\"nofollow noopener\">Ameen Al-Safa avait racont\u00e9 en f\u00e9vrier\u00a02020<\/a> , \u00e0 des \u00e9l\u00e8ves du lyc\u00e9e Le Corbusier d\u2019Illkirch-Graffenstaden, les espoirs du Printemps arabe y\u00e9m\u00e9nite, puis le conflit entre l\u2019arm\u00e9e et les rebelles houthis. En janvier\u00a02015, il a couvert la prise de la capitale Saana, par \u00ab\u00a0ces fanatiques qui pr\u00e9tendent avoir une mission divine\u00a0\u00bb. D\u00e8s lors, menaces de mort, confr\u00e8res emprisonn\u00e9s arbitrairement, tu\u00e9s ou disparus l\u2019ont pouss\u00e9 \u00e0 fuir.<\/p>\n<p>Son parcours l\u2019a&#8230;<\/p>\n","protected":false},"excerpt":{"rendered":"Pour Ameen Al-Safa et son ami \u2013 et confr\u00e8re journaliste \u2013 Sami Al Ashwal, venir aux DNA est&hellip;\n","protected":false},"author":2,"featured_media":164779,"comment_status":"","ping_status":"","sticky":false,"template":"","format":"standard","meta":{"footnotes":""},"categories":[2820],"tags":[1111,11,2880,1777,674,107,1011,27,775,1061,12,25,104,640,2879],"class_list":{"0":"post-164778","1":"post","2":"type-post","3":"status-publish","4":"format-standard","5":"has-post-thumbnail","7":"category-strasbourg","8":"tag-actu","9":"tag-actualites","10":"tag-edition-strasbourg","11":"tag-eu","12":"tag-europe","13":"tag-fil-info","14":"tag-fr","15":"tag-france","16":"tag-grand-est","17":"tag-immigration","18":"tag-news","19":"tag-republique-francaise","20":"tag-societe","21":"tag-strasbourg","22":"tag-strasbourg-ville"},"share_on_mastodon":{"url":"https:\/\/pubeurope.com\/@fr\/114657082893862364","error":""},"_links":{"self":[{"href":"https:\/\/www.europesays.com\/fr\/wp-json\/wp\/v2\/posts\/164778","targetHints":{"allow":["GET"]}}],"collection":[{"href":"https:\/\/www.europesays.com\/fr\/wp-json\/wp\/v2\/posts"}],"about":[{"href":"https:\/\/www.europesays.com\/fr\/wp-json\/wp\/v2\/types\/post"}],"author":[{"embeddable":true,"href":"https:\/\/www.europesays.com\/fr\/wp-json\/wp\/v2\/users\/2"}],"replies":[{"embeddable":true,"href":"https:\/\/www.europesays.com\/fr\/wp-json\/wp\/v2\/comments?post=164778"}],"version-history":[{"count":0,"href":"https:\/\/www.europesays.com\/fr\/wp-json\/wp\/v2\/posts\/164778\/revisions"}],"wp:featuredmedia":[{"embeddable":true,"href":"https:\/\/www.europesays.com\/fr\/wp-json\/wp\/v2\/media\/164779"}],"wp:attachment":[{"href":"https:\/\/www.europesays.com\/fr\/wp-json\/wp\/v2\/media?parent=164778"}],"wp:term":[{"taxonomy":"category","embeddable":true,"href":"https:\/\/www.europesays.com\/fr\/wp-json\/wp\/v2\/categories?post=164778"},{"taxonomy":"post_tag","embeddable":true,"href":"https:\/\/www.europesays.com\/fr\/wp-json\/wp\/v2\/tags?post=164778"}],"curies":[{"name":"wp","href":"https:\/\/api.w.org\/{rel}","templated":true}]}}