{"id":164780,"date":"2025-06-10T04:04:03","date_gmt":"2025-06-10T04:04:03","guid":{"rendered":"https:\/\/www.europesays.com\/fr\/164780\/"},"modified":"2025-06-10T04:04:03","modified_gmt":"2025-06-10T04:04:03","slug":"habib-diarra-encore-convoite-en-premier-league-alsasports","status":"publish","type":"post","link":"https:\/\/www.europesays.com\/fr\/164780\/","title":{"rendered":"Habib Diarra\u00a0encore convoit\u00e9 en Premier League ! \u2014 Alsa&rsquo;Sports"},"content":{"rendered":"<p><strong>Apr\u00e8s les int\u00e9r\u00eats manifest\u00e9s d\u2019Everton et de Brighton ces derniers mois, le r\u00e9cent promu en Premier League, Leeds, souhaiterait lui aussi recruter le milieu et capitaine du Racing Habib Diarra. <\/strong><\/p>\n<p>Leeds United, fra\u00eechement promu en Premier League apr\u00e8s avoir remport\u00e9 le Championship, commence d\u00e9j\u00e0 \u00e0 s\u2019activer sur le march\u00e9 des transferts. D\u2019apr\u00e8s L\u2019Equipe, le club anglais aurait transmis une offre de 26 millions d\u2019euros au Racing Club de Strasbourg pour s\u2019attacher les services d\u2019Habib Diarra, le jeune milieu de terrain s\u00e9n\u00e9galais de 21 ans et capitaine du club. Cette proposition marque l\u2019entr\u00e9e concr\u00e8te de Leeds dans la course pour le joueur, alors que d\u2019autres clubs anglais et allemands surveillent \u00e9galement la situation de pr\u00e8s.\u00a0<\/p>\n<p>Sous contrat avec Strasbourg jusqu\u2019en juin 2028, le jeune alsacien dispose d\u2019un bon de sortie du Pr\u00e9sident Marc Keller qui lui en avait fait la promesse, et qu\u2019il avait confirm\u00e9 dans notre \u00e9mission Le Club 1906 il y a une semaine : \u00ab\u00a0je lui ai dit qu\u2019\u00e0 partir de juin 2025, si l\u2019offre \u00e9tait int\u00e9ressante, il pouvait partir\u00a0\u00bb. Et ce ne sont pas les offres qui manquent. Deux autres clubs de Premier League, Everton et Brighton, s\u2019int\u00e9ressent de pr\u00e8s au profil du capitaine du RCSA depuis plusieurs mois d\u00e9j\u00e0. Et cette derni\u00e8re proposition anglaise confirme le vif int\u00e9r\u00eat des clubs anglais pour Habib Diarra. <\/p>\n<p><strong>\u00ab\u00a0Jouer l\u2019Europe avec mon club formateur serait exceptionnel\u00ab\u00a0<\/strong><\/p>\n<p>Jouer en Premier League est un r\u00eave pour nombre de joueurs, comme certains de ses anciens co\u00e9quipiers qui ont pass\u00e9 le cap (Bellegarde, Sels). Mais le gamin de Mulhouse devenu capitaine de Strasbourg en a un autre, et l\u2019avait exprim\u00e9 apr\u00e8s la retentissante victoire de son club face au Paris SG d\u00e9but mai, soir \u00e9galement de son 100\u00e8me match avec le Racing : \u00ab\u00a0Ce match repr\u00e9sente \u00e9norm\u00e9ment de choses pour moi, je n\u2019ai pas les mots\u2026 Je suis arriv\u00e9 ici \u00e0 14 ans, c\u2019est \u00e9norme d\u2019avoir gravi les \u00e9chelons jusqu\u2019\u00e0 maintenant. Jouer l\u2019Europe avec mon club formateur serait exceptionnel\u00ab\u00a0. L\u2019Europe, le Racing n\u2019y est pas encore et devra passer son tour de barrage de Ligue Conf\u00e9rence en ao\u00fbt. Mais le dilemme est l\u00e0 pour Habib Diarra. <\/p>\n","protected":false},"excerpt":{"rendered":"Apr\u00e8s les int\u00e9r\u00eats manifest\u00e9s d\u2019Everton et de Brighton ces derniers mois, le r\u00e9cent promu en Premier League, Leeds,&hellip;\n","protected":false},"author":2,"featured_media":164781,"comment_status":"","ping_status":"","sticky":false,"template":"","format":"standard","meta":{"footnotes":""},"categories":[2820],"tags":[1111,11,1777,674,63,1011,27,775,7887,66,1434,12,4448,25,640],"class_list":{"0":"post-164780","1":"post","2":"type-post","3":"status-publish","4":"format-standard","5":"has-post-thumbnail","7":"category-strasbourg","8":"tag-actu","9":"tag-actualites","10":"tag-eu","11":"tag-europe","12":"tag-football","13":"tag-fr","14":"tag-france","15":"tag-grand-est","16":"tag-habib-diarra","17":"tag-ligue-1","18":"tag-mercato","19":"tag-news","20":"tag-rc-strasbourg","21":"tag-republique-francaise","22":"tag-strasbourg"},"share_on_mastodon":{"url":"https:\/\/pubeurope.com\/@fr\/114657090821262141","error":""},"_links":{"self":[{"href":"https:\/\/www.europesays.com\/fr\/wp-json\/wp\/v2\/posts\/164780","targetHints":{"allow":["GET"]}}],"collection":[{"href":"https:\/\/www.europesays.com\/fr\/wp-json\/wp\/v2\/posts"}],"about":[{"href":"https:\/\/www.europesays.com\/fr\/wp-json\/wp\/v2\/types\/post"}],"author":[{"embeddable":true,"href":"https:\/\/www.europesays.com\/fr\/wp-json\/wp\/v2\/users\/2"}],"replies":[{"embeddable":true,"href":"https:\/\/www.europesays.com\/fr\/wp-json\/wp\/v2\/comments?post=164780"}],"version-history":[{"count":0,"href":"https:\/\/www.europesays.com\/fr\/wp-json\/wp\/v2\/posts\/164780\/revisions"}],"wp:featuredmedia":[{"embeddable":true,"href":"https:\/\/www.europesays.com\/fr\/wp-json\/wp\/v2\/media\/164781"}],"wp:attachment":[{"href":"https:\/\/www.europesays.com\/fr\/wp-json\/wp\/v2\/media?parent=164780"}],"wp:term":[{"taxonomy":"category","embeddable":true,"href":"https:\/\/www.europesays.com\/fr\/wp-json\/wp\/v2\/categories?post=164780"},{"taxonomy":"post_tag","embeddable":true,"href":"https:\/\/www.europesays.com\/fr\/wp-json\/wp\/v2\/tags?post=164780"}],"curies":[{"name":"wp","href":"https:\/\/api.w.org\/{rel}","templated":true}]}}