{"id":164796,"date":"2025-06-10T04:12:10","date_gmt":"2025-06-10T04:12:10","guid":{"rendered":"https:\/\/www.europesays.com\/fr\/164796\/"},"modified":"2025-06-10T04:12:10","modified_gmt":"2025-06-10T04:12:10","slug":"il-y-a-un-risque-de-rupture-brutale","status":"publish","type":"post","link":"https:\/\/www.europesays.com\/fr\/164796\/","title":{"rendered":"il y a un risque de rupture brutale"},"content":{"rendered":"<p>            Par<br \/>\n        <strong><br \/>\n            <a href=\"https:\/\/actu.fr\/auteur\/lucie-2\" title=\"Consulter tous les articles de Lucie Fraisse\" target=\"_blank\" rel=\"noopener\">Lucie Fraisse<\/a><br \/>\n        <\/strong><\/p>\n<p>        Publi\u00e9 le<\/p>\n<p>            10 juin 2025 \u00e0 6h04        <\/p>\n<p>Un important chantier se profile du c\u00f4t\u00e9 de <strong>Blagnac<\/strong> (Haute-Garonne), pr\u00e8s de<a href=\"https:\/\/actu.fr\/toulouse\/\" target=\"_blank\" rel=\"noopener\"> Toulouse<\/a>. Les digues qui prot\u00e8gent la commune des d\u00e9bordements de la <strong>Garonne<\/strong>, sur la rive gauche, montrent des <strong>signes de fragilit\u00e9 et doivent \u00eatre confort\u00e9es<\/strong>, notamment pour faire face aux risques de crues centennales. Des travaux \u00e0 plusieurs millions d\u2019euros qui visent \u00e0 prot\u00e9ger une commune dont 40% du territoire est plac\u00e9 en zone inondable. Les d\u00e9tails.<\/p>\n<p>La crue de 1875, de sinistre m\u00e9moire<\/p>\n<p class=\" wall-content\">209 victimes, plus d\u2019un millier d\u2019habitations d\u00e9truites, 25 000 sans-abris. Ce dramatique bilan, <a href=\"https:\/\/actu.fr\/occitanie\/toulouse_31555\/histoire-23-juin-1875-crue-terrible-garonne-faisait-208-morts-toulouse_17443518.html\" target=\"_blank\" rel=\"noopener\">c\u2019est celui de la crue du 23 juin 1875, \u00e0 Toulouse<\/a>. Ce jour-l\u00e0, la Garonne atteint 8,32 m \u00e0 l\u2019\u00e9chelle de mesure du Pont-neuf. Le quartier Saint-Cyprien est sous 3 m d\u2019eau, tous les ponts, \u00e0 l\u2019exception du Pont-neuf, sont emport\u00e9s par les flots.<\/p>\n<p class=\" wall-content\">C\u2019\u00e9tait il y a bient\u00f4t 150 ans et aucune crue d\u2019une telle intensit\u00e9 n\u2019a eu lieu depuis. Pour autant, les experts l\u2019affirment : <strong>de nouveaux d\u00e9bordements de ce type se produiront \u00e0 l\u2019avenir<\/strong>. D\u2019o\u00f9 l\u2019importance de surveiller et d\u2019entretenir s\u00e9rieusement les ouvrages de protection qui longent la Garonne.\u00a0<\/p>\n<p>Un ouvrage qui date du XIXe si\u00e8cle<\/p>\n<p class=\" wall-content\">Dans ce contexte, les digues situ\u00e9es le long de la commune de<strong> Blagnac<\/strong> font l\u2019objet de toutes les attentions.\u00a0<\/p>\n<p class=\" wall-content\">\u00ab\u00a0C\u2019est un ouvrage qui date du XIXe si\u00e8cle, rappelle Nicole Miquel Belaud, \u00e9lue de Toulouse m\u00e9tropole en charge de l\u2019eau et l\u2019assainissement. Depuis que la m\u00e9tropole a r\u00e9cup\u00e9r\u00e9 la comp\u00e9tence gestion des milieux aquatiques et pr\u00e9vention des inondations en 2017, nous avons men\u00e9 plusieurs \u00e9tudes sur ces digues et elles pr\u00e9sentent <strong>des signes de fragilit\u00e9<\/strong>.\u00a0\u00bb<\/p>\n<p class=\" wall-content\">\u00c0 tel point que le niveau de protection des digues blagnacaises, cens\u00e9es \u00eatre op\u00e9rationnelles pour les crues centennales a \u00e9t\u00e9 abaiss\u00e9 : l\u2019ouvrage est consid\u00e9r\u00e9 comme efficace uniquement pour les crues d\u2019importances moindres, qui risquent d\u2019arriver une fois tous les 25 ans.<\/p>\n<p>Risque de rupture\u00a0<\/p>\n<p class=\" wall-content\">Le <strong>plan communal de sauvegarde<\/strong> a \u00e9t\u00e9 adapt\u00e9 en cons\u00e9quence, mais des travaux sont tout de m\u00eame n\u00e9cessaires.\u00a0<\/p>\n<p class=\" wall-content\">\u00ab\u00a0Il y a des risques de rupture sur diff\u00e9rents tron\u00e7ons, alerte Nicole Miquel Belaud. Notamment sur le merlon situ\u00e9 au niveau des Quinze sols.\u00a0\u00bb<\/p>\n<p>Un talus de terre\u00a0<\/p>\n<p class=\" wall-content\">Les digues de Blagnac se divisent en effet en deux parties. D\u2019abord celle construite et am\u00e9nag\u00e9e qui longe, en gros,<strong> le parc des Ramiers<\/strong>. Et celle, plus artisanale, du c\u00f4t\u00e9 du <strong>parc des Quinze sols<\/strong> : un simple talus de terre, qui n\u2019a pas m\u00eame d\u2019existence administrative.\u00a0<\/p>\n<p class=\" wall-content\">\u00ab\u00a0On ne sait m\u00eame pas bien qui a fait ce merlon, confie Nicole Miquel Belaud. Il pr\u00e9sente de multiples fragilit\u00e9s : sa largeur de cr\u00eate est faible, son inclinaison trop \u00e9lev\u00e9e, sa solidit\u00e9 est alt\u00e9r\u00e9e par les arbres qui y ont pouss\u00e9, des terriers d\u2019animaux y sont creus\u00e9s et des r\u00e9seaux d\u2019eau y sont enterr\u00e9s\u2026 Concr\u00e8tement, <strong>il y a un risque de rupture brutale<\/strong>, on a l\u2019obligation de vraiment r\u00e9gler ce probl\u00e8me.\u00a0\u00bb<\/p>\n<p>Plus de douze millions d\u2019euros d\u2019investissement\u00a0<\/p>\n<p class=\" wall-content\">\u00c0 ce stade, les travaux sont pr\u00e9vus pour d\u00e9buter en 2027, ils doivent durer pendant deux ans. Le co\u00fbt pr\u00e9visionnel de l\u2019op\u00e9ration est \u00e9valu\u00e9 \u00e0 <strong>12,3 millions d\u2019euros<\/strong>. Avec en enjeu : <strong>assurer la s\u00e9curit\u00e9 des personnes tout en pr\u00e9servant le milieu naturel<\/strong>.<\/p>\n<p class=\" wall-content\">Les travaux consisteront notamment en l\u2019harmonisation de la hauteur des digues, de fa\u00e7on \u00e0 obtenir un niveau de protection sup\u00e9rieur de 0,5 m\u00e8tre par rapport \u00e0 une crue de type centennale ; \u00e0 renforcer l\u2019ouvrage, notamment par l\u2019ancrage en profondeur d\u2019\u00e9crans de 6 m de hauteur ou encore par la cr\u00e9ation de deux d\u00e9versoirs qui devront permettre de limiter les d\u00e9g\u00e2ts en cas de d\u00e9passement de la capacit\u00e9 des digues.<\/p>\n<p class=\" wall-content\">Le merlon situ\u00e9 au niveau des Quinze sols sera aras\u00e9 partiellement.<\/p>\n<p>Des milliers de personnes concern\u00e9es\u00a0<br \/>\n    <img   decoding=\"async\" loading=\"lazy\" src=\"https:\/\/www.europesays.com\/fr\/wp-content\/uploads\/2025\/06\/digue-blagnac-ramier-stade-lf-960x640.jpg\" alt=\"Le stade et l'espace nautique font partie des \u00e9quipements pouvant recevoir du public situ\u00e9s dans le p\u00e9rim\u00e8tre de protection des digues blagnacaises.\" width=\"960\" height=\"640\"\/><br \/>\n    Le stade et l\u2019espace nautique font partie des \u00e9quipements pouvant recevoir du public situ\u00e9s dans le p\u00e9rim\u00e8tre de protection des digues blagnacaises. (\u00a9actu.fr\/L.F.)<\/p>\n<p class=\" wall-content\">Une concertation publique sur le chantier est en cours, elle doit durer jusqu\u2019au 7 juillet 2025. <strong>Plus de 1000 personnes r\u00e9sident aujourd\u2019hui dans le p\u00e9rim\u00e8tre de protection des digues de Blagnac,<\/strong> 200 personnes viennent y travailler quotidiennement. 7 \u00e0 8000 personnes sont aussi susceptibles de se rendre r\u00e9guli\u00e8rement dans la zone, dans le stade Ernest Argeles ou \u00e0 la piscine des Ramiers par exemple.<\/p>\n<p class=\" wall-content\">Suivez toute l\u2019actualit\u00e9 de vos villes et m\u00e9dias favoris en vous inscrivant \u00e0 <a href=\"https:\/\/moncompte.actu.fr\" title=\"D\u00e9couvez Mon Actu\" rel=\"nofollow noopener\" data-trk=\"{&quot;cta&quot;:{&quot;action&quot;:&quot;https:\\\/\\\/moncompte.actu.fr&quot;,&quot;category&quot;:&quot;mon compte&quot;,&quot;from&quot;:&quot;article footer&quot;,&quot;name&quot;:&quot;Mon actu&quot;,&quot;type&quot;:&quot;cta&quot;}}\" target=\"_blank\">Mon Actu<\/a>.<\/p>\n","protected":false},"excerpt":{"rendered":"Par Lucie Fraisse Publi\u00e9 le 10 juin 2025 \u00e0 6h04 Un important chantier se profile du c\u00f4t\u00e9 de&hellip;\n","protected":false},"author":2,"featured_media":164797,"comment_status":"","ping_status":"","sticky":false,"template":"","format":"standard","meta":{"footnotes":""},"categories":[2816],"tags":[1111,11,1777,674,1011,27,5601,12,2680,25,104,2312],"class_list":{"0":"post-164796","1":"post","2":"type-post","3":"status-publish","4":"format-standard","5":"has-post-thumbnail","7":"category-toulouse","8":"tag-actu","9":"tag-actualites","10":"tag-eu","11":"tag-europe","12":"tag-fr","13":"tag-france","14":"tag-garonne","15":"tag-news","16":"tag-occitanie","17":"tag-republique-francaise","18":"tag-societe","19":"tag-toulouse"},"share_on_mastodon":{"url":"https:\/\/pubeurope.com\/@fr\/114657122284975939","error":""},"_links":{"self":[{"href":"https:\/\/www.europesays.com\/fr\/wp-json\/wp\/v2\/posts\/164796","targetHints":{"allow":["GET"]}}],"collection":[{"href":"https:\/\/www.europesays.com\/fr\/wp-json\/wp\/v2\/posts"}],"about":[{"href":"https:\/\/www.europesays.com\/fr\/wp-json\/wp\/v2\/types\/post"}],"author":[{"embeddable":true,"href":"https:\/\/www.europesays.com\/fr\/wp-json\/wp\/v2\/users\/2"}],"replies":[{"embeddable":true,"href":"https:\/\/www.europesays.com\/fr\/wp-json\/wp\/v2\/comments?post=164796"}],"version-history":[{"count":0,"href":"https:\/\/www.europesays.com\/fr\/wp-json\/wp\/v2\/posts\/164796\/revisions"}],"wp:featuredmedia":[{"embeddable":true,"href":"https:\/\/www.europesays.com\/fr\/wp-json\/wp\/v2\/media\/164797"}],"wp:attachment":[{"href":"https:\/\/www.europesays.com\/fr\/wp-json\/wp\/v2\/media?parent=164796"}],"wp:term":[{"taxonomy":"category","embeddable":true,"href":"https:\/\/www.europesays.com\/fr\/wp-json\/wp\/v2\/categories?post=164796"},{"taxonomy":"post_tag","embeddable":true,"href":"https:\/\/www.europesays.com\/fr\/wp-json\/wp\/v2\/tags?post=164796"}],"curies":[{"name":"wp","href":"https:\/\/api.w.org\/{rel}","templated":true}]}}