{"id":164800,"date":"2025-06-10T04:15:14","date_gmt":"2025-06-10T04:15:14","guid":{"rendered":"https:\/\/www.europesays.com\/fr\/164800\/"},"modified":"2025-06-10T04:15:14","modified_gmt":"2025-06-10T04:15:14","slug":"on-a-teste-la-premiere-voiture-electrique-de-toyota-autour-de-marseille","status":"publish","type":"post","link":"https:\/\/www.europesays.com\/fr\/164800\/","title":{"rendered":"on a test\u00e9 la premi\u00e8re voiture \u00e9lectrique de Toyota autour de Marseille"},"content":{"rendered":"<p>bZ4X. Non, l\u2019auteur de cet article ne vient pas de divulguer le mot de passe de sa bo\u00eete mail. Cet \u00e9trange acronyme est le nom du premier mod\u00e8le \u00e9lectrique de Toyota. Sorti <a href=\"https:\/\/www.laprovence.com\/article\/france-monde\/1580194762449816\/automobile-nouveau-record-de-ventes-pour-toyota-en-2023-cest-le-premier-constructeur-mondial\" target=\"_blank\" rel=\"noopener\">en\u00a02023<\/a>, ce v\u00e9hicule marque une \u00e9tape majeure dans l\u2019histoire du constructeur japonais, pionnier de la <a href=\"https:\/\/www.laprovence.com\/article\/societe\/1666621500389815\/consommation-de-carburant-usage-ecarts-de-prix-tout-savoir-pour-choisir-sa-voiture-hybride-en-2025\" target=\"_blank\" rel=\"noopener\">voiture hybride<\/a> dans les ann\u00e9es\u00a02000. <strong>On a test\u00e9 cette nouveaut\u00e9<\/strong>, qui doit permettre \u00e0 Toyota de rattraper son retard en mati\u00e8re d\u2019\u00e9lectrification, alors que l\u2019<a href=\"https:\/\/www.laprovence.com\/article\/politique\/4254056106391414\/fin-de-la-vente-de-voitures-thermiques-en-2035-pour-ou-contre-ces-deputes-provencaux-se-sont-prononces\" target=\"_blank\" rel=\"noopener\">interdiction de vente des voitures \u00e0 moteur thermique<\/a> dans l\u2019Union europ\u00e9enne est toujours pr\u00e9vue pour\u00a02035.<\/p>\n","protected":false},"excerpt":{"rendered":"bZ4X. Non, l\u2019auteur de cet article ne vient pas de divulguer le mot de passe de sa bo\u00eete&hellip;\n","protected":false},"author":2,"featured_media":164801,"comment_status":"","ping_status":"","sticky":false,"template":"","format":"standard","meta":{"footnotes":""},"categories":[2814],"tags":[17,14971,1111,11,13643,1777,674,1011,27,884,12,378,3051,882,25,104,4104,96,4752],"class_list":{"0":"post-164800","1":"post","2":"type-post","3":"status-publish","4":"format-standard","5":"has-post-thumbnail","7":"category-marseille","8":"tag-17","9":"tag-14971","10":"tag-actu","11":"tag-actualites","12":"tag-autonomie","13":"tag-eu","14":"tag-europe","15":"tag-fr","16":"tag-france","17":"tag-marseille","18":"tag-news","19":"tag-plus","20":"tag-premiere","21":"tag-provence-alpes-cote-dazur","22":"tag-republique-francaise","23":"tag-societe","24":"tag-teste","25":"tag-une","26":"tag-voiture"},"share_on_mastodon":{"url":"https:\/\/pubeurope.com\/@fr\/114657134165473941","error":""},"_links":{"self":[{"href":"https:\/\/www.europesays.com\/fr\/wp-json\/wp\/v2\/posts\/164800","targetHints":{"allow":["GET"]}}],"collection":[{"href":"https:\/\/www.europesays.com\/fr\/wp-json\/wp\/v2\/posts"}],"about":[{"href":"https:\/\/www.europesays.com\/fr\/wp-json\/wp\/v2\/types\/post"}],"author":[{"embeddable":true,"href":"https:\/\/www.europesays.com\/fr\/wp-json\/wp\/v2\/users\/2"}],"replies":[{"embeddable":true,"href":"https:\/\/www.europesays.com\/fr\/wp-json\/wp\/v2\/comments?post=164800"}],"version-history":[{"count":0,"href":"https:\/\/www.europesays.com\/fr\/wp-json\/wp\/v2\/posts\/164800\/revisions"}],"wp:featuredmedia":[{"embeddable":true,"href":"https:\/\/www.europesays.com\/fr\/wp-json\/wp\/v2\/media\/164801"}],"wp:attachment":[{"href":"https:\/\/www.europesays.com\/fr\/wp-json\/wp\/v2\/media?parent=164800"}],"wp:term":[{"taxonomy":"category","embeddable":true,"href":"https:\/\/www.europesays.com\/fr\/wp-json\/wp\/v2\/categories?post=164800"},{"taxonomy":"post_tag","embeddable":true,"href":"https:\/\/www.europesays.com\/fr\/wp-json\/wp\/v2\/tags?post=164800"}],"curies":[{"name":"wp","href":"https:\/\/api.w.org\/{rel}","templated":true}]}}