{"id":164804,"date":"2025-06-10T04:17:09","date_gmt":"2025-06-10T04:17:09","guid":{"rendered":"https:\/\/www.europesays.com\/fr\/164804\/"},"modified":"2025-06-10T04:17:09","modified_gmt":"2025-06-10T04:17:09","slug":"salon-du-travail-mobilite-professionnelle-de-lyon","status":"publish","type":"post","link":"https:\/\/www.europesays.com\/fr\/164804\/","title":{"rendered":"Salon du Travail &#038; Mobilit\u00e9 professionnelle de Lyon"},"content":{"rendered":"<p>Rendez-vous mercredi 25 juin 2025, d\u00e8s 10h, \u00e0 La Sucri\u00e8re \u00e0 Lyon.<\/p>\n<p>Install\u00e9 \u00e0 <b>La Sucri\u00e8re<\/b>, le <b>Salon du Travail &amp; Mobilit\u00e9 Professionnelle<\/b> est organis\u00e9 en partenariat avec le minist\u00e8re du Travail, France Travail, l&rsquo;APEC et l&rsquo;Union des autoentrepreneurs. Il s&rsquo;adresse \u00e0 tous les actifs et les demandeurs d&#8217;emploi qui souhaitent faire \u00e9voluer leur vie professionnelle. Qu&rsquo;ils soient en reconversion professionnelle, en qu\u00eate d&rsquo;une nouvelle exp\u00e9rience ou \u00e0 la recherche d&rsquo;un nouvel emploi\u2026<\/p>\n<p><b>Aider les actifs \u00e0 faire \u00e9voluer leur vie professionnelle<\/b><br \/>De nos jours, les actifs ont de plus en plus besoin de donner du rythme \u00e0 leur carri\u00e8re, que ce soit en se formant \u00e0 d&rsquo;autres comp\u00e9tences, en cherchant un nouveau cadre de vie ou en changeant radicalement de secteur. Quel que soit leur \u00e2ge ou leurs envies, le Salon du Travail &amp; Mobilit\u00e9 Professionnelle s&rsquo;adapte \u00e0 tous les profils pour les accompagner \u00e0 construire leur projet professionnel et trouver leur voie.<\/p>\n<p>Plus de 40 exposants r\u00e9partis sur 4 villages th\u00e9matiques seront pr\u00e9sents pour les aider \u00e0 explorer de nouvelles opportunit\u00e9s et faire \u00e9voluer leur vie professionnelle :<br \/>&#8211; <b>Emploi <\/b>: rechercher un emploi.<br \/>&#8211; <b>Mobilit\u00e9 <\/b>: tent\u00e9 par la mobilit\u00e9 en r\u00e9gion et en France ?<br \/>&#8211; <b>Formation <\/b>: \u00e9changer avec des organismes de la formation continue.<br \/>&#8211; <b>Entrepreneuriat <\/b>: tout conna\u00eetre sur la cr\u00e9ation d&rsquo;entreprise et le repreneuriat.<\/p>\n<p>Rendez-vous mercredi 25 juin 2025, <br \/>d\u00e8s 10h, \u00e0 La Sucri\u00e8re \u00e0 Lyon<\/p>\n<p>Infos pratiques : <br \/>&#8211; Adresse La Sucri\u00e8re : 49-50 quai Rambaud, 69002 Lyon &#8211; ESPACE 1930<br \/>&#8211; Horaires : de 10h \u00e0 18h<br \/>&#8211; Parking du P\u00f4le de Commerces et de Loisirs Confluence \u00e0 proximit\u00e9<\/p>\n<p>Plus d&rsquo;infos et inscriptions sur le site <a class=\"url\" href=\"https:\/\/lyon.salondutravail.fr\/#bl-674f5d48-7af6-43e2-e4a6-05a52a2a1f83\" target=\"_blank\" rel=\"nofollow noopener\">Lyon Salon du Travail<\/a>.<\/p>\n<p>Radio SCOOP est partenaire de l&rsquo;\u00e9v\u00e8nement<\/p>\n<tr>\n<td class=\"defaut\"><a href=\"https:\/\/www.radioscoop.com\/agenda\/javascript:void(0)\" onclick=\"parent.RS.diaporama.addMedia(693530) ;\" rel=\"nofollow noopener\" target=\"_blank\"><img loading=\"lazy\" decoding=\"async\" src=\"https:\/\/www.europesays.com\/fr\/wp-content\/uploads\/2025\/06\/1749529029_149_img\" width=\"488\" height=\"640\" border=\"0\" title=\"SDT\"\/><\/a><\/td>\n<\/tr>\n<p><\/p>\n","protected":false},"excerpt":{"rendered":"Rendez-vous mercredi 25 juin 2025, d\u00e8s 10h, \u00e0 La Sucri\u00e8re \u00e0 Lyon. Install\u00e9 \u00e0 La Sucri\u00e8re, le Salon&hellip;\n","protected":false},"author":2,"featured_media":164805,"comment_status":"","ping_status":"","sticky":false,"template":"","format":"standard","meta":{"footnotes":""},"categories":[1889],"tags":[4961,1111,11,2060,2430,1282,14300,1777,674,6383,1011,27,530,29799,2428,16272,29798,12,6046,25,6290,3847],"class_list":{"0":"post-164804","1":"post","2":"type-post","3":"status-publish","4":"format-standard","5":"has-post-thumbnail","7":"category-lyon","8":"tag-actifs","9":"tag-actu","10":"tag-actualites","11":"tag-apec","12":"tag-auvergne-rhone-alpes","13":"tag-carriere","14":"tag-demandeurs-demploi","15":"tag-eu","16":"tag-europe","17":"tag-experience","18":"tag-fr","19":"tag-france","20":"tag-france-travail","21":"tag-la-sucrire","22":"tag-lyon","23":"tag-ministere-du-travail","24":"tag-mobilit-professionnelle","25":"tag-news","26":"tag-reconversion","27":"tag-republique-francaise","28":"tag-salon","29":"tag-travail"},"share_on_mastodon":{"url":"https:\/\/pubeurope.com\/@fr\/114657142159171845","error":""},"_links":{"self":[{"href":"https:\/\/www.europesays.com\/fr\/wp-json\/wp\/v2\/posts\/164804","targetHints":{"allow":["GET"]}}],"collection":[{"href":"https:\/\/www.europesays.com\/fr\/wp-json\/wp\/v2\/posts"}],"about":[{"href":"https:\/\/www.europesays.com\/fr\/wp-json\/wp\/v2\/types\/post"}],"author":[{"embeddable":true,"href":"https:\/\/www.europesays.com\/fr\/wp-json\/wp\/v2\/users\/2"}],"replies":[{"embeddable":true,"href":"https:\/\/www.europesays.com\/fr\/wp-json\/wp\/v2\/comments?post=164804"}],"version-history":[{"count":0,"href":"https:\/\/www.europesays.com\/fr\/wp-json\/wp\/v2\/posts\/164804\/revisions"}],"wp:featuredmedia":[{"embeddable":true,"href":"https:\/\/www.europesays.com\/fr\/wp-json\/wp\/v2\/media\/164805"}],"wp:attachment":[{"href":"https:\/\/www.europesays.com\/fr\/wp-json\/wp\/v2\/media?parent=164804"}],"wp:term":[{"taxonomy":"category","embeddable":true,"href":"https:\/\/www.europesays.com\/fr\/wp-json\/wp\/v2\/categories?post=164804"},{"taxonomy":"post_tag","embeddable":true,"href":"https:\/\/www.europesays.com\/fr\/wp-json\/wp\/v2\/tags?post=164804"}],"curies":[{"name":"wp","href":"https:\/\/api.w.org\/{rel}","templated":true}]}}