{"id":164806,"date":"2025-06-10T04:18:11","date_gmt":"2025-06-10T04:18:11","guid":{"rendered":"https:\/\/www.europesays.com\/fr\/164806\/"},"modified":"2025-06-10T04:18:11","modified_gmt":"2025-06-10T04:18:11","slug":"jean-michel-aulas-en-dit-plus-sur-ses-intentions-pour-la-mairie-de-lyon","status":"publish","type":"post","link":"https:\/\/www.europesays.com\/fr\/164806\/","title":{"rendered":"Jean-Michel Aulas en dit plus sur ses intentions pour la mairie de Lyon"},"content":{"rendered":"<p>C&rsquo;est le quotidien <a href=\"https:\/\/www.lequipe.fr\/Football\/Actualites\/-il-y-a-plus-de-chances-que-j-y-aille-jean-michel-aulas-va-probablement-se-lancer-dans-la-course-a-la-mairie-de-lyon\/1568988\" target=\"_blank\" rel=\"nofollow noopener\">L&rsquo;\u00c9quipe<\/a> qui a sorti l&rsquo;information. Contact\u00e9 pour \u00e9voquer ses relations avec <a href=\"http:\/\/www.ledauphine.com\/p\/noel-le-graet\" target=\"_blank\" rel=\"nofollow noopener\">No\u00ebl Le Gra\u00ebt<\/a>, l&rsquo;ancien pr\u00e9sident de la F\u00e9d\u00e9ration fran\u00e7aise de football, <a href=\"http:\/\/www.ledauphine.com\/p\/jean-michel-aulas\" target=\"_blank\" rel=\"nofollow noopener\">Jean-Michel Aulas<\/a> a confirm\u00e9 qu&rsquo;il serait vraisemblablement candidat <a href=\"https:\/\/www.ledauphine.com\/sport\/2025\/04\/08\/jean-michel-aulas-devant-le-maire-ecologiste-de-lyon-gregory-doucet-dans-un-sondage-pour-2026\" target=\"_blank\" rel=\"nofollow noopener\">aux \u00e9lections municipales \u00e0 Lyon<\/a>.\u00a0<\/p>\n<p>\u00ab\u00a0Il me conna\u00eet\u00a0\u00bb<\/p>\n<p>\u00ab\u00a0Il m&rsquo;a f\u00e9licit\u00e9, mais je ne lui ai pas demand\u00e9 conseil, parce que Guingamp et Lyon, ce n&rsquo;est pas comparable, a expliqu\u00e9 l&rsquo;ancien pr\u00e9sident de l&rsquo;OL lorsque les journalistes de L&rsquo;\u00c9quipe lui ont demand\u00e9 s&rsquo;il avait pris conseil aupr\u00e8s de lui. Je ne me lancerai que si j&rsquo;ai la certitude que \u00e7a ne viendra pas perturber un \u00e9quilibre personnel et familial qui est absolument merveilleux aujourd&rsquo;hui. Le temps o\u00f9 je ne dormais pas la nuit parce qu&rsquo;on avait perdu un match ne me manque pas.\u00a0\u00bb<\/p>\n<p>Des f\u00e9licitations pour une candidature toujours pas officialis\u00e9e \u00e0 ce jour donc. \u00ab\u00a0Exactement\u00a0! Il me conna\u00eet et donc, il sait qu&rsquo;il y a plus de chances que j&rsquo;y aille que de chances que je n&rsquo;y aille pas \u00bb, a-t-il r\u00e9torqu\u00e9.\u00a0<\/p>\n","protected":false},"excerpt":{"rendered":"C&rsquo;est le quotidien L&rsquo;\u00c9quipe qui a sorti l&rsquo;information. Contact\u00e9 pour \u00e9voquer ses relations avec No\u00ebl Le Gra\u00ebt, l&rsquo;ancien&hellip;\n","protected":false},"author":2,"featured_media":164807,"comment_status":"","ping_status":"","sticky":false,"template":"","format":"standard","meta":{"footnotes":""},"categories":[1889],"tags":[1111,11,2430,4188,1777,674,107,1701,63,1011,27,329,2428,12,9442,316,25,2429,517,1947],"class_list":{"0":"post-164806","1":"post","2":"type-post","3":"status-publish","4":"format-standard","5":"has-post-thumbnail","7":"category-lyon","8":"tag-actu","9":"tag-actualites","10":"tag-auvergne-rhone-alpes","11":"tag-elections-municipales","12":"tag-eu","13":"tag-europe","14":"tag-fil-info","15":"tag-fil-info-sport","16":"tag-football","17":"tag-fr","18":"tag-france","19":"tag-france-monde","20":"tag-lyon","21":"tag-news","22":"tag-ol-olympique-lyonnais","23":"tag-politique","24":"tag-republique-francaise","25":"tag-rhone","26":"tag-sport","27":"tag-sport-national"},"share_on_mastodon":{"url":"https:\/\/pubeurope.com\/@fr\/114657145928164905","error":""},"_links":{"self":[{"href":"https:\/\/www.europesays.com\/fr\/wp-json\/wp\/v2\/posts\/164806","targetHints":{"allow":["GET"]}}],"collection":[{"href":"https:\/\/www.europesays.com\/fr\/wp-json\/wp\/v2\/posts"}],"about":[{"href":"https:\/\/www.europesays.com\/fr\/wp-json\/wp\/v2\/types\/post"}],"author":[{"embeddable":true,"href":"https:\/\/www.europesays.com\/fr\/wp-json\/wp\/v2\/users\/2"}],"replies":[{"embeddable":true,"href":"https:\/\/www.europesays.com\/fr\/wp-json\/wp\/v2\/comments?post=164806"}],"version-history":[{"count":0,"href":"https:\/\/www.europesays.com\/fr\/wp-json\/wp\/v2\/posts\/164806\/revisions"}],"wp:featuredmedia":[{"embeddable":true,"href":"https:\/\/www.europesays.com\/fr\/wp-json\/wp\/v2\/media\/164807"}],"wp:attachment":[{"href":"https:\/\/www.europesays.com\/fr\/wp-json\/wp\/v2\/media?parent=164806"}],"wp:term":[{"taxonomy":"category","embeddable":true,"href":"https:\/\/www.europesays.com\/fr\/wp-json\/wp\/v2\/categories?post=164806"},{"taxonomy":"post_tag","embeddable":true,"href":"https:\/\/www.europesays.com\/fr\/wp-json\/wp\/v2\/tags?post=164806"}],"curies":[{"name":"wp","href":"https:\/\/api.w.org\/{rel}","templated":true}]}}