{"id":164826,"date":"2025-06-10T04:31:13","date_gmt":"2025-06-10T04:31:13","guid":{"rendered":"https:\/\/www.europesays.com\/fr\/164826\/"},"modified":"2025-06-10T04:31:13","modified_gmt":"2025-06-10T04:31:13","slug":"ait-nouri-na-pas-eu-besoin-detre-valide-par-mahrez","status":"publish","type":"post","link":"https:\/\/www.europesays.com\/fr\/164826\/","title":{"rendered":"A\u00eft-Nouri n&rsquo;a pas eu besoin d&rsquo;\u00eatre valid\u00e9 par Mahrez"},"content":{"rendered":"<p style=\"text-align: justify\"><strong>C\u2019est d\u00e9sormais officiel. Rayan A\u00eft-Nouri a \u00e9t\u00e9 annonc\u00e9 comme nouvelle recrue de Manchester City. L\u2019Alg\u00e9rien a sign\u00e9 un contrat de cinq ans. Il d\u00e9barque chez les Mancuniens deux ans apr\u00e8s le d\u00e9part de son compatriote Riyad Mahrez qui a jou\u00e9 chez les Skyblues pendant cinq saisons en laissant un sacr\u00e9 h\u00e9ritage (78 buts et 56 passes d\u00e9cisives en 236 apparitions). Malgr\u00e9 sa relation avec Pep Guardiola, entra\u00eeneur du club anglais, il affirme qu\u2019il n\u2019a pas \u00e9t\u00e9 m\u00eal\u00e9, d\u2019une quelconque mani\u00e8re, \u00e0 l\u2019arriv\u00e9e de son comp\u00e8re chez les Fennecs.<\/strong><\/p>\n<p style=\"text-align: justify\">Le talent d\u2019<strong>A\u00eft-Nouri<\/strong> a lui seul plaide pour lui. Tr\u00e8s en vue en <strong>Premier League<\/strong> cette saison et <strong>d\u00e9cisif (5 buts et 7 passes en 41 matchs)<\/strong> malgr\u00e9 le fait de jouer dans un <strong>Wolverhampton<\/strong> qui a lutt\u00e9 pour le maintien, le <strong>Dz <\/strong>a convaincu <strong>Guardiola<\/strong> de faire de lui l\u2019une de ses recrues pour le mercato estival.<\/p>\n<p style=\"text-align: justify\">Le technicien espagnol et son entourage n\u2019ont pas eu \u00e0 chercher plus de renseignements aupr\u00e8s de <strong>Mahrez\u00a0<\/strong>\u00e0 propos de l\u2019ancien <strong>Wolf<\/strong>. C\u2019est ce que le capitaine de l\u2019<strong>EN<\/strong> a confirm\u00e9 ce lundi en conf\u00e9rence de presse d\u2019avant-match face \u00e0 la <strong>Su\u00e8de<\/strong>. \u00ab Je suis tr\u00e8s content pour Rayan. Il a sign\u00e9 dans le meilleur club du monde. Par contre, non, je n\u2019ai pas eu de contact avec Guardiola ou quelqu\u2019un d\u2019autre \u00e0 propos de ce transfert \u00bb,\u00a0a assur\u00e9 le <strong>passeur historique (35 offrandes)<\/strong> d\u2019<strong>El-Khadra.<\/strong><\/p>\n<p>A\u00eft-Nouri suivra les conseils de Mahrez<\/p>\n<p style=\"text-align: justify\">En revanche, si le natif de <strong>Sarcelles<\/strong> n\u2019a pas discut\u00e9 d\u2019<strong>A\u00eft-Nouri<\/strong> avec son ancien entourage \u00e0 <strong>City<\/strong>, il a donn\u00e9 des conseils \u00e0 <strong>Rayan<\/strong> en connaissance de l\u2019institution et de la ville dans laquelle il a v\u00e9cu pendant cinq ann\u00e9es qui ont \u00e9t\u00e9 probablement les plus importantes de sa carri\u00e8re. \u00ab Oui, j\u2019ai parl\u00e9 avec Riyad \u2014 je suis avec lui en \u00e9quipe nationale, et c\u2019\u00e9tait pareil avec Matheus [Nunes, un ancien co\u00e9quipier \u00e0 Wolverhampton] \u00bb, a d\u00e9clar\u00e9 <strong>A\u00eft-Nouri<\/strong>.<\/p>\n<p style=\"text-align: justify\">En outre, il a r\u00e9v\u00e9l\u00e9 que \u00ab Riyad m\u2019a parl\u00e9 de la ville, et il m\u2019a dit de tout donner pour ce club \u2014 l\u2019un des plus grands clubs du monde \u2014 je ferai en sorte de suivre son conseil. \u00bb Durant la p\u00e9riode o\u00f9 il a port\u00e9 la tunique bleu-ciel, <strong>Mahrez<\/strong> a pu d\u00e9crocher <strong>11 titres majeurs<\/strong> dont la prestigieuse <strong>Ligue des Champions UEFA en 2023<\/strong>. En signant \u00e0 <strong>City<\/strong>, <strong>A\u00eft-Nouri<\/strong> franchit un nouveau cap. Jouer les premiers r\u00f4les sera un v\u00e9ritable nouveau challenge pour lui.<\/p>\n<blockquote class=\"wp-embedded-content\" data-secret=\"pYT2Hfa9zt\">\n<p><a href=\"https:\/\/lagazettedufennec.com\/ait-nouri-hate-de-travailler-avec-pep-guardiola\/\" rel=\"nofollow noopener\" target=\"_blank\">Ait Nouri : \u00ab H\u00e2te de travailler avec Pep Guardiola ! \u00bb<\/a><\/p>\n<\/blockquote>\n","protected":false},"excerpt":{"rendered":"C\u2019est d\u00e9sormais officiel. Rayan A\u00eft-Nouri a \u00e9t\u00e9 annonc\u00e9 comme nouvelle recrue de Manchester City. L\u2019Alg\u00e9rien a sign\u00e9 un&hellip;\n","protected":false},"author":2,"featured_media":164827,"comment_status":"","ping_status":"","sticky":false,"template":"","format":"standard","meta":{"footnotes":""},"categories":[1586],"tags":[11,29800,1777,674,1779,1011,27,29801,16663,12,28392,29802,25,29803,29804,29805,1778,364,29806],"class_list":{"0":"post-164826","1":"post","2":"type-post","3":"status-publish","4":"format-standard","5":"has-post-thumbnail","7":"category-europe","8":"tag-actualites","9":"tag-citizens","10":"tag-eu","11":"tag-europe","12":"tag-european-union","13":"tag-fr","14":"tag-france","15":"tag-ligue-des-champions-uefa","16":"tag-manchester-city","17":"tag-news","18":"tag-pep-guardiola","19":"tag-rayan-ait-nouri","20":"tag-republique-francaise","21":"tag-riyad-mahrez","22":"tag-skyblues","23":"tag-suu00e8de-algu00e9rie","24":"tag-ue","25":"tag-union-europeenne","26":"tag-wolverhampton"},"share_on_mastodon":{"url":"https:\/\/pubeurope.com\/@fr\/114657197034413911","error":""},"_links":{"self":[{"href":"https:\/\/www.europesays.com\/fr\/wp-json\/wp\/v2\/posts\/164826","targetHints":{"allow":["GET"]}}],"collection":[{"href":"https:\/\/www.europesays.com\/fr\/wp-json\/wp\/v2\/posts"}],"about":[{"href":"https:\/\/www.europesays.com\/fr\/wp-json\/wp\/v2\/types\/post"}],"author":[{"embeddable":true,"href":"https:\/\/www.europesays.com\/fr\/wp-json\/wp\/v2\/users\/2"}],"replies":[{"embeddable":true,"href":"https:\/\/www.europesays.com\/fr\/wp-json\/wp\/v2\/comments?post=164826"}],"version-history":[{"count":0,"href":"https:\/\/www.europesays.com\/fr\/wp-json\/wp\/v2\/posts\/164826\/revisions"}],"wp:featuredmedia":[{"embeddable":true,"href":"https:\/\/www.europesays.com\/fr\/wp-json\/wp\/v2\/media\/164827"}],"wp:attachment":[{"href":"https:\/\/www.europesays.com\/fr\/wp-json\/wp\/v2\/media?parent=164826"}],"wp:term":[{"taxonomy":"category","embeddable":true,"href":"https:\/\/www.europesays.com\/fr\/wp-json\/wp\/v2\/categories?post=164826"},{"taxonomy":"post_tag","embeddable":true,"href":"https:\/\/www.europesays.com\/fr\/wp-json\/wp\/v2\/tags?post=164826"}],"curies":[{"name":"wp","href":"https:\/\/api.w.org\/{rel}","templated":true}]}}