{"id":164828,"date":"2025-06-10T04:32:10","date_gmt":"2025-06-10T04:32:10","guid":{"rendered":"https:\/\/www.europesays.com\/fr\/164828\/"},"modified":"2025-06-10T04:32:10","modified_gmt":"2025-06-10T04:32:10","slug":"emmanuel-macron-souhaite-quil-ny-ait-pas-dautre-dissolution-sans-lexclure-totalement","status":"publish","type":"post","link":"https:\/\/www.europesays.com\/fr\/164828\/","title":{"rendered":"Emmanuel Macron souhaite \u00ab\u00a0qu\u2019il n\u2019y ait pas d\u2019autre dissolution\u00a0\u00bb, sans l\u2019exclure totalement"},"content":{"rendered":"<p>        <img decoding=\"async\" loading=\"lazy\" src=\"https:\/\/www.europesays.com\/fr\/wp-content\/uploads\/2025\/06\/174ec4e_sirius-fs-upload-1-chybvn1xfh27-1749497566754-000-49pn69b.jpg\"  width=\"728\" height=\"409\" alt=\"Le pr\u00e9sident fran\u00e7ais Emmanuel Macron, ici \u00e0 Nice le 9\u00a0juin 2025 pour la Conf\u00e9rence des Nations Unies sur les oc\u00e9ans, a appel\u00e9 les \u00ab\u00a0formations politiques\u00a0\u00bb et le \u00ab\u00a0gouvernement\u00a0\u00bb \u00e0 \u00ab\u00a0faire avancer le pays\u00a0\u00bb.\"\/>  <\/p>\n<p>LAURENT CIPRIANI \/ AFP<\/p>\n<p>Le pr\u00e9sident fran\u00e7ais Emmanuel Macron, ici \u00e0 Nice le 9\u00a0juin 2025 pour la Conf\u00e9rence des Nations Unies sur les oc\u00e9ans, a appel\u00e9 les \u00ab\u00a0formations politiques\u00a0\u00bb et le \u00ab\u00a0gouvernement\u00a0\u00bb \u00e0 \u00ab\u00a0faire avancer le pays\u00a0\u00bb.<\/p>\n<p class=\"asset asset-text\">POLITIQUE &#8211; Un an jour pour jour apr\u00e8s sa d\u00e9cision qui a boulevers\u00e9 la vie politique fran\u00e7aise, <a href=\"https:\/\/www.huffingtonpost.fr\/politique\/video\/a-nice-lors-de-la-conference-sur-les-oceans-emmanuel-macron-repond-a-donald-trump-sur-le-groenland_251111.html\" target=\"_blank\" rel=\"noopener\">Emmanuel Macron<\/a> entretient une part de flou. Le pr\u00e9sident de la R\u00e9publique\u00a0a affirm\u00e9 ce lundi 9\u00a0juin que son \u00ab\u00a0souhait\u00a0\u00bb \u00e9tait \u00ab\u00a0qu\u2019il n\u2019y ait pas d\u2019autre <a href=\"https:\/\/www.huffingtonpost.fr\/politique\/article\/emmanuel-macron-dissout-l-assemblee-nationale_235225.html\" target=\"_blank\" rel=\"noopener\">dissolution\u00a0<\/a>\u00bb de l\u2019Assembl\u00e9e nationale, mais sans l\u2019exclure compl\u00e8tement en cas de \u00ab\u00a0blocage du pays\u00a0\u00bb.<\/p>\n<p class=\"asset asset-text\">S\u2019il a \u00ab\u00a0assum\u00e9\u00a0\u00bb sa d\u00e9cision du 9\u00a0juin\u00a02024, le chef de l\u2019\u00c9tat a reconnu \u00e0 nouveau qu\u2019elle n\u2019avait pas \u00e9t\u00e9 \u00ab\u00a0comprise\u00a0\u00bb par les Fran\u00e7ais et qu\u2019elle n\u2019avait pas \u00ab\u00a0permis de clarifier les choses\u00a0\u00bb.\u00a0Mais il a balay\u00e9 les \u00ab\u00a0reproches\u00a0\u00bb d\u2019\u00ab\u00a0immobilisme\u00a0\u00bb\u00a0: \u00ab\u00a0c\u2019est aux formations politiques\u00a0\u00bb et au \u00ab\u00a0gouvernement\u00a0\u00bb de \u00ab\u00a0faire avancer le pays\u00a0\u00bb, a-t-il d\u00e9clar\u00e9 lors d\u2019une conf\u00e9rence de presse depuis Nice, o\u00f9 se tient la Conf\u00e9rence de l\u2019ONU sur les oc\u00e9ans.<\/p>\n<p class=\"asset asset-text\">\u00ab\u00a0Ce serait un peu facile de reprocher au pr\u00e9sident de la R\u00e9publique le vote des Fran\u00e7ais et l\u2019immobilisme des formations politiques, dont certaines ont expliqu\u00e9 que le pr\u00e9sident avait trop de pouvoir\u00a0\u00bb, a-t-il lanc\u00e9.<\/p>\n<p class=\"asset asset-text\">\u00ab\u00a0Dans toutes les d\u00e9mocraties autour de nous, les formations politiques qui n\u2019ont pas de majorit\u00e9 apprennent \u00e0 travailler ensemble pour b\u00e2tir de l\u2019action. C\u2019est \u00e7a, ce qu\u2019on doit faire\u00a0\u00bb, a-t-il ajout\u00e9. \u00ab\u00a0Et moi, je vous rassure, je continue d\u2019agir dans mes pr\u00e9rogatives et l\u00e0 o\u00f9 je suis, et vous le voyez aujourd\u2019hui, je ne l\u00e2che aucun combat et je n\u2019en l\u00e2cherai aucun\u00a0\u00bb, a insist\u00e9 Emmanuel\u00a0Macron\u00a0en r\u00e9f\u00e9rence \u00e0 son action pour les oc\u00e9ans au niveau international.<\/p>\n<p>                     De nouveaux piques au gouvernement et au Parlement    <\/p>\n<p class=\"asset asset-text\">Manifestant une fois de plus, comme \u00e0 plusieurs reprises ces derniers jours, un certain agacement face aux d\u00e9cisions prises par le gouvernement et\/ou le Parlement, Emmanuel Macron a \u00e9galement estim\u00e9 que \u00ab\u00a0la solution pour le pays\u00a0\u00bb n\u2019\u00e9tait \u00ab\u00a0en tout cas pas de d\u00e9tricoter les choses, ni de d\u00e9tricoter l\u2019\u00e9cologie, ni de d\u00e9tricoter l\u2019\u00e9conomie\u00a0\u00bb. Il en a profit\u00e9 pour vanter son bilan \u00e0 la t\u00eate du pays depuis huit ans.<\/p>\n<p class=\"asset asset-text\">Pri\u00e9 de dire s\u2019il excluait une nouvelle dissolution d\u2019ici la fin de son second mandat en 2027, il a r\u00e9pondu\u00a0: \u00ab\u00a0mon souhait c\u2019est qu\u2019il n\u2019y ait pas d\u2019autre dissolution\u00a0\u00bb. \u00ab\u00a0Mais mon habitude n\u2019est pas de me priver d\u2019un pouvoir constitutionnel, parce que si des formations politiques d\u00e9cidaient d\u2019avoir une approche totalement irresponsable et bloquer le pays, peut-\u00eatre me retrouverais-je dans une situation o\u00f9 je dois utiliser la Constitution\u00a0\u00bb, a-t-il toutefois ajout\u00e9.<\/p>\n<p class=\"asset asset-text\">\u00ab\u00a0Mon souhait, c\u2019est que ce Parlement qui correspond d\u2019ailleurs \u00e0 l\u2019\u00e9tat du pays et de ses sensibilit\u00e9s trouve le chemin d\u2019une action utile pour le pays aux c\u00f4t\u00e9s du gouvernement\u00a0\u00bb, a encore dit le pr\u00e9sident, dans ce qui semble davantage relever du v\u0153u pieux que de la perspective concr\u00e8te pour le moment.<\/p>\n","protected":false},"excerpt":{"rendered":"LAURENT CIPRIANI \/ AFP Le pr\u00e9sident fran\u00e7ais Emmanuel Macron, ici \u00e0 Nice le 9\u00a0juin 2025 pour la Conf\u00e9rence&hellip;\n","protected":false},"author":2,"featured_media":164829,"comment_status":"","ping_status":"","sticky":false,"template":"","format":"standard","meta":{"footnotes":""},"categories":[2],"tags":[11,416,25020,1073,1011,27,12,316,10253,25],"class_list":{"0":"post-164828","1":"post","2":"type-post","3":"status-publish","4":"format-standard","5":"has-post-thumbnail","7":"category-actualites","8":"tag-actualites","9":"tag-assemblee-nationale","10":"tag-dissolution","11":"tag-emmanuel-macron","12":"tag-fr","13":"tag-france","14":"tag-news","15":"tag-politique","16":"tag-president-de-la-republique","17":"tag-republique-francaise"},"share_on_mastodon":{"url":"https:\/\/pubeurope.com\/@fr\/114657201199849816","error":""},"_links":{"self":[{"href":"https:\/\/www.europesays.com\/fr\/wp-json\/wp\/v2\/posts\/164828","targetHints":{"allow":["GET"]}}],"collection":[{"href":"https:\/\/www.europesays.com\/fr\/wp-json\/wp\/v2\/posts"}],"about":[{"href":"https:\/\/www.europesays.com\/fr\/wp-json\/wp\/v2\/types\/post"}],"author":[{"embeddable":true,"href":"https:\/\/www.europesays.com\/fr\/wp-json\/wp\/v2\/users\/2"}],"replies":[{"embeddable":true,"href":"https:\/\/www.europesays.com\/fr\/wp-json\/wp\/v2\/comments?post=164828"}],"version-history":[{"count":0,"href":"https:\/\/www.europesays.com\/fr\/wp-json\/wp\/v2\/posts\/164828\/revisions"}],"wp:featuredmedia":[{"embeddable":true,"href":"https:\/\/www.europesays.com\/fr\/wp-json\/wp\/v2\/media\/164829"}],"wp:attachment":[{"href":"https:\/\/www.europesays.com\/fr\/wp-json\/wp\/v2\/media?parent=164828"}],"wp:term":[{"taxonomy":"category","embeddable":true,"href":"https:\/\/www.europesays.com\/fr\/wp-json\/wp\/v2\/categories?post=164828"},{"taxonomy":"post_tag","embeddable":true,"href":"https:\/\/www.europesays.com\/fr\/wp-json\/wp\/v2\/tags?post=164828"}],"curies":[{"name":"wp","href":"https:\/\/api.w.org\/{rel}","templated":true}]}}