{"id":164830,"date":"2025-06-10T04:33:11","date_gmt":"2025-06-10T04:33:11","guid":{"rendered":"https:\/\/www.europesays.com\/fr\/164830\/"},"modified":"2025-06-10T04:33:11","modified_gmt":"2025-06-10T04:33:11","slug":"ce-serait-super-trump-evoque-larrestation-du-gouverneur-de-californie-apres-les-manifs-de-los-angeles","status":"publish","type":"post","link":"https:\/\/www.europesays.com\/fr\/164830\/","title":{"rendered":"\u00ab\u00a0Ce serait super\u00a0\u00bb, Trump \u00e9voque l\u2019arrestation du gouverneur de Californie apr\u00e8s les manifs de Los Angeles"},"content":{"rendered":"<p>Alors que <a href=\"https:\/\/www.20minutes.fr\/monde\/etats-unis\/4157607-20250609-etats-unis-manifestations-garde-nationale-point-affrontements-los-angeles\" class=\"color-ultramarine c-link\" target=\"_blank\" rel=\"noopener\">des affrontements ont secou\u00e9 la ville Californienne de Los Angeles au cours des trois derniers jours<\/a>, c\u2019est depuis son r\u00e9seau social \u00ab\u00a0Truth Social\u00a0\u00bb que le pr\u00e9sident <a href=\"https:\/\/www.20minutes.fr\/dossier\/donald_trump\" class=\"color-ultramarine c-link\" target=\"_blank\" rel=\"noopener\">Donald Trump<\/a> a jet\u00e9 de l\u2019huile sur le feu. \u00ab\u00a0S\u2019ils crachent, nous frapperons. Et je vous promets que nous frapperons comme jamais auparavant.\u00a0\u00bb a-t-il \u00e9crit ce lundi, qualifiant les manifestant d&rsquo;\u00ab\u00a0insurg\u00e9s\u00a0\u00bb. Le pr\u00e9sident r\u00e9publicain n\u2019a cependant pas pr\u00e9cis\u00e9 s\u2019il d\u00e9clarerait un \u00e9tat \u00ab\u00a0d\u2019insurrection\u00a0\u00bb, ce qui lui conf\u00e9rerait des pouvoirs extr\u00eamement \u00e9tendus.<\/p>\n<p>Des manifestations ont \u00e9clat\u00e9 ce week-end dans la \u00ab\u00a0cit\u00e9 des Anges\u00a0\u00bb en r\u00e9action aux nombreuses arrestations de migrants men\u00e9es par la police f\u00e9d\u00e9rale dans la ville.<\/p>\n<\/p>\n<p>Un d\u00e9ploiement militaire contest\u00e9<\/p>\n<p>Alors que de nombreuses voitures ont \u00e9t\u00e9 incendi\u00e9es et que les forces de l\u2019ordre ont proc\u00e9d\u00e9 \u00e0 quelque 56 arrestations, <a href=\"https:\/\/www.20minutes.fr\/dossier\/donald_trump\" class=\"color-ultramarine c-link\" target=\"_blank\" rel=\"noopener\">Donald Trump<\/a> a ordonn\u00e9 l\u2019envoi de la Garde nationale, sans l\u2019aval du gouverneur de Californie, Gavin Newsom. Une d\u00e9cision in\u00e9dite depuis\u00a01965. Le procureur g\u00e9n\u00e9ral de Californie, Rob Bonta, a annonc\u00e9 poursuivre le pr\u00e9sident devant la justice pour \u00ab\u00a0exc\u00e8s de pouvoir\u00a0\u00bb et violation de la <a href=\"https:\/\/www.20minutes.fr\/dossier\/constitution\" class=\"color-ultramarine c-link\" target=\"_blank\" rel=\"noopener\">Constitution<\/a> estimant que son choix de mobiliser les gardes nationaux, c\u2019est-\u00e0-dire des militaires, sans l\u2019aval du gouverneur \u00e9tait ill\u00e9gal. Gavin Newsom d\u00e9nonce, lui, une man\u0153uvre visant \u00e0 \u00ab\u00a0provoquer le chaos intentionnellement\u00a0\u00bb.<\/p>\n<p>Si pour l\u2019essentiel Los Angeles entamait la semaine tout \u00e0 fait normalement, le centre-ville \u00e9tait encore lundi matin interdit aux rassemblements. Malgr\u00e9 les tensions, la maire d\u00e9mocrate Karen Bass a relativis\u00e9 l\u2019ampleur des heurts, \u00e9voquant \u00ab\u00a0quelques rues\u00a0\u00bb affect\u00e9es seulement. L\u2019<a href=\"https:\/\/www.20minutes.fr\/monde\/onu\/\" class=\"color-ultramarine c-link\" target=\"_blank\" rel=\"noopener\">Onu<\/a>, de son c\u00f4t\u00e9, a exprim\u00e9 son inqui\u00e9tude face \u00e0 la militarisation croissante de la situation.<\/p>\n<blockquote class=\"twitter-tweet\" align=\"center\" data-lang=\"fr_FR\">\n<p lang=\"en\" dir=\"ltr\">The President of the United States just called for the arrest of a sitting Governor.<\/p>\n<p>This is a day I hoped I would never see in America.<\/p>\n<p>I don\u2019t care if you\u2019re a Democrat or a Republican this is a line we cannot cross as a nation \u2014 this is an unmistakable step toward\u2026 <a href=\"https:\/\/t.co\/tsTX1nrHAu\">pic.twitter.com\/tsTX1nrHAu<\/a><\/p>\n<p>\u2014 Gavin Newsom (@GavinNewsom) <a href=\"https:\/\/twitter.com\/GavinNewsom\/status\/1932121823925403834?ref_src=twsrc%5Etfw\" target=\"_blank\" rel=\"noopener\">June 9, 2025<\/a><\/p><\/blockquote>\n<p class=\"mb-m@xs text-l@xs\">En cliquant sur\u00ab J\u2019accepte \u00bb, vous acceptez le d\u00e9p\u00f4t de cookies par des services externes et aurez ainsi acc\u00e8s aux contenus de nos partenaires.<\/p>\n<p class=\"mb-xl@xs text-s@xs\">Plus d\u2019informations sur la page<a href=\"https:\/\/www.20minutes.fr\/gestion-cookies\" class=\"mx-xxs@xs color-ultramarine\" target=\"_blank\" rel=\"noopener\">Politique de gestion des cookies<\/a><\/p>\n<p>J\u2019accepteUne passe d\u2019armes in\u00e9dite avec le Gouverneur<\/p>\n<p>Les \u00e9changes entre Trump et le gouverneur d\u00e9mocrate ont franchi un nouveau cap. Alors que Gavin Newsom avait ironis\u00e9 dimanche sur MSNBC en lan\u00e7ant \u00e0 Tom Homan, le \u00ab\u00a0tsar des fronti\u00e8res\u00a0\u00bb de l\u2019administration Trump\u00a0: \u00ab\u00a0Allez-y, arr\u00eatez-moi\u00a0\u00bb, le pr\u00e9sident am\u00e9ricain a encha\u00een\u00e9 lundi en affirmant que \u00ab\u00a0ce serait super\u00a0\u00bb d\u2019en effet arr\u00eater le gouverneur californien. \u00ab\u00a0Je le ferais si j\u2019\u00e9tais Tom\u00a0\u00bb, a-t-il ajout\u00e9 devant les journalistes, avant de d\u00e9noncer la gestion \u00ab\u00a0horrible\u00a0\u00bb de Gavin Newsom.<\/p>\n<p>Des <a href=\"https:\/\/x.com\/GavinNewsom\/status\/1932121823925403834\" target=\"_blank\" class=\"color-ultramarine c-link\">propos qui ont imm\u00e9diatement fait r\u00e9agir Gavin Newsom<\/a>\u00a0: \u00ab\u00a0Le pr\u00e9sident des \u00c9tats-Unis vient d\u2019appeler \u00e0 l\u2019arrestation d\u2019un gouverneur en exercice. [\u2026] C\u2019est une ligne que nous ne pouvons pas franchir en tant que nation &#8211; c\u2019est un pas incontestable vers l\u2019autoritarisme\u00a0\u00bb, a-t-il fustig\u00e9 sur X (ex-Twitter).<\/p>\n<p>Impossible \u00e0 ce stade de savoir s\u2019il s\u2019agit d\u2019une provocation ou d\u2019une r\u00e9elle menace, mais cette escalade verbale illustre le climat tendu entre <a href=\"https:\/\/www.20minutes.fr\/dossier\/washington\" class=\"color-ultramarine c-link\" target=\"_blank\" rel=\"noopener\">Washington<\/a> et la <a href=\"https:\/\/www.20minutes.fr\/dossier\/californie\" class=\"color-ultramarine c-link\" target=\"_blank\" rel=\"noopener\">Californie<\/a>, alors que Trump multiplie les attaques contre ce bastion d\u00e9mocrate. Gavin Newsom est vu comme un espoir du Parti d\u00e9mocrate pour la pr\u00e9sidentielle de\u00a02028.<\/p>\n<p><a href=\"https:\/\/www.20minutes.fr\/monde\/etats-unis\/\" class=\"c-link c-btn c-btn--primary\" target=\"_blank\" rel=\"noopener\">Les derni\u00e8res actualit\u00e9s aux \u00c9tats-Unis<\/a>Une politique migratoire contest\u00e9e<\/p>\n<p>Environ 300 membres de la Garde nationale sont d\u00e9j\u00e0 d\u00e9ploy\u00e9s. Leur mission officielle n\u2019est pas le maintien de l\u2019ordre mais la protection des agents f\u00e9d\u00e9raux menant les arrestations. Le pr\u00e9sident, lui, affirme que sans cette intervention, Los Angeles aurait \u00e9t\u00e9 \u00ab\u00a0ray\u00e9e de la carte\u00a0\u00bb en raison de \u00ab\u00a0l\u2019incomp\u00e9tence\u00a0\u00bb des autorit\u00e9s locales.<\/p>\n<p>Selon les autorit\u00e9s am\u00e9ricaines, ces op\u00e9rations men\u00e9es par ICE (Immigration and Custom Enforcement, la <a href=\"https:\/\/www.20minutes.fr\/dossier\/police\" class=\"color-ultramarine c-link\" target=\"_blank\" rel=\"noopener\">police<\/a> des fronti\u00e8res) auraient d\u00e9j\u00e0 donn\u00e9 lieu \u00e0 l\u2019arrestation d\u2019une quarantaine de ressortissants mexicains. \u00c0 <a href=\"https:\/\/www.20minutes.fr\/dossier\/san_francisco\" class=\"color-ultramarine c-link\" target=\"_blank\" rel=\"noopener\">San Francisco<\/a>, une autre manifestation a d\u00e9g\u00e9n\u00e9r\u00e9, menant \u00e0 l\u2019interpellation d\u2019une soixantaine de personnes.<\/p>\n<p><script async src=\"https:\/\/platform.twitter.com\/widgets.js\" charset=\"utf-8\"><\/script><\/p>\n","protected":false},"excerpt":{"rendered":"Alors que des affrontements ont secou\u00e9 la ville Californienne de Los Angeles au cours des trois derniers jours,&hellip;\n","protected":false},"author":2,"featured_media":164831,"comment_status":"","ping_status":"","sticky":false,"template":"","format":"standard","meta":{"footnotes":""},"categories":[2],"tags":[47,11,2139,75,73,1011,27,6116,74,12,25,29807],"class_list":{"0":"post-164830","1":"post","2":"type-post","3":"status-publish","4":"format-standard","5":"has-post-thumbnail","7":"category-actualites","8":"tag-actualite","9":"tag-actualites","10":"tag-californie","11":"tag-donald-trump","12":"tag-etats-unis","13":"tag-fr","14":"tag-france","15":"tag-los-angeles","16":"tag-monde","17":"tag-news","18":"tag-republique-francaise","19":"tag-san-francisco"},"share_on_mastodon":{"url":"https:\/\/pubeurope.com\/@fr\/114657204890180705","error":""},"_links":{"self":[{"href":"https:\/\/www.europesays.com\/fr\/wp-json\/wp\/v2\/posts\/164830","targetHints":{"allow":["GET"]}}],"collection":[{"href":"https:\/\/www.europesays.com\/fr\/wp-json\/wp\/v2\/posts"}],"about":[{"href":"https:\/\/www.europesays.com\/fr\/wp-json\/wp\/v2\/types\/post"}],"author":[{"embeddable":true,"href":"https:\/\/www.europesays.com\/fr\/wp-json\/wp\/v2\/users\/2"}],"replies":[{"embeddable":true,"href":"https:\/\/www.europesays.com\/fr\/wp-json\/wp\/v2\/comments?post=164830"}],"version-history":[{"count":0,"href":"https:\/\/www.europesays.com\/fr\/wp-json\/wp\/v2\/posts\/164830\/revisions"}],"wp:featuredmedia":[{"embeddable":true,"href":"https:\/\/www.europesays.com\/fr\/wp-json\/wp\/v2\/media\/164831"}],"wp:attachment":[{"href":"https:\/\/www.europesays.com\/fr\/wp-json\/wp\/v2\/media?parent=164830"}],"wp:term":[{"taxonomy":"category","embeddable":true,"href":"https:\/\/www.europesays.com\/fr\/wp-json\/wp\/v2\/categories?post=164830"},{"taxonomy":"post_tag","embeddable":true,"href":"https:\/\/www.europesays.com\/fr\/wp-json\/wp\/v2\/tags?post=164830"}],"curies":[{"name":"wp","href":"https:\/\/api.w.org\/{rel}","templated":true}]}}