{"id":164848,"date":"2025-06-10T04:45:23","date_gmt":"2025-06-10T04:45:23","guid":{"rendered":"https:\/\/www.europesays.com\/fr\/164848\/"},"modified":"2025-06-10T04:45:23","modified_gmt":"2025-06-10T04:45:23","slug":"des-bittes-geantes-sur-les-quais-de-cette-ville-des-yvelines","status":"publish","type":"post","link":"https:\/\/www.europesays.com\/fr\/164848\/","title":{"rendered":"Des bittes g\u00e9antes sur les quais de cette ville des Yvelines"},"content":{"rendered":"<p>            Par<br \/>\n        <strong><br \/>\n            <a href=\"https:\/\/actu.fr\/auteur\/joseph-canu\" title=\"Consulter tous les articles de Joseph CANU\" rel=\"nofollow noopener\" target=\"_blank\">Joseph CANU<\/a><br \/>\n        <\/strong><\/p>\n<p>        Publi\u00e9 le<\/p>\n<p>            8 juin 2025 \u00e0 8h56        <\/p>\n<p><b>Bollards g\u00e9ants<\/b>, <b>itin\u00e9raire artistique<\/b> d\u00e9di\u00e9 au graveur, peintre et illustrateur <b>Raymond Renefer<\/b>, \u0153uvres de <b>street art<\/b> et pergola de <b>Daniel Buren<\/b>\u2026 <b>Conflans-Sainte-Honorine<\/b> (<b>Yvelines<\/b>) propose un large \u00e9ventail artistique pour attirer les <b>visiteurs <\/b>dans sa commune.<\/p>\n<p>Bittes d\u2019amarrage g\u00e9antes<\/p>\n<p class=\" wall-content\">La <b>capitale de la batellerie<\/b> r\u00e9affirme avant tout sa particularit\u00e9 avec <b>trois bittes d\u2019amarrage<\/b> de <b>plusieurs m\u00e8tres<\/b> de haut, une \u0153uvre de <b>Didier Marcel<\/b> intitul\u00e9e <b>La Seine aux trois figures<\/b>, install\u00e9e sur le quai bas de la <b>place Fouilli\u00e8re<\/b>. Elle a \u00e9t\u00e9 inaugur\u00e9e le 23 mai, en pr\u00e9sence de l\u2019artiste, dans le cadre de l\u2019op\u00e9ration annuelle <b>La Seine contemporaine<\/b>, lanc\u00e9e en 2020. \u00ab J\u2019aime jouer sur les formes, le nom et l\u2019<b>\u00e9chelle<\/b> \u00bb, confie Didier Marcel dans le bulletin municipal de Conflans.<\/p>\n<p>Parcours Renefer<\/p>\n<p class=\" wall-content\">La Ville a \u00e9galement inaugur\u00e9 un parcours de 2,1\u00a0km, le long duquel sont expos\u00e9es des <b>encres<\/b>, <b>aquarelles <\/b>et <b>peinture <\/b>\u00e0 l\u2019huile de Raymond Renefer. \u00ab Une <b>premi\u00e8re <\/b>en \u00cele-de-France \u00bb, se f\u00e9licite la mairie.<\/p>\n<p>    <img   decoding=\"async\" loading=\"lazy\" class=\"size-large\" src=\"https:\/\/www.europesays.com\/fr\/wp-content\/uploads\/2025\/06\/9251535c37386e651535c37383a515v-960x640.jpg\" alt=\"xxxx\" width=\"960\" height=\"640\"\/><br \/>\n    Le \u00ab Parcours Renefer \u00bb propose neuf \u0153uvres r\u00e9alis\u00e9es par le fondateur de l\u2019Acad\u00e9mie d\u2019Art de Conflans r\u00e9parties sur 2,1\u00a0km, \u00e0 l\u2019endroit m\u00eame o\u00f9 il les a peintes. \u00a9Ville de Conflans<\/p>\n<p class=\" wall-content\">Pr\u00e9sident fondateur, en 1948, de l\u2019<b>Acad\u00e9mie d\u2019Art de Conflans<\/b>, et du <b>Salon du Parisis<\/b>, Renefer a largement contribu\u00e9 au d\u00e9veloppement artistique de la r\u00e9gion. Ses \u0153uvres se comptent par milliers dans les mus\u00e9es, les collections publiques et priv\u00e9es. Ce \u00ab <b>Parcours Renefer <\/b>\u00bb est effectivement le premier consacr\u00e9 \u00e0 l\u2019artiste. <b>Neufs <\/b>de ses \u0153uvres ont ainsi \u00e9t\u00e9 dispos\u00e9es \u00e0 l\u2019<b>endroit m\u00eame<\/b> ou il avait pos\u00e9 son chevalet.<\/p>\n<p class=\" wall-content\">Afin de mettre en valeur son <b>h\u00f4tel de ville r\u00e9nov\u00e9 <\/b>(les travaux devraient s\u2019achever lors du premier semestre 2026, Ndlr), la municipalit\u00e9 a \u00e9galement fait appel \u00e0 l\u2019artiste mondialement connu <b>Daniel Buren <\/b>(qui a r\u00e9alis\u00e9 les <b>260 colonnes ray\u00e9e<\/b>s en noir et blanc install\u00e9es dans la cour d\u2019honneur du <b>palais Royal<\/b>, devenues l\u2019un des symboles de <b>Paris<\/b>, Ndlr), une grande pergola transparente et color\u00e9e, sous laquelle les visiteurs passeront pour se rendre \u00e0 l\u2019accueil. <a href=\"https:\/\/actu.fr\/ile-de-france\/conflans-sainte-honorine_78172\/289-455-e-le-cout-de-la-future-installation-artistique-de-cette-ville-des-yvelines-ne-passe-pas_62142137.html\" rel=\"nofollow noopener\" target=\"_blank\">Son <b>co\u00fbt<\/b>, <b>289\u2009455 \u20ac<\/b>, a d\u2019ailleurs suscite la <b>col\u00e8re<\/b> de l\u2019<b>opposition municipale<\/b><\/a>.<\/p>\n<p>Vid\u00e9os : en ce moment sur Actu<\/p>\n<p class=\" wall-content\">Enfin des <b>graffitis <\/b>et <a href=\"https:\/\/actu.fr\/ile-de-france\/conflans-sainte-honorine_78172\/une-nouvelle-fresque-murale-xxl-dans-cette-ville-des-yvelines_61566391.html\" rel=\"nofollow noopener\" target=\"_blank\"><b>fresques g\u00e9ants<\/b><\/a>, dont une \u0153uvre collective dessin\u00e9e par 800\u00a0enfants sous la direction d\u2019<b>Elisabeth Liu<\/b>, sont r\u00e9partis aux quatre coins de la ville.<\/p>\n<p>Plus d\u2019infos sur le site de la Ville : <a href=\"https:\/\/www.conflans-sainte-honorine.fr\/actualites\/conflans-ville-dart\/?fbclid=IwY2xjawKkDhpleHRuA2FlbQIxMABicmlkETFhdjJmRGNwSHdSRVBwamNxAR5sB_HHc2TTK3qqELPFrkT9A6jZqy4WNZR7qUlIC8_TvWIYe2C1JLZ3Nhs6aw_aem_vx7nr1WRc_HHlykL5bt1kw\" rel=\"nofollow noopener\" target=\"_blank\">www.conflans-sainte-honorine.fr\/<\/a><\/p>\n<p class=\" wall-content\">Suivez toute l\u2019actualit\u00e9 de vos villes et m\u00e9dias favoris en vous inscrivant \u00e0 <a href=\"https:\/\/moncompte.actu.fr\" title=\"D\u00e9couvez Mon Actu\" rel=\"nofollow noopener\" data-trk=\"{&quot;cta&quot;:{&quot;action&quot;:&quot;https:\\\/\\\/moncompte.actu.fr&quot;,&quot;category&quot;:&quot;mon compte&quot;,&quot;from&quot;:&quot;article footer&quot;,&quot;name&quot;:&quot;Mon actu&quot;,&quot;type&quot;:&quot;cta&quot;}}\" target=\"_blank\">Mon Actu<\/a>.<\/p>\n","protected":false},"excerpt":{"rendered":"Par Joseph CANU Publi\u00e9 le 8 juin 2025 \u00e0 8h56 Bollards g\u00e9ants, itin\u00e9raire artistique d\u00e9di\u00e9 au graveur, peintre&hellip;\n","protected":false},"author":2,"featured_media":164849,"comment_status":"","ping_status":"","sticky":false,"template":"","format":"standard","meta":{"footnotes":""},"categories":[1358],"tags":[1348,1384,1385,1386,58,59,1011,27,1757],"class_list":{"0":"post-164848","1":"post","2":"type-post","3":"status-publish","4":"format-standard","5":"has-post-thumbnail","7":"category-arts-et-design","8":"tag-arts","9":"tag-arts-and-design","10":"tag-arts-et-design","11":"tag-design","12":"tag-divertissement","13":"tag-entertainment","14":"tag-fr","15":"tag-france","16":"tag-insolite"},"share_on_mastodon":{"url":"https:\/\/pubeurope.com\/@fr\/114657252182014110","error":""},"_links":{"self":[{"href":"https:\/\/www.europesays.com\/fr\/wp-json\/wp\/v2\/posts\/164848","targetHints":{"allow":["GET"]}}],"collection":[{"href":"https:\/\/www.europesays.com\/fr\/wp-json\/wp\/v2\/posts"}],"about":[{"href":"https:\/\/www.europesays.com\/fr\/wp-json\/wp\/v2\/types\/post"}],"author":[{"embeddable":true,"href":"https:\/\/www.europesays.com\/fr\/wp-json\/wp\/v2\/users\/2"}],"replies":[{"embeddable":true,"href":"https:\/\/www.europesays.com\/fr\/wp-json\/wp\/v2\/comments?post=164848"}],"version-history":[{"count":0,"href":"https:\/\/www.europesays.com\/fr\/wp-json\/wp\/v2\/posts\/164848\/revisions"}],"wp:featuredmedia":[{"embeddable":true,"href":"https:\/\/www.europesays.com\/fr\/wp-json\/wp\/v2\/media\/164849"}],"wp:attachment":[{"href":"https:\/\/www.europesays.com\/fr\/wp-json\/wp\/v2\/media?parent=164848"}],"wp:term":[{"taxonomy":"category","embeddable":true,"href":"https:\/\/www.europesays.com\/fr\/wp-json\/wp\/v2\/categories?post=164848"},{"taxonomy":"post_tag","embeddable":true,"href":"https:\/\/www.europesays.com\/fr\/wp-json\/wp\/v2\/tags?post=164848"}],"curies":[{"name":"wp","href":"https:\/\/api.w.org\/{rel}","templated":true}]}}