{"id":164868,"date":"2025-06-10T04:55:09","date_gmt":"2025-06-10T04:55:09","guid":{"rendered":"https:\/\/www.europesays.com\/fr\/164868\/"},"modified":"2025-06-10T04:55:09","modified_gmt":"2025-06-10T04:55:09","slug":"giorgia-meloni-de-paria-postfasciste-a-modele-des-droites-francaises","status":"publish","type":"post","link":"https:\/\/www.europesays.com\/fr\/164868\/","title":{"rendered":"Giorgia Meloni, de paria \u00abpostfasciste\u00bb \u00e0 mod\u00e8le des droites fran\u00e7aises"},"content":{"rendered":"<p><strong>ANALYSE<\/strong> &#8211; De Bruno Retailleau \u00e0 \u00c9douard Philippe en passant par Jordan Bardella, nombre de personnalit\u00e9s en vue pour 2027 revendiquent de s\u2019inspirer de la premi\u00e8re ministre italienne.<\/p>\n<p class=\"fig-paragraph\">Emmanuel Macron s\u2019est rendu \u00e0 Rome\u00a0<a href=\"http:\/\/www.lefigaro.fr\/international\/a-rome-emmanuel-macron-et-giorgia-meloni-tentent-de-prendre-un-nouveau-depart-20250603\" target=\"_blank\" data-fig-type=\"Article\" rel=\"noopener\" data-gtm-custom-categorie=\"navigation\" data-gtm-custom-action=\"crossclick\" data-gtm-custom-label=\"Contextuel\" data-gtm-event=\"customEventSPE\" data-fig-domain=\"LEFIGARO\">pour rencontrer Giorgia Meloni<\/a>, mardi 3\u00a0juin. Au menu du d\u00eener servi au Palais Chigi, le si\u00e8ge de la pr\u00e9sidence du Conseil italien\u00a0: une indigeste accumulation de diff\u00e9rends. Que ce soit sur\u00a0<a href=\"http:\/\/www.lefigaro.fr\/flash-actu\/un-programme-de-16-7-millions-d-euros-lance-pour-soutenir-l-adhesion-de-l-ukraine-a-l-ue-20250402\" target=\"_blank\" data-fig-type=\"NewsFlash\" rel=\"noopener\" data-gtm-custom-categorie=\"navigation\" data-gtm-custom-action=\"crossclick\" data-gtm-custom-label=\"Contextuel\" data-gtm-event=\"customEventSPE\" data-fig-domain=\"LEFIGARO\">l\u2019ampleur de l\u2019aide \u00e0 l\u2019Ukraine<\/a>, la relation avec Donald Trump, l\u2019accord commercial avec les pays du Mercosur ou encore la mani\u00e8re de ma\u00eetriser les flux migratoires, le pr\u00e9sident fran\u00e7ais et la premi\u00e8re ministre italienne n\u2019ont jamais manqu\u00e9 d\u2019\u00e9taler leurs divergences ces derni\u00e8res ann\u00e9es.<\/p>\n<p class=\"fig-paragraph\">Leur premi\u00e8re rencontre avait donn\u00e9 le ton\u00a0: peu apr\u00e8s\u00a0<a href=\"https:\/\/www.lefigaro.fr\/vox\/monde\/giorgina-meloni-par-elle-meme-les-extraits-de-sa-biographie-20221209\" target=\"_blank\" data-fig-type=\"Article\" rel=\"noopener\" data-gtm-custom-categorie=\"navigation\" data-gtm-custom-action=\"crossclick\" data-gtm-custom-label=\"Contextuel\" data-gtm-event=\"customEventSPE\" data-fig-domain=\"LEFIGARO\">l\u2019arriv\u00e9e au pouvoir de Giorgia Meloni<\/a>, en 2022, Emmanuel Macron s\u2019\u00e9tait entretenu avec elle en catimini, dans la suite d\u2019un h\u00f4tel sur les hauteurs de Rome, en marge d\u2019une visite au Vatican. \u00c0 l\u2019\u00e9poque, les dirigeants proeurop\u00e9ens et une bonne partie de la presse se bouchaient le nez face \u00e0\u00a0<a href=\"https:\/\/www.lefigaro.fr\/langue-francaise\/actu-des-mots\/giorgia-meloni-qu-est-ce-que-le-post-fascisme-20220926\" target=\"_blank\" data-fig-type=\"Article\" rel=\"noopener\" data-gtm-custom-categorie=\"navigation\" data-gtm-custom-action=\"crossclick\" data-gtm-custom-label=\"Contextuel\" data-gtm-event=\"customEventSPE\" data-fig-domain=\"LEFIGARO\">cette nouvelle venue abondamment d\u00e9crite comme \u00ab postfasciste\u00a0\u00bb<\/a>, son parti Fratelli d\u2019Italia trouvant ses racines dans une\u2026<\/p>\n<p class=\"fig-premium-paywall__infos\">\n        Cet article est r\u00e9serv\u00e9 aux abonn\u00e9s.        Il vous reste 82% \u00e0 d\u00e9couvrir.\n    <\/p>\n<p>                <img  data- alt=\"Le Figaro\" class=\"fig-img--complete fig-img\"\/><\/p>\n<p class=\"fig-premium-paywall__title\">Vente Flash<\/p>\n<p class=\"fig-premium-paywall__subtitle\">3,99\u20ac par mois pendant 12 mois. Sans engagement.<\/p>\n<p class=\"fig-premium-paywall__connect\">\n                D\u00e9j\u00e0 abonn\u00e9\u00a0?                <a class=\"fig-premium-paywall__connect-link\" href=\"https:\/\/connect.lefigaro.fr\/login?client=horizon_web&amp;type=main&amp;redirect_uri=https%3A%2F%2Fwww.lefigaro.fr%2Fpolitique%2Fgiorgia-meloni-de-paria-postfasciste-a-modele-des-droites-francaises-20250609\" data-js-gtm=\"{&quot;customCategorie&quot;: &quot;conversion&quot;, &quot;customAction&quot;: &quot;before_Landing_Connexion_paywall_auto&quot;, &quot;customLabel&quot;: &quot;bGVmaWdhcm8uZnJfXzFmMDQyMWM4LWM4YTUtNjcyOC04NzVkLWNiMGEyYWY1YzcwNl9fQXJ0aWNsZQ==_Giorgia Meloni, de paria \u00abpostfasciste\u00bb \u00e0 mod\u00e8le des droites fran\u00e7aises_479&quot;, &quot;customIDSPE&quot;: &quot;bGVmaWdhcm8uZnJfXzFmMDQyMWM4LWM4YTUtNjcyOC04NzVkLWNiMGEyYWY1YzcwNl9fQXJ0aWNsZQ==&quot;, &quot;event&quot;: &quot;customEventSPE&quot;}\" target=\"_blank\" rel=\"noopener\"><br \/>\n                    Connectez-vous<br \/>\n                <\/a>\n            <\/p>\n","protected":false},"excerpt":{"rendered":"ANALYSE &#8211; De Bruno Retailleau \u00e0 \u00c9douard Philippe en passant par Jordan Bardella, nombre de personnalit\u00e9s en vue&hellip;\n","protected":false},"author":2,"featured_media":164869,"comment_status":"","ping_status":"","sticky":false,"template":"","format":"standard","meta":{"footnotes":""},"categories":[5],"tags":[11,426,427,422,423,1073,1011,27,3044,418,424,425,14,452,420,421,12,419,316,429,428,28],"class_list":{"0":"post-164868","1":"post","2":"type-post","3":"status-publish","4":"format-standard","5":"has-post-thumbnail","7":"category-international","8":"tag-actualites","9":"tag-candidat","10":"tag-candidats","11":"tag-depute","12":"tag-deputes","13":"tag-emmanuel-macron","14":"tag-fr","15":"tag-france","16":"tag-giorgia-meloni","17":"tag-gouvernement","18":"tag-institution","19":"tag-institutions","20":"tag-international","21":"tag-italie","22":"tag-loi","23":"tag-lois","24":"tag-news","25":"tag-opposition","26":"tag-politique","27":"tag-ps","28":"tag-ump","29":"tag-world"},"share_on_mastodon":{"url":"https:\/\/pubeurope.com\/@fr\/114657291410893024","error":""},"_links":{"self":[{"href":"https:\/\/www.europesays.com\/fr\/wp-json\/wp\/v2\/posts\/164868","targetHints":{"allow":["GET"]}}],"collection":[{"href":"https:\/\/www.europesays.com\/fr\/wp-json\/wp\/v2\/posts"}],"about":[{"href":"https:\/\/www.europesays.com\/fr\/wp-json\/wp\/v2\/types\/post"}],"author":[{"embeddable":true,"href":"https:\/\/www.europesays.com\/fr\/wp-json\/wp\/v2\/users\/2"}],"replies":[{"embeddable":true,"href":"https:\/\/www.europesays.com\/fr\/wp-json\/wp\/v2\/comments?post=164868"}],"version-history":[{"count":0,"href":"https:\/\/www.europesays.com\/fr\/wp-json\/wp\/v2\/posts\/164868\/revisions"}],"wp:featuredmedia":[{"embeddable":true,"href":"https:\/\/www.europesays.com\/fr\/wp-json\/wp\/v2\/media\/164869"}],"wp:attachment":[{"href":"https:\/\/www.europesays.com\/fr\/wp-json\/wp\/v2\/media?parent=164868"}],"wp:term":[{"taxonomy":"category","embeddable":true,"href":"https:\/\/www.europesays.com\/fr\/wp-json\/wp\/v2\/categories?post=164868"},{"taxonomy":"post_tag","embeddable":true,"href":"https:\/\/www.europesays.com\/fr\/wp-json\/wp\/v2\/tags?post=164868"}],"curies":[{"name":"wp","href":"https:\/\/api.w.org\/{rel}","templated":true}]}}