{"id":164870,"date":"2025-06-10T04:56:10","date_gmt":"2025-06-10T04:56:10","guid":{"rendered":"https:\/\/www.europesays.com\/fr\/164870\/"},"modified":"2025-06-10T04:56:10","modified_gmt":"2025-06-10T04:56:10","slug":"massif-du-mont-blanc-deux-alpinistes-retrouves-morts-au-pied-de-laiguille-de-tricot","status":"publish","type":"post","link":"https:\/\/www.europesays.com\/fr\/164870\/","title":{"rendered":"Massif du Mont-Blanc : deux alpinistes retrouv\u00e9s morts au pied de l\u2019Aiguille de Tricot"},"content":{"rendered":"<p class=\"paragraph text_align_left\">Deux alpinistes ont \u00e9t\u00e9 retrouv\u00e9s morts au pied de l\u2019Aiguille de Tricot dans le massif du <a href=\"https:\/\/www.leparisien.fr\/environnement\/480559-m-le-mont-blanc-mais-au-fait-comment-le-mesure-t-on-05-10-2023-4XRCMFL5QFE3BCCHQTX6X7TTFE.php\" target=\"_self\" rel=\"nofollow noopener\">Mont-Blanc,<\/a> a-t-on appris lundi aupr\u00e8s des secours. Ils pourraient avoir d\u00e9viss\u00e9 en traversant au-dessus du refuge Durier, selon <a href=\"https:\/\/www.francebleu.fr\/infos\/faits-divers-justice\/mont-blanc-deux-alpinistes-retrouves-morts-au-pied-de-l-aiguille-de-tricot-8305776\" target=\"_self\" rel=\"nofollow noopener\">Ici<\/a>. Les circonstances pr\u00e9cises de l\u2019accident restent \u00e0 d\u00e9terminer.<\/p>\n<p class=\"paragraph text_align_left\">Ce sont deux autres alpinistes qui ont d\u00e9couvert les corps et ont donn\u00e9 l\u2019alerte vers 12h45, a indiqu\u00e9 le PGHM (peloton de<a href=\"https:\/\/www.leparisien.fr\/etudiant\/orientation\/guide-metiers\/metier-gendarme-en-montagne\/\" target=\"_self\" rel=\"nofollow noopener\"> gendarmerie de haute montagne<\/a>) de Chamonix, en Haute-Savoie.<\/p>\n<p class=\"paragraph text_align_left\">Les victimes sont un homme et une femme d\u2019une quarantaine d\u2019ann\u00e9es selon la m\u00eame source qui pr\u00e9cise que les corps sont en cours d\u2019identification.<\/p>\n<p class=\"paragraph text_align_left\">Durant le week-end prolong\u00e9 de la Pentec\u00f4te, le PGHM de Chamonix a effectu\u00e9 plus d\u2019une trentaine de sorties. C\u2019est beaucoup mais pas inhabituel en cette p\u00e9riode, selon Ici. <\/p>\n","protected":false},"excerpt":{"rendered":"Deux alpinistes ont \u00e9t\u00e9 retrouv\u00e9s morts au pied de l\u2019Aiguille de Tricot dans le massif du Mont-Blanc, a-t-on&hellip;\n","protected":false},"author":2,"featured_media":164871,"comment_status":"","ping_status":"","sticky":false,"template":"","format":"standard","meta":{"footnotes":""},"categories":[4],"tags":[11,459,118,1011,27,12,25],"class_list":{"0":"post-164870","1":"post","2":"type-post","3":"status-publish","4":"format-standard","5":"has-post-thumbnail","7":"category-france","8":"tag-actualites","9":"tag-departements-horsidfo","10":"tag-faits-divers","11":"tag-fr","12":"tag-france","13":"tag-news","14":"tag-republique-francaise"},"share_on_mastodon":{"url":"https:\/\/pubeurope.com\/@fr\/114657295370770610","error":""},"_links":{"self":[{"href":"https:\/\/www.europesays.com\/fr\/wp-json\/wp\/v2\/posts\/164870","targetHints":{"allow":["GET"]}}],"collection":[{"href":"https:\/\/www.europesays.com\/fr\/wp-json\/wp\/v2\/posts"}],"about":[{"href":"https:\/\/www.europesays.com\/fr\/wp-json\/wp\/v2\/types\/post"}],"author":[{"embeddable":true,"href":"https:\/\/www.europesays.com\/fr\/wp-json\/wp\/v2\/users\/2"}],"replies":[{"embeddable":true,"href":"https:\/\/www.europesays.com\/fr\/wp-json\/wp\/v2\/comments?post=164870"}],"version-history":[{"count":0,"href":"https:\/\/www.europesays.com\/fr\/wp-json\/wp\/v2\/posts\/164870\/revisions"}],"wp:featuredmedia":[{"embeddable":true,"href":"https:\/\/www.europesays.com\/fr\/wp-json\/wp\/v2\/media\/164871"}],"wp:attachment":[{"href":"https:\/\/www.europesays.com\/fr\/wp-json\/wp\/v2\/media?parent=164870"}],"wp:term":[{"taxonomy":"category","embeddable":true,"href":"https:\/\/www.europesays.com\/fr\/wp-json\/wp\/v2\/categories?post=164870"},{"taxonomy":"post_tag","embeddable":true,"href":"https:\/\/www.europesays.com\/fr\/wp-json\/wp\/v2\/tags?post=164870"}],"curies":[{"name":"wp","href":"https:\/\/api.w.org\/{rel}","templated":true}]}}