{"id":164874,"date":"2025-06-10T04:58:08","date_gmt":"2025-06-10T04:58:08","guid":{"rendered":"https:\/\/www.europesays.com\/fr\/164874\/"},"modified":"2025-06-10T04:58:08","modified_gmt":"2025-06-10T04:58:08","slug":"saint-etienne-apres-un-an-quel-bilan-pour-les-trois-ducs","status":"publish","type":"post","link":"https:\/\/www.europesays.com\/fr\/164874\/","title":{"rendered":"Saint-\u00c9tienne : apr\u00e8s un an, quel bilan pour Les Trois Ducs ?"},"content":{"rendered":"<p>Depuis mars 2024, le caf\u00e9-th\u00e9\u00e2tre \u00ab\u00a0Les Trois Ducs\u00a0\u00bb a propos\u00e9 aux Lig\u00e9riens plus de 80 spectacles d&rsquo;humour. Quel bilan apr\u00e8s plus d&rsquo;un an d&rsquo;existence ?<\/p>\n<p>Ce nouveau temple de l&rsquo;humour, situ\u00e9 au <a class=\"url\" href=\"https:\/\/www.radioscoop.com\/infos\/saint-etienne-les-trois-ducs-le-nouveau-cafe-theatre-deja-incontournable_315708\" target=\"_blank\" rel=\"noopener\">48 rue Michelet \u00e0 Saint-\u00c9tienne<\/a>, cristallisait de grandes attentes au moment de son ouverture.\u00a0\u00a0<\/p>\n<p><b>Le concept \u00e9tait in\u00e9dit :<\/b> proposer un caf\u00e9-th\u00e9\u00e2tre, o\u00f9 les spectateurs et les artistes pouvaient discuter autour d&rsquo;un verre apr\u00e8s la repr\u00e9sentation.<\/p>\n<p>La programmation des Trois Ducs a s\u00e9duit\u00a0<\/p>\n<p>Pour une premi\u00e8re ann\u00e9e, les trois associ\u00e9s <b>Simon Javelle, Mathou Can et Mathieu Bray<\/b> ont voulu voir les choses en grand. <\/p>\n<p>Ils ont ouvert leur carnet d&rsquo;adresses pour proposer aux St\u00e9phanois de grands noms du stand-up.\u00a0<\/p>\n<p><b>Jason Chicandier, Mc Pampille, Paul de Saint-Sernin, Laurent Baffie, Pierre Richard<\/b> ou encore <b>Titoff <\/b>ont tous foul\u00e9 la sc\u00e8ne st\u00e9phanoise.\u00a0<\/p>\n<p>L&rsquo;objectif initial pour faire d\u00e9coller le projet \u00e9tait de<b> trois ans<\/b>, mais le succ\u00e8s a \u00e9t\u00e9 imm\u00e9diat.<\/p>\n<p>Simon Javelle ne boude pas son plaisir.\u00a0<\/p>\n<blockquote><p>\u00ab\u00a0Je rappelle toujours qu&rsquo;une heure avant l&rsquo;ouverture du lieu, on \u00e9tait encore en train de peindre les toilettes. Tout s&rsquo;est fait rapidement et on a toujours cette appr\u00e9hension, au d\u00e9but, de savoir si l&rsquo;ambiance qu&rsquo;on propose au public va plaire. Au final, les gens se sentent en s\u00e9curit\u00e9, ils ont envie de passer un bon moment. On est juste content de voir qu&rsquo;ils s&rsquo;approprient ce lieu qui manquait \u00e0 Saint-\u00c9tienne. C&rsquo;est une grosse satisfaction, mais on sait que rien n&rsquo;est jamais acquis donc on est attentif pour la suite.\u00a0\u00bb\u00a0<\/p><\/blockquote>\n<p>Avant de cl\u00f4turer officiellement cette premi\u00e8re saison, <a class=\"url\" href=\"https:\/\/billetterie.lestroisducs.fr\/\" target=\"_blank\" rel=\"noopener\">il reste encore cinq dates ouvertes au public<\/a>. Le caf\u00e9-th\u00e9\u00e2tre a cependant d\u00e9j\u00e0 d\u00e9voil\u00e9 sa programmation pour l&rsquo;automne 2025.<\/p>\n<p>Du nouveau pour les Trois Ducs<\/p>\n<p>Au total, <b>33 spectacles de septembre \u00e0 d\u00e9cembre,<\/b> avec des t\u00eates d&rsquo;affiches comme Geremy Cr\u00e9deville, Philippe Man\u0153uvre ou encore Thomas Marty&#8230;  <\/p>\n<p>Et il y aura aussi <b>quelques changements<\/b>, selon Simon Javelle.\u00a0<\/p>\n<blockquote><p>\u00ab\u00a0Pour ces nouveaux rendez-vous, on va accentuer le th\u00e9\u00e2tre bas\u00e9 sur l&rsquo;humour avec la compagnie Crazy, on va faire aussi des \u00ab\u00a0Gaga Com\u00e9die.On va reconduire le \u00ab\u00a0Com\u00e9die Club\u00a0\u00bb des Trois Ducs et les \u00ab\u00a0Gaga Fights\u00a0\u00bb assur\u00e9 par La LISA. Il y a aussi un objectif \u00e0 moyen terme, c&rsquo;est de faire de la musique ! On a quelques travaux \u00e0 faire avant de lancer ce projet. Enfin la grande nouveaut\u00e9, ce sont les cours de th\u00e9atre !\u00a0\u00bb<\/p><\/blockquote>\n<p>Les inscriptions pour ces cours de th\u00e9\u00e2tre vont ouvrir durant l&rsquo;\u00e9t\u00e9 2025. Une quinzaine de places seront \u00e0 prendre, avec une licence \u00e0 500 euros l&rsquo;ann\u00e9e.\u00a0<\/p>\n<p>Les cours auront lieu<b> tous les lundis de 19h \u00e0 21h<\/b>, tandis qu&rsquo;un spectacle de fin d&rsquo;ann\u00e9e aura lieu au caf\u00e9-th\u00e9\u00e2tre \u00ab\u00a0Les Trois Ducs\u00a0\u00bb en juin 2026 !<\/p>\n<p><\/p>\n","protected":false},"excerpt":{"rendered":"Depuis mars 2024, le caf\u00e9-th\u00e9\u00e2tre \u00ab\u00a0Les Trois Ducs\u00a0\u00bb a propos\u00e9 aux Lig\u00e9riens plus de 80 spectacles d&rsquo;humour. Quel&hellip;\n","protected":false},"author":2,"featured_media":164875,"comment_status":"","ping_status":"","sticky":false,"template":"","format":"standard","meta":{"footnotes":""},"categories":[9653],"tags":[1111,11,2430,29820,1777,674,1011,27,708,29821,3367,12,25,4001,3140,29822],"class_list":{"0":"post-164874","1":"post","2":"type-post","3":"status-publish","4":"format-standard","5":"has-post-thumbnail","7":"category-saint-etienne","8":"tag-actu","9":"tag-actualites","10":"tag-auvergne-rhone-alpes","11":"tag-caf-thatre","12":"tag-eu","13":"tag-europe","14":"tag-fr","15":"tag-france","16":"tag-humour","17":"tag-les-trois-ducs","18":"tag-loire","19":"tag-news","20":"tag-republique-francaise","21":"tag-saint-etienne","22":"tag-spectacle","23":"tag-thatre"},"share_on_mastodon":{"url":"https:\/\/pubeurope.com\/@fr\/114657303324459830","error":""},"_links":{"self":[{"href":"https:\/\/www.europesays.com\/fr\/wp-json\/wp\/v2\/posts\/164874","targetHints":{"allow":["GET"]}}],"collection":[{"href":"https:\/\/www.europesays.com\/fr\/wp-json\/wp\/v2\/posts"}],"about":[{"href":"https:\/\/www.europesays.com\/fr\/wp-json\/wp\/v2\/types\/post"}],"author":[{"embeddable":true,"href":"https:\/\/www.europesays.com\/fr\/wp-json\/wp\/v2\/users\/2"}],"replies":[{"embeddable":true,"href":"https:\/\/www.europesays.com\/fr\/wp-json\/wp\/v2\/comments?post=164874"}],"version-history":[{"count":0,"href":"https:\/\/www.europesays.com\/fr\/wp-json\/wp\/v2\/posts\/164874\/revisions"}],"wp:featuredmedia":[{"embeddable":true,"href":"https:\/\/www.europesays.com\/fr\/wp-json\/wp\/v2\/media\/164875"}],"wp:attachment":[{"href":"https:\/\/www.europesays.com\/fr\/wp-json\/wp\/v2\/media?parent=164874"}],"wp:term":[{"taxonomy":"category","embeddable":true,"href":"https:\/\/www.europesays.com\/fr\/wp-json\/wp\/v2\/categories?post=164874"},{"taxonomy":"post_tag","embeddable":true,"href":"https:\/\/www.europesays.com\/fr\/wp-json\/wp\/v2\/tags?post=164874"}],"curies":[{"name":"wp","href":"https:\/\/api.w.org\/{rel}","templated":true}]}}