{"id":164876,"date":"2025-06-10T04:59:16","date_gmt":"2025-06-10T04:59:16","guid":{"rendered":"https:\/\/www.europesays.com\/fr\/164876\/"},"modified":"2025-06-10T04:59:16","modified_gmt":"2025-06-10T04:59:16","slug":"saint-etienne-jean-claude-dusse-des-gendarmes-un-requin-un-ete-culte-sur-grand-ecran","status":"publish","type":"post","link":"https:\/\/www.europesays.com\/fr\/164876\/","title":{"rendered":"Saint-\u00c9tienne. Jean-Claude Dusse, des gendarmes, un requin\u2026 un \u00e9t\u00e9 culte sur grand \u00e9cran"},"content":{"rendered":"<p>Panique \u00e0 Amity Island\u00a0! Une jeune fille a disparu en mer pendant une f\u00eate et ses restes viennent d\u2019\u00eatre d\u00e9couverts sur la plage de la station baln\u00e9aire. Le m\u00e9decin l\u00e9giste conclut \u00e0 un accident. Mais Martin Brody (Roy Scheider) a une autre piste. Un aileron d\u00e9passant de l\u2019eau, les jours suivants, lui donnera raison\u2026<\/p>\n<p>  Louis de Fun\u00e8s, <a href=\"https:\/\/www.leprogres.fr\/p\/alain-delon\" target=\"_blank\" rel=\"nofollow noopener\">Alain Delon<\/a> et Meryl Streep<\/p>\n<p>(Re) voir Les Dents de la mer (1975) sur grand \u00e9cran. L\u2019exp\u00e9rience est tentante m\u00eame si \u00ab\u00a0c\u2019est \u00e0 la fois g\u00e9nial et affreux de visionner ce film avant de partir en vacances parce qu\u2019apr\u00e8s t\u2019y penses \u00e0 chaque minute quand tu te baignes\u00a0\u00bb, plaisante Sylvain Pichon, co-directeur et programmateur des M\u00e9li\u00e8s \u00e0 Saint-\u00c9tienne.<\/p>\n<p>Le tout premier chef-d\u2019\u0153uvre de <a href=\"https:\/\/www.leprogres.fr\/p\/steven-spielberg\" target=\"_blank\" rel=\"nofollow noopener\">Steven Spielberg<\/a> est l\u2019un des quatorze longs-m\u00e9trages s\u00e9lectionn\u00e9s par les deux \u00e9tablissements st\u00e9phanois pour sa th\u00e9matique \u00ab\u00a0L\u2019\u00c9t\u00e9 au cin\u00e9\u00a0\u00bb (du 14\u00a0juin au 27\u00a0ao\u00fbt) (1).<\/p>\n<p>Des fictions estivales \u00e0 d\u00e9couvrir en copies num\u00e9riques\u00a0: \u00ab\u00a0Tout au long de l\u2019ann\u00e9e, on a des cases \u201cM\u00e9li\u00e8s classiques\u201d et des cases \u201cM\u00e9li\u00e8s Cultes\u201d. On a donn\u00e9 \u00e0 ces cases une couleur particuli\u00e8re pour l\u2019\u00e9t\u00e9. L\u2019id\u00e9e, c\u2019est de proposer une programmation qui donne envie au public de venir d\u00e9guster des films bien au frais, dans une salle climatis\u00e9e\u00a0\u00bb.<\/p>\n<p>Et les d\u00e9gustations sur le sable chaud et les fortes chaleurs se d\u00e9clineront dans plusieurs genres. Les amateurs de septi\u00e8me art auront le choix entre les p\u00e9rip\u00e9ties du mar\u00e9chal des logis-chef Cruchot (Louis de Fun\u00e8s) en pleine chasse aux nudistes trop\u00e9ziens (1965) et les jeux de s\u00e9ductions dangereux au sein du quatuor Alain Delon-Romy Schneider-Maurice Ronet-<a href=\"https:\/\/www.leprogres.fr\/p\/jane-birkin\" target=\"_blank\" rel=\"nofollow noopener\">Jane Birkin<\/a> autour d\u2019une Piscine (1969, de Jacques Deray).<\/p>\n<p>Ou encore entre l\u2019idylle du duo <a href=\"https:\/\/www.leprogres.fr\/p\/clint-eastwood\" target=\"_blank\" rel=\"nofollow noopener\">Clint Eastwood<\/a>-Meryl Streep dans le comt\u00e9 de Madison (1995) et le regard admiratif du jeune Marcel Pagnol pour son papa venant d\u2019abattre deux bartavelles au c\u0153ur du massif du Garlaban (La Gloire de mon p\u00e8re , d\u2019Yves Robert, 1990). \u00ab\u00a0On essaie d\u2019\u00eatre \u00e9clectiques avec des films cultes et des plus pointus et moins connus comme Monika (1953), d\u2019Ingmar Bergman\u00a0\u00bb, assure Sylvain Pichon.<\/p>\n<p>  \u00ab Nos Jours heureux  a \u00e9t\u00e9 choisi par nos ambassadeurs 15-25 ans\u00a0\u00bb<\/p>\n<p>Le cin\u00e9ma ind\u00e9pendant art &amp; essai a aussi programm\u00e9 Jardin d\u2019\u00e9t\u00e9 (1994), de Shinji Somai (\u00ab\u00a0un r\u00e9alisateur qu\u2019on red\u00e9couvre parce que le distributeur Survivance r\u00e9\u00e9dite son \u0153uvre petit \u00e0 petit\u00a0\u00bb) et Moonrise Kingdom (2012)\u00a0: \u00ab\u00a0Avec la sortie du nouveau Wes Anderson ( The Phoenician Scheme ), il n\u2019\u00e9tait pas inint\u00e9ressant de ressortir ce film-l\u00e0 qui est compl\u00e8tement le film de colonies de vacances d\u2019\u00e9t\u00e9.\u00a0\u00bb<\/p>\n<p>Un autre long-m\u00e9trage sur les colonies de vacances, devenu culte, sera projet\u00e9 dans l\u2019\u00e9tablissement st\u00e9phanois\u00a0: Nos Jours heureux  (2006) du duo \u00c9ric Toledano-Olivier Nakache. \u00ab\u00a0Il a \u00e9t\u00e9 choisi par les Ambassadeurs 15-25 ans du M\u00e9li\u00e8s\u00a0\u00bb, pr\u00e9cise Sylvain Pichon.<\/p>\n<p>Parmi les autres fictions estivales \u00e0 d\u00e9couvrir jusqu\u2019\u00e0 fin ao\u00fbt\u00a0: Le Grand Chemin (1987, de Jean-Loup Hubert), Les Roseaux sauvages (1994, d\u2019Andr\u00e9 T\u00e9chin\u00e9), L\u2019\u00c9t\u00e9 en pente douce (1987, de G\u00e9rard Krawczyk), Le Laur\u00e9at (1968, de Mike Nichols) et Les Bronz\u00e9s (1978, de Patrice Leconte). Que des tubes de l\u2019\u00e9t\u00e9. Et l\u2019occasion de saisir l\u2019inlassable plaisir de voir le peignoir de Jean-Claude Dusse avoir un malaise sur une plage de C\u00f4te d\u2019Ivoire.<\/p>\n<p class=\"note\">(1) \u00ab\u00a0L\u2019\u00c9t\u00e9 au cin\u00e9\u00a0\u00bb, dans les cin\u00e9mas M\u00e9li\u00e8s Jean-Jaur\u00e8s et Saint-Fran\u00e7ois, du 14\u00a0juin au 27\u00a0ao\u00fbt (chaque film est programm\u00e9 une \u00e0 deux semaines pendant cette p\u00e9riode). Horaires et d\u00e9tails de la programmation sur www.lemelies.com.<\/p>\n","protected":false},"excerpt":{"rendered":"Panique \u00e0 Amity Island\u00a0! Une jeune fille a disparu en mer pendant une f\u00eate et ses restes viennent&hellip;\n","protected":false},"author":2,"featured_media":164877,"comment_status":"","ping_status":"","sticky":false,"template":"","format":"standard","meta":{"footnotes":""},"categories":[9653],"tags":[1111,11,2430,650,1687,7539,1777,674,1011,27,3367,12,25,4001,7538],"class_list":{"0":"post-164876","1":"post","2":"type-post","3":"status-publish","4":"format-standard","5":"has-post-thumbnail","7":"category-saint-etienne","8":"tag-actu","9":"tag-actualites","10":"tag-auvergne-rhone-alpes","11":"tag-cinema","12":"tag-culture-loisirs","13":"tag-edition-loire-sud","14":"tag-eu","15":"tag-europe","16":"tag-fr","17":"tag-france","18":"tag-loire","19":"tag-news","20":"tag-republique-francaise","21":"tag-saint-etienne","22":"tag-saint-etienne-ville"},"share_on_mastodon":{"url":"https:\/\/pubeurope.com\/@fr\/114657307090648738","error":""},"_links":{"self":[{"href":"https:\/\/www.europesays.com\/fr\/wp-json\/wp\/v2\/posts\/164876","targetHints":{"allow":["GET"]}}],"collection":[{"href":"https:\/\/www.europesays.com\/fr\/wp-json\/wp\/v2\/posts"}],"about":[{"href":"https:\/\/www.europesays.com\/fr\/wp-json\/wp\/v2\/types\/post"}],"author":[{"embeddable":true,"href":"https:\/\/www.europesays.com\/fr\/wp-json\/wp\/v2\/users\/2"}],"replies":[{"embeddable":true,"href":"https:\/\/www.europesays.com\/fr\/wp-json\/wp\/v2\/comments?post=164876"}],"version-history":[{"count":0,"href":"https:\/\/www.europesays.com\/fr\/wp-json\/wp\/v2\/posts\/164876\/revisions"}],"wp:featuredmedia":[{"embeddable":true,"href":"https:\/\/www.europesays.com\/fr\/wp-json\/wp\/v2\/media\/164877"}],"wp:attachment":[{"href":"https:\/\/www.europesays.com\/fr\/wp-json\/wp\/v2\/media?parent=164876"}],"wp:term":[{"taxonomy":"category","embeddable":true,"href":"https:\/\/www.europesays.com\/fr\/wp-json\/wp\/v2\/categories?post=164876"},{"taxonomy":"post_tag","embeddable":true,"href":"https:\/\/www.europesays.com\/fr\/wp-json\/wp\/v2\/tags?post=164876"}],"curies":[{"name":"wp","href":"https:\/\/api.w.org\/{rel}","templated":true}]}}