{"id":164878,"date":"2025-06-10T05:00:43","date_gmt":"2025-06-10T05:00:43","guid":{"rendered":"https:\/\/www.europesays.com\/fr\/164878\/"},"modified":"2025-06-10T05:00:43","modified_gmt":"2025-06-10T05:00:43","slug":"photos-deambulation-ce-lundi-sur-la-foire-expo-de-nancy","status":"publish","type":"post","link":"https:\/\/www.europesays.com\/fr\/164878\/","title":{"rendered":"Photos. D\u00e9ambulation ce lundi sur la Foire expo de Nancy"},"content":{"rendered":"<p>Ouverte depuis samedi 7 juin, la 89e Foire expo de Nancy a accueilli \u00e9norm\u00e9ment de visiteurs ce lundi de Pentec\u00f4te. L&rsquo;occasion de d\u00e9nicher un appareil pratique, d&rsquo;admirer les inventions du concours L\u00e9pine, de jeter un oeil au plan\u00e9tarium d&rsquo;Epinal, voire de croiser un certain Chris Marques. Clic, clac, c&rsquo;est dans l&rsquo;appareil photo d&rsquo;Alexandre Marchi, photographe de L&rsquo;Est R\u00e9publicain.<\/p>\n","protected":false},"excerpt":{"rendered":"Ouverte depuis samedi 7 juin, la 89e Foire expo de Nancy a accueilli \u00e9norm\u00e9ment de visiteurs ce lundi&hellip;\n","protected":false},"author":2,"featured_media":164879,"comment_status":"","ping_status":"","sticky":false,"template":"","format":"standard","meta":{"footnotes":""},"categories":[9635],"tags":[1111,11,4406,33,1704,1777,674,28012,1011,27,2798,775,1702,12,25,5711],"class_list":{"0":"post-164878","1":"post","2":"type-post","3":"status-publish","4":"format-standard","5":"has-post-thumbnail","7":"category-nancy","8":"tag-actu","9":"tag-actualites","10":"tag-commerce-et-services","11":"tag-economie","12":"tag-edition-nancy-et-agglomeration","13":"tag-eu","14":"tag-europe","15":"tag-foire-exposition-de-nancy","16":"tag-fr","17":"tag-france","18":"tag-galerie-photo","19":"tag-grand-est","20":"tag-nancy","21":"tag-news","22":"tag-republique-francaise","23":"tag-vandoeuvre-les-nancy"},"share_on_mastodon":{"url":"https:\/\/pubeurope.com\/@fr\/114657311020409529","error":""},"_links":{"self":[{"href":"https:\/\/www.europesays.com\/fr\/wp-json\/wp\/v2\/posts\/164878","targetHints":{"allow":["GET"]}}],"collection":[{"href":"https:\/\/www.europesays.com\/fr\/wp-json\/wp\/v2\/posts"}],"about":[{"href":"https:\/\/www.europesays.com\/fr\/wp-json\/wp\/v2\/types\/post"}],"author":[{"embeddable":true,"href":"https:\/\/www.europesays.com\/fr\/wp-json\/wp\/v2\/users\/2"}],"replies":[{"embeddable":true,"href":"https:\/\/www.europesays.com\/fr\/wp-json\/wp\/v2\/comments?post=164878"}],"version-history":[{"count":0,"href":"https:\/\/www.europesays.com\/fr\/wp-json\/wp\/v2\/posts\/164878\/revisions"}],"wp:featuredmedia":[{"embeddable":true,"href":"https:\/\/www.europesays.com\/fr\/wp-json\/wp\/v2\/media\/164879"}],"wp:attachment":[{"href":"https:\/\/www.europesays.com\/fr\/wp-json\/wp\/v2\/media?parent=164878"}],"wp:term":[{"taxonomy":"category","embeddable":true,"href":"https:\/\/www.europesays.com\/fr\/wp-json\/wp\/v2\/categories?post=164878"},{"taxonomy":"post_tag","embeddable":true,"href":"https:\/\/www.europesays.com\/fr\/wp-json\/wp\/v2\/tags?post=164878"}],"curies":[{"name":"wp","href":"https:\/\/api.w.org\/{rel}","templated":true}]}}